{"id":7305,"date":"2021-05-26T18:45:19","date_gmt":"2021-05-26T17:45:19","guid":{"rendered":"http:\/\/boomer.pt\/inteligenciaartificialdesigners\/"},"modified":"2021-05-26T18:45:19","modified_gmt":"2021-05-26T17:45:19","slug":"inteligenciaartificialdesigners","status":"publish","type":"post","link":"https:\/\/boomer.pt\/raiodoblog\/inteligenciaartificialdesigners\/","title":{"rendered":"Ser\u00e1 a Intelig\u00eancia Artificial inimiga dos designers?"},"content":{"rendered":"\t\t<div data-elementor-type=\"wp-post\" data-elementor-id=\"7305\" class=\"elementor elementor-7305\" data-elementor-post-type=\"post\">\n\t\t\t\t\t\t<section class=\"elementor-section elementor-top-section elementor-element elementor-element-2496f616 elementor-section-boxed elementor-section-height-default elementor-section-height-default\" data-id=\"2496f616\" data-element_type=\"section\" data-e-type=\"section\">\n\t\t\t\t\t\t<div class=\"elementor-container elementor-column-gap-default\">\n\t\t\t\t\t<div class=\"elementor-column elementor-col-100 elementor-top-column elementor-element elementor-element-54cabd0d\" data-id=\"54cabd0d\" data-element_type=\"column\" data-e-type=\"column\">\n\t\t\t<div class=\"elementor-widget-wrap elementor-element-populated\">\n\t\t\t\t\t\t<div class=\"elementor-element elementor-element-b9dbe8e elementor-widget elementor-widget-theme-post-title elementor-page-title elementor-widget-heading\" data-id=\"b9dbe8e\" data-element_type=\"widget\" data-e-type=\"widget\" data-widget_type=\"theme-post-title.default\">\n\t\t\t\t<div class=\"elementor-widget-container\">\n\t\t\t\t\t<h1 class=\"elementor-heading-title elementor-size-default\">Ser\u00e1 a Intelig\u00eancia Artificial inimiga dos designers?<\/h1>\t\t\t\t<\/div>\n\t\t\t\t<\/div>\n\t\t\t\t<div class=\"elementor-element elementor-element-1bfaff1a elementor-widget elementor-widget-text-editor\" data-id=\"1bfaff1a\" data-element_type=\"widget\" data-e-type=\"widget\" data-widget_type=\"text-editor.default\">\n\t\t\t\t<div class=\"elementor-widget-container\">\n\t\t\t\t\t\t\t\t\t<figure>A IA n\u00e3o \u00e9 nada mais do que uma tecnologia desenhada para ensinar aos computadores as capacidades cognitivas do ser humano, para que estes possam tamb\u00e9m pensar e imitar as nossas a\u00e7\u00f5es<\/figure><figure><br><\/figure>\n<p style=\"text-align: justify;\">\n<\/p><p style=\"text-align: justify;\"><img fetchpriority=\"high\" decoding=\"async\" class=\" size-full wp-image-7299\" src=\"http:\/\/boomer.pt\/wp-content\/uploads\/2022\/08\/w34_IA_inimiga_designers.png\" alt=\"\" width=\"2001\" height=\"1001\" srcset=\"https:\/\/boomer.pt\/raiodoblog\/wp-content\/uploads\/2022\/08\/w34_IA_inimiga_designers.png 2001w, https:\/\/boomer.pt\/raiodoblog\/wp-content\/uploads\/2022\/08\/w34_IA_inimiga_designers-300x150.png 300w, https:\/\/boomer.pt\/raiodoblog\/wp-content\/uploads\/2022\/08\/w34_IA_inimiga_designers-1024x512.png 1024w, https:\/\/boomer.pt\/raiodoblog\/wp-content\/uploads\/2022\/08\/w34_IA_inimiga_designers-768x384.png 768w, https:\/\/boomer.pt\/raiodoblog\/wp-content\/uploads\/2022\/08\/w34_IA_inimiga_designers-1536x768.png 1536w, https:\/\/boomer.pt\/raiodoblog\/wp-content\/uploads\/2022\/08\/w34_IA_inimiga_designers-1568x784.png 1568w\" sizes=\"(max-width: 2001px) 100vw, 2001px\" \/><\/p>\n<p style=\"text-align: justify;\">\n<\/p><p><span style=\"font-weight: 400;\"><br><\/span><\/p><p><span style=\"font-weight: 400;\">Nas \u00faltimas d\u00e9cadas, a tecnologia tem transformado as nossas vidas de formas que nunca ter\u00edamos imaginado no passado. As grandes empresas da \u00e1rea digital t\u00eam apostado no desenvolvimento de novas tecnologias, como \u00e9 o caso da Intelig\u00eancia Artificial (IA), nomeadamente no \u201cmachine learning\u201d.<\/span><\/p><p><span style=\"font-weight: 400;\"><br><\/span><\/p>\n<p style=\"text-align: justify;\">\n<\/p><p><span style=\"font-weight: 400;\">A IA n\u00e3o \u00e9 nada mais do que uma tecnologia desenhada para ensinar aos computadores as capacidades cognitivas do ser humano, para que estes possam tamb\u00e9m pensar e imitar as nossas a\u00e7\u00f5es. Desta forma, as m\u00e1quinas conseguem executar tarefas que normalmente necessitam de intelig\u00eancia e discernimento humano, tais como percep\u00e7\u00e3o visual, reconhecimento de voz, tradu\u00e7\u00e3o de idiomas e tomada de decis\u00f5es.<\/span><\/p>\n<p><span style=\"font-weight: 400;\">&nbsp;<\/span><\/p>\n<p><span style=\"font-weight: 400;\">Com o passar do tempo, os algoritmos s\u00e3o expostos a uma enorme quantidade de informa\u00e7\u00e3o, que \u00e9 processada pelos mesmos, o que permite treinar o reconhecimento desses dados pela m\u00e1quina e consequentemente melhorar o seu desempenho no futuro.<\/span><\/p><p><span style=\"font-weight: 400;\"><br><\/span><\/p>\n<p style=\"text-align: justify;\">\n<\/p><p><span style=\"font-weight: 400;\"><img decoding=\"async\" class=\"size-full wp-image-7300 lazyload\" data-src=\"http:\/\/boomer.pt\/wp-content\/uploads\/2022\/08\/nutella_packaging.jpg\" alt=\"\" width=\"1320\" height=\"660\" data-srcset=\"https:\/\/boomer.pt\/raiodoblog\/wp-content\/uploads\/2022\/08\/nutella_packaging.jpg 1320w, https:\/\/boomer.pt\/raiodoblog\/wp-content\/uploads\/2022\/08\/nutella_packaging-300x150.jpg 300w, https:\/\/boomer.pt\/raiodoblog\/wp-content\/uploads\/2022\/08\/nutella_packaging-1024x512.jpg 1024w, https:\/\/boomer.pt\/raiodoblog\/wp-content\/uploads\/2022\/08\/nutella_packaging-768x384.jpg 768w\" data-sizes=\"(max-width: 1320px) 100vw, 1320px\" src=\"data:image\/gif;base64,R0lGODlhAQABAAAAACH5BAEKAAEALAAAAAABAAEAAAICTAEAOw==\" style=\"--smush-placeholder-width: 1320px; --smush-placeholder-aspect-ratio: 1320\/660;\" \/><\/span><\/p>\n<p style=\"text-align: justify;\">\n<\/p><p><span style=\"font-weight: 400;\"><br><\/span><\/p><p><span style=\"font-weight: 400;\">J\u00e1 em 2017, a Nutella utilizou um algoritmo para criar 7 milh\u00f5es de padr\u00f5es \u00fanicos para cada embalagem, sobre a al\u00e7ada do projeto \u201cNutella Unica\u201d, desenvolvido pela ag\u00eancia Ogilvy. Estes frascos foram vendidos nos supermercados de It\u00e1lia e esgotaram no per\u00edodo de um m\u00eas.<\/span><\/p><p><span style=\"font-weight: 400;\"><br><\/span><\/p>\n<p style=\"text-align: justify;\">\n<\/p><p><span style=\"font-weight: 400;\">Preveem-se, contudo, poss\u00edveis graves problemas derivados deste desenvolvimento: acredita-se que a automa\u00e7\u00e3o ir\u00e1 ser usada por toda a parte e que a intelig\u00eancia artificial ir\u00e1 substituir os empregos do ser humano. A \u00e1rea do Design n\u00e3o \u00e9 exce\u00e7\u00e3o. A convers\u00e3o de texto em imagem era, at\u00e9 muito recentemente, um processo que demorava bastante tempo, mas, neste momento, a m\u00e1quina j\u00e1 consegue faz\u00ea-lo em poucos segundos, o que vem comprovar as capacidades de sistemas como o <\/span><i><span style=\"font-weight: 400;\">Imagen<\/span><\/i><span style=\"font-weight: 400;\">, da Google, o NVIDIA Canvas ou, a que vamos abordar neste artigo, o DALL-E 2.<\/span><\/p>\n<p style=\"text-align: justify;\">\n<\/p><p><span style=\"font-weight: 400;\">Este sistema inovador de IA aprendeu a rela\u00e7\u00e3o entre a imagem e o texto usado para a descrever. Desta forma, consegue criar novas imagens a partir de uma breve descri\u00e7\u00e3o textual, gra\u00e7as ao \u201cmachine learning\u201d e ao conhecimento obtido na grande quantidade de outras imagens analisadas anteriormente. Tudo o que precisamos de fazer para criar uma imagem original e \u00fanica \u00e9 explicar a ideia ao software, descrevendo-a com o maior detalhe poss\u00edvel, podendo at\u00e9 definir o estilo visual, seja este arte digital, renderiza\u00e7\u00e3o 3D ou at\u00e9 ao estilo de Van Gogh.<\/span><\/p><p><span style=\"font-weight: 400;\"><br><\/span><\/p>\n<p style=\"text-align: justify;\">\n<\/p><p><span style=\"font-weight: 400;\">O DALL-E 2 ainda n\u00e3o est\u00e1 dispon\u00edvel para o p\u00fablico em geral, mas a empresa de investiga\u00e7\u00e3o e desenvolvimento criadora do sistema, a OpenAI, est\u00e1 a expandir o acesso a um maior n\u00famero de pessoas na lista de espera, com expectativas de atingirem um milh\u00e3o de utilizadores at\u00e9 ao final do ano 2022. Visto que o DALL-E 2 possibilita muitas aplica\u00e7\u00f5es a n\u00edvel de Design e Marketing, quando esta ferramenta estiver dispon\u00edvel para todo o p\u00fablico, certamente vai mudar o mundo do Design!<\/span><\/p><p><span style=\"font-weight: 400;\"><br><\/span><\/p>\n<p style=\"text-align: justify;\">\n<\/p><p><span style=\"font-weight: 400;\">Uma das grandes vantagens desta ferramenta \u00e9 a capacidade de gerar um n\u00famero ilimitado de imagens para qualquer projeto de design. A Boomer criou v\u00e1rias imagens a partir de texto, conforme as legendas, inserido no DALL-E.&nbsp;<\/span>&nbsp;<\/p><p><br><\/p>\n<p><\/p>\n<p><span style=\"font-weight: 400;\"><img decoding=\"async\" class=\"size-full wp-image-7301 lazyload\" data-src=\"http:\/\/boomer.pt\/wp-content\/uploads\/2022\/08\/DALL-E_1.png\" alt=\"\" width=\"1080\" height=\"1080\" data-srcset=\"https:\/\/boomer.pt\/raiodoblog\/wp-content\/uploads\/2022\/08\/DALL-E_1.png 1080w, https:\/\/boomer.pt\/raiodoblog\/wp-content\/uploads\/2022\/08\/DALL-E_1-300x300.png 300w, https:\/\/boomer.pt\/raiodoblog\/wp-content\/uploads\/2022\/08\/DALL-E_1-1024x1024.png 1024w, https:\/\/boomer.pt\/raiodoblog\/wp-content\/uploads\/2022\/08\/DALL-E_1-150x150.png 150w, https:\/\/boomer.pt\/raiodoblog\/wp-content\/uploads\/2022\/08\/DALL-E_1-768x768.png 768w\" data-sizes=\"(max-width: 1080px) 100vw, 1080px\" src=\"data:image\/gif;base64,R0lGODlhAQABAAAAACH5BAEKAAEALAAAAAABAAEAAAICTAEAOw==\" style=\"--smush-placeholder-width: 1080px; --smush-placeholder-aspect-ratio: 1080\/1080;\" \/><img decoding=\"async\" class=\"size-full wp-image-7302 lazyload\" data-src=\"http:\/\/boomer.pt\/wp-content\/uploads\/2022\/08\/DALL-E_2.png\" alt=\"\" width=\"1081\" height=\"1080\" data-srcset=\"https:\/\/boomer.pt\/raiodoblog\/wp-content\/uploads\/2022\/08\/DALL-E_2.png 1081w, https:\/\/boomer.pt\/raiodoblog\/wp-content\/uploads\/2022\/08\/DALL-E_2-300x300.png 300w, https:\/\/boomer.pt\/raiodoblog\/wp-content\/uploads\/2022\/08\/DALL-E_2-1024x1024.png 1024w, https:\/\/boomer.pt\/raiodoblog\/wp-content\/uploads\/2022\/08\/DALL-E_2-150x150.png 150w, https:\/\/boomer.pt\/raiodoblog\/wp-content\/uploads\/2022\/08\/DALL-E_2-768x767.png 768w\" data-sizes=\"(max-width: 1081px) 100vw, 1081px\" src=\"data:image\/gif;base64,R0lGODlhAQABAAAAACH5BAEKAAEALAAAAAABAAEAAAICTAEAOw==\" style=\"--smush-placeholder-width: 1081px; --smush-placeholder-aspect-ratio: 1081\/1080;\" \/><\/span><\/p>\n<p><\/p>\n<p><span style=\"font-weight: 400;\"><br><\/span><\/p><p><span style=\"font-weight: 400;\">Como podemos observar, algumas das imagens aparecem ligeiramente distorcidas, outras bastante desfocadas, ou com montagens visualmente desenquadradas.<\/span><\/p>\n<p><span style=\"font-weight: 400;\"><br><\/span><span style=\"font-weight: 400;\">Ainda assim, n\u00e3o devemos descartar a potencialidade da IA, pois at\u00e9 grande parte da edi\u00e7\u00e3o fotogr\u00e1fica como, por exemplo, a remo\u00e7\u00e3o de fundos, \u00e9 ligeiramente facilitada gra\u00e7as ao algoritmo por tr\u00e1s dos softwares de edi\u00e7\u00e3o de imagem.<\/span><\/p><p><span style=\"font-weight: 400;\"><br><\/span><\/p>\n<p style=\"text-align: justify;\">\n<\/p><p><span style=\"font-weight: 400;\">Infelizmente, n\u00e3o vivemos num mundo perfeito em que todos os objetos ou pessoas numa fotografia est\u00e3o \u00e0 frente de um fundo contrastante ou monocrom\u00e1tico. Muito pelo contr\u00e1rio, na maioria dos casos, certos elementos parecem fundir-se com os fundos, como \u00e9 o caso dos cabelos frisados. Gra\u00e7as \u00e0 evolu\u00e7\u00e3o da tecnologia de reconhecimento visual, o algoritmo consegue analisar a imagem e detectar o objeto principal de uma fotografia, o que torna este processo um pouco mais r\u00e1pido, embora grande parte das vezes ainda necessite de refina\u00e7\u00e3o.<\/span><\/p><p><span style=\"font-weight: 400;\"><br><\/span><\/p>\n<p style=\"text-align: justify;\">\n<\/p><p><span style=\"font-weight: 400;\">Ferramentas como o Depixelizer conseguem facilmente tornar imagens desfocadas e com ru\u00eddo visual em imagens mais limpas e n\u00edtidas. Neste processo, a IA analisa \u00e1reas de pixels e substitui-os por pixels de maior qualidade, restaurando a defini\u00e7\u00e3o dos objetos numa fotografia.<\/span><\/p><p><span style=\"font-weight: 400;\"><br><\/span><\/p>\n<p style=\"text-align: justify;\">\n<\/p><p><span style=\"font-weight: 400;\">A capacidade de ampliar imagens \u00e9 particularmente \u00fatil quando necessitamos de produzir um design para impress\u00e3o, mas apenas temos uma imagem de pouca dimens\u00e3o para trabalhar. Aumentar uma fotografia sem qualquer tipo de otimiza\u00e7\u00e3o visual resulta numa imagem desfocada ou pixelizada, algo que devemos sempre evitar quando estamos a criar materiais para an\u00fancios, uma vez que isso gera menos engagement e taxas de convers\u00e3o mais baixas.<\/span><\/p>\n<p style=\"text-align: justify;\">\n<\/p><p><span style=\"font-weight: 400;\">No entanto, estas ferramentas n\u00e3o s\u00e3o 100% infal\u00edveis, pelo que a IA tem tend\u00eancia para responder sempre com base na informa\u00e7\u00e3o \u00e0 qual foi exposta. Um dos exemplos mais escandalosos \u00e9 esta tentativa de despixelizar uma foto de Barack Obama.<\/span><\/p>\n<p style=\"text-align: justify;\">\n<\/p><p><span style=\"text-align: justify; font-size: 12.16px;\"><img decoding=\"async\" class=\"size-full wp-image-7303 lazyload\" data-src=\"http:\/\/boomer.pt\/wp-content\/uploads\/2022\/08\/face_depixelizer_obama.jpg\" alt=\"\" width=\"1200\" height=\"800\" data-srcset=\"https:\/\/boomer.pt\/raiodoblog\/wp-content\/uploads\/2022\/08\/face_depixelizer_obama.jpg 1200w, https:\/\/boomer.pt\/raiodoblog\/wp-content\/uploads\/2022\/08\/face_depixelizer_obama-300x200.jpg 300w, https:\/\/boomer.pt\/raiodoblog\/wp-content\/uploads\/2022\/08\/face_depixelizer_obama-1024x683.jpg 1024w, https:\/\/boomer.pt\/raiodoblog\/wp-content\/uploads\/2022\/08\/face_depixelizer_obama-768x512.jpg 768w\" data-sizes=\"(max-width: 1200px) 100vw, 1200px\" src=\"data:image\/gif;base64,R0lGODlhAQABAAAAACH5BAEKAAEALAAAAAABAAEAAAICTAEAOw==\" style=\"--smush-placeholder-width: 1200px; --smush-placeholder-aspect-ratio: 1200\/800;\" \/> <\/span><\/p>\n<p><span style=\"font-weight: 400;\">Quando um utilizador carregou uma fotografia pixelizada do ex-presidente, o algoritmo gerou uma imagem de um homem com caracter\u00edsticas caucasianas. A IA n\u00e3o consegue analisar perfeitamente o contexto da imagem, pois trabalha maioritariamente com pixels e, portanto, ocorrem distor\u00e7\u00f5es frequentemente.<\/span><\/p><p><span style=\"font-weight: 400;\"><br><\/span><\/p>\n<p style=\"text-align: justify;\">\n<\/p><p><span style=\"text-align: justify; font-size: 12.16px;\"><img decoding=\"async\" class=\"size-full wp-image-7304 lazyload\" data-src=\"http:\/\/boomer.pt\/wp-content\/uploads\/2022\/08\/nvidia_studio_canvas.jpg\" alt=\"\" width=\"850\" height=\"435\" data-srcset=\"https:\/\/boomer.pt\/raiodoblog\/wp-content\/uploads\/2022\/08\/nvidia_studio_canvas.jpg 850w, https:\/\/boomer.pt\/raiodoblog\/wp-content\/uploads\/2022\/08\/nvidia_studio_canvas-300x154.jpg 300w, https:\/\/boomer.pt\/raiodoblog\/wp-content\/uploads\/2022\/08\/nvidia_studio_canvas-768x393.jpg 768w\" data-sizes=\"(max-width: 850px) 100vw, 850px\" src=\"data:image\/gif;base64,R0lGODlhAQABAAAAACH5BAEKAAEALAAAAAABAAEAAAICTAEAOw==\" style=\"--smush-placeholder-width: 850px; --smush-placeholder-aspect-ratio: 850\/435;\" \/> <\/span><\/p>\n<p><span style=\"font-weight: 400;\"><br><\/span><\/p><p><span style=\"font-weight: 400;\">O NVIDIA Canvas, neste momento, trabalha apenas com paisagens, mas consegue tornar pinceladas simples em imagens bastante realistas. Embora esta ferramenta possa ser uma amea\u00e7a para os bancos de stock, tamb\u00e9m abre portas para os criativos trazerem as suas ideias \u00e0 vida, mesmo sem terem habilidades para fotografar ou desenhar.<\/span><\/p>\n<p style=\"text-align: justify;\">\n<\/p><p><span style=\"font-weight: 400;\">Este tipo de ferramentas t\u00eam a possibilidade de melhorar a produtividade dos designers, para que se foquem em tarefas menos mundanas, que requerem criatividade e n\u00e3o horas de trabalho doloroso. Com um mercado cada vez mais competitivo, os designers v\u00e3o necessitar de expandir o seu conhecimento para que possam contribuir em contextos multidisciplinares, o que, possivelmente, ir\u00e1 alargar ainda mais o espectro de especializa\u00e7\u00f5es.<\/span><\/p>\n<p><span style=\"font-weight: 400;\"><br><\/span><\/p>\n<p style=\"text-align: justify;\">\n<\/p><p><span style=\"font-weight: 400;\">Os designers ainda ser\u00e3o necess\u00e1rios pela sua criatividade e compet\u00eancias de <\/span><i><span style=\"font-weight: 400;\">design thinking, <\/span><\/i><span style=\"font-weight: 400;\">para inventar novos conceitos e ideias que ser\u00e3o capazes de dar \u00e0 vida. Talvez n\u00e3o seja dif\u00edcil imaginar que a posi\u00e7\u00e3o dos designers passar\u00e1 mais por serem curadores, do que criadores.<\/span><\/p>\n<p><span style=\"font-weight: 400;\"><br><\/span><\/p>\n<p style=\"text-align: justify;\">\n<\/p><p><span style=\"font-weight: 400;\">E tu, o que achas do impacto que a Intelig\u00eancia Artificial pode trazer \u00e0s vossas vidas? Consideras que a IA ir\u00e1 amea\u00e7ar as profiss\u00f5es ligadas ao Design e \u00e0 Comunica\u00e7\u00e3o?&nbsp;<\/span><\/p>\n<p><\/p>\t\t\t\t\t\t\t\t<\/div>\n\t\t\t\t<\/div>\n\t\t\t\t\t<\/div>\n\t\t<\/div>\n\t\t\t\t\t<\/div>\n\t\t<\/section>\n\t\t\t\t<section class=\"elementor-section elementor-top-section elementor-element elementor-element-f69ccbf elementor-section-boxed elementor-section-height-default elementor-section-height-default\" data-id=\"f69ccbf\" data-element_type=\"section\" data-e-type=\"section\">\n\t\t\t\t\t\t<div class=\"elementor-container elementor-column-gap-default\">\n\t\t\t\t\t<div class=\"elementor-column elementor-col-100 elementor-top-column elementor-element elementor-element-afa5657\" data-id=\"afa5657\" data-element_type=\"column\" data-e-type=\"column\">\n\t\t\t<div class=\"elementor-widget-wrap elementor-element-populated\">\n\t\t\t\t\t\t<div class=\"elementor-element elementor-element-b3ae43d elementor-widget elementor-widget-template\" data-id=\"b3ae43d\" data-element_type=\"widget\" data-e-type=\"widget\" data-widget_type=\"template.default\">\n\t\t\t\t<div class=\"elementor-widget-container\">\n\t\t\t\t\t\t\t<div class=\"elementor-template\">\n\t\t\t\t\t<div data-elementor-type=\"section\" data-elementor-id=\"17461\" class=\"elementor elementor-17461\" data-elementor-post-type=\"elementor_library\">\n\t\t\t\t\t<section class=\"elementor-section elementor-top-section elementor-element elementor-element-a19dc2b elementor-section-full_width elementor-section-stretched elementor-section-height-default elementor-section-height-default\" data-id=\"a19dc2b\" data-element_type=\"section\" data-e-type=\"section\" data-settings=\"{&quot;background_background&quot;:&quot;classic&quot;,&quot;stretch_section&quot;:&quot;section-stretched&quot;}\">\n\t\t\t\t\t\t<div class=\"elementor-container elementor-column-gap-default\">\n\t\t\t\t\t<div class=\"elementor-column elementor-col-100 elementor-top-column elementor-element elementor-element-6fc81c1\" data-id=\"6fc81c1\" data-element_type=\"column\" data-e-type=\"column\">\n\t\t\t<div class=\"elementor-widget-wrap elementor-element-populated\">\n\t\t\t\t\t\t<div class=\"elementor-element elementor-element-29625fc elementor-widget elementor-widget-heading\" data-id=\"29625fc\" data-element_type=\"widget\" data-e-type=\"widget\" data-widget_type=\"heading.default\">\n\t\t\t\t<div class=\"elementor-widget-container\">\n\t\t\t\t\t<h4 class=\"elementor-heading-title elementor-size-default\">V\u00ea mais artigos deste Autor<\/h4>\t\t\t\t<\/div>\n\t\t\t\t<\/div>\n\t\t\t\t\t<\/div>\n\t\t<\/div>\n\t\t\t\t\t<\/div>\n\t\t<\/section>\n\t\t\t\t<section class=\"elementor-section elementor-top-section elementor-element elementor-element-e0f60f1 elementor-section-full_width elementor-section-stretched elementor-section-height-default elementor-section-height-default\" data-id=\"e0f60f1\" data-element_type=\"section\" data-e-type=\"section\" data-settings=\"{&quot;background_background&quot;:&quot;gradient&quot;,&quot;stretch_section&quot;:&quot;section-stretched&quot;}\">\n\t\t\t\t\t\t<div class=\"elementor-container elementor-column-gap-extended\">\n\t\t\t\t\t<div class=\"elementor-column elementor-col-100 elementor-top-column elementor-element elementor-element-f312511\" data-id=\"f312511\" data-element_type=\"column\" data-e-type=\"column\">\n\t\t\t<div class=\"elementor-widget-wrap elementor-element-populated\">\n\t\t\t\t\t\t<section class=\"elementor-section elementor-inner-section elementor-element elementor-element-347d879 elementor-section-boxed elementor-section-height-default elementor-section-height-default\" data-id=\"347d879\" data-element_type=\"section\" data-e-type=\"section\">\n\t\t\t\t\t\t<div class=\"elementor-container elementor-column-gap-default\">\n\t\t\t\t\t<div class=\"elementor-column elementor-col-50 elementor-inner-column elementor-element elementor-element-7489df5\" data-id=\"7489df5\" data-element_type=\"column\" data-e-type=\"column\">\n\t\t\t<div class=\"elementor-widget-wrap elementor-element-populated\">\n\t\t\t\t\t\t<div class=\"elementor-element elementor-element-0bfe494 elementor-widget elementor-widget-premium-addon-person\" data-id=\"0bfe494\" data-element_type=\"widget\" data-e-type=\"widget\" data-settings=\"{&quot;persons_per_row&quot;:&quot;100%&quot;,&quot;persons_per_row_tablet&quot;:&quot;100%&quot;,&quot;persons_per_row_mobile&quot;:&quot;100%&quot;}\" data-widget_type=\"premium-addon-person.default\">\n\t\t\t\t<div class=\"elementor-widget-container\">\n\t\t\t\t\t\t\t<div class=\"premium-persons-container premium-person-style1 multiple-persons\" data-persons-equal=\"\">\n\t\t\t\t\t\t\t\t<div class=\"premium-person-container premium-person-none-effect\">\n\t\t\t\t\t\t<div class=\"premium-person-image-container\">\n\t\t\t\t\t\t<img decoding=\"async\" width=\"500\" height=\"700\" data-src=\"https:\/\/boomer.pt\/raiodoblog\/wp-content\/uploads\/2023\/11\/fotos_equipa_0004_TO_1.jpg\" class=\"attachment-full size-full wp-image-19982 lazyload\" alt=\"\" data-srcset=\"https:\/\/boomer.pt\/raiodoblog\/wp-content\/uploads\/2023\/11\/fotos_equipa_0004_TO_1.jpg 500w, https:\/\/boomer.pt\/raiodoblog\/wp-content\/uploads\/2023\/11\/fotos_equipa_0004_TO_1-214x300.jpg 214w\" data-sizes=\"(max-width: 500px) 100vw, 500px\" src=\"data:image\/gif;base64,R0lGODlhAQABAAAAACH5BAEKAAEALAAAAAABAAEAAAICTAEAOw==\" style=\"--smush-placeholder-width: 500px; --smush-placeholder-aspect-ratio: 500\/700;\" \/>\t\t\t\t\t\t\t\t\t\t\t\t\t<\/div>\n\t\t\t\t\t\t<div class=\"premium-person-info\">\n\t\t\t\t\t\t\t\t\t\t<div class=\"premium-person-info-container\">\n\t\t\t\t\t\t\t\t\t<h3 class=\"premium-person-name\">Tiago Oliveira<\/h3>\n\t\t\t\t\t\t\t\t\t\t\t<h5 class=\"premium-person-title\">\n\t\t\t\t\t\t\t<span>Designer<\/span>\n\t\t\t\t\t\t<\/h5>\n\t\t\t\t\t\t\t\t<\/div>\n\t\t\t\t\t\t\t\t\t<\/div>\n\t\t\t\t\t<\/div>\n\t\t\t\t\t\t\t<\/div>\n\t\t\t\t\t\t<\/div>\n\t\t\t\t<\/div>\n\t\t\t\t\t<\/div>\n\t\t<\/div>\n\t\t\t\t<div class=\"elementor-column elementor-col-50 elementor-inner-column elementor-element elementor-element-e032613\" data-id=\"e032613\" data-element_type=\"column\" data-e-type=\"column\">\n\t\t\t<div class=\"elementor-widget-wrap elementor-element-populated\">\n\t\t\t\t\t\t<div class=\"elementor-element elementor-element-25002f8 elementor-grid-3 elementor-grid-tablet-2 elementor-grid-mobile-1 elementor-posts--thumbnail-top elementor-card-shadow-yes elementor-posts__hover-gradient elementor-widget elementor-widget-posts\" data-id=\"25002f8\" data-element_type=\"widget\" data-e-type=\"widget\" data-settings=\"{&quot;cards_columns&quot;:&quot;3&quot;,&quot;cards_columns_tablet&quot;:&quot;2&quot;,&quot;cards_columns_mobile&quot;:&quot;1&quot;,&quot;cards_row_gap&quot;:{&quot;unit&quot;:&quot;px&quot;,&quot;size&quot;:35,&quot;sizes&quot;:[]},&quot;cards_row_gap_tablet&quot;:{&quot;unit&quot;:&quot;px&quot;,&quot;size&quot;:&quot;&quot;,&quot;sizes&quot;:[]},&quot;cards_row_gap_mobile&quot;:{&quot;unit&quot;:&quot;px&quot;,&quot;size&quot;:&quot;&quot;,&quot;sizes&quot;:[]}}\" data-widget_type=\"posts.cards\">\n\t\t\t\t<div class=\"elementor-widget-container\">\n\t\t\t\t\t\t\t<div class=\"elementor-posts-container elementor-posts elementor-posts--skin-cards elementor-grid\" role=\"list\">\n\t\t\t\t<article class=\"elementor-post elementor-grid-item post-19205 post type-post status-publish format-standard has-post-thumbnail hentry category-design category-marketing tag-agencia-digital tag-agenciademarketing tag-ai tag-boomer tag-boomer-academy tag-branding tag-design tag-formas tag-gestaoredesosciais tag-marca tag-marketingdigital tag-psicologia tag-redessociais tag-significado tag-vila-nova-de-famalicao\" role=\"listitem\">\n\t\t\t<div class=\"elementor-post__card\">\n\t\t\t\t<a class=\"elementor-post__thumbnail__link\" href=\"https:\/\/boomer.pt\/raiodoblog\/psicologia-das-formas-o-significado-das-formas-no-design\/\" tabindex=\"-1\" target=\"_blank\"><div class=\"elementor-post__thumbnail\"><img decoding=\"async\" width=\"2001\" height=\"1001\" data-src=\"https:\/\/boomer.pt\/raiodoblog\/wp-content\/uploads\/2023\/10\/w41_PsicologiaFormas_banner-blog.png\" class=\"attachment-full size-full wp-image-19206 lazyload\" alt=\"\" data-srcset=\"https:\/\/boomer.pt\/raiodoblog\/wp-content\/uploads\/2023\/10\/w41_PsicologiaFormas_banner-blog.png 2001w, https:\/\/boomer.pt\/raiodoblog\/wp-content\/uploads\/2023\/10\/w41_PsicologiaFormas_banner-blog-300x150.png 300w, https:\/\/boomer.pt\/raiodoblog\/wp-content\/uploads\/2023\/10\/w41_PsicologiaFormas_banner-blog-1024x512.png 1024w, https:\/\/boomer.pt\/raiodoblog\/wp-content\/uploads\/2023\/10\/w41_PsicologiaFormas_banner-blog-768x384.png 768w, https:\/\/boomer.pt\/raiodoblog\/wp-content\/uploads\/2023\/10\/w41_PsicologiaFormas_banner-blog-1536x768.png 1536w\" data-sizes=\"(max-width: 2001px) 100vw, 2001px\" src=\"data:image\/gif;base64,R0lGODlhAQABAAAAACH5BAEKAAEALAAAAAABAAEAAAICTAEAOw==\" style=\"--smush-placeholder-width: 2001px; --smush-placeholder-aspect-ratio: 2001\/1001;\" \/><\/div><\/a>\n\t\t\t\t<div class=\"elementor-post__text\">\n\t\t\t\t<h3 class=\"elementor-post__title\">\n\t\t\t<a href=\"https:\/\/boomer.pt\/raiodoblog\/psicologia-das-formas-o-significado-das-formas-no-design\/\" target=&quot;_blank&quot;>\n\t\t\t\tPsicologia das formas: O Significado das formas no design\t\t\t<\/a>\n\t\t<\/h3>\n\t\t\t\t<div class=\"elementor-post__excerpt\">\n\t\t\t<p>Cada elemento que escolhemos para uma pe\u00e7a gr\u00e1fica tem o poder de transmitir mensagens e influenciar a perce\u00e7\u00e3o do p\u00fablico.<\/p>\n<p>Entre esses elementos do design, as formas desempenham um papel fundamental na forma como percebemos e reagimos aos elementos visuais. <\/p>\n\t\t<\/div>\n\t\t\t\t\t<div class=\"elementor-post__read-more-wrapper\">\n\t\t\n\t\t<a class=\"elementor-post__read-more\" href=\"https:\/\/boomer.pt\/raiodoblog\/psicologia-das-formas-o-significado-das-formas-no-design\/\" aria-label=\"Read more about Psicologia das formas: O Significado das formas no design\" tabindex=\"-1\" target=\"_blank\">\n\t\t\tLER MAIS\t\t<\/a>\n\n\t\t\t\t\t<\/div>\n\t\t\t\t<\/div>\n\t\t\t\t<div class=\"elementor-post__meta-data\">\n\t\t\t\t\t<span class=\"elementor-post-date\">\n\t\t\t8 de March, 2025\t\t<\/span>\n\t\t\t\t<\/div>\n\t\t\t\t\t<\/div>\n\t\t<\/article>\n\t\t\t\t<article class=\"elementor-post elementor-grid-item post-16827 post type-post status-publish format-standard has-post-thumbnail hentry category-comunicacao category-criatividade category-design tag-branding tag-city tag-citybranding tag-design tag-urbanbranding\" role=\"listitem\">\n\t\t\t<div class=\"elementor-post__card\">\n\t\t\t\t<a class=\"elementor-post__thumbnail__link\" href=\"https:\/\/boomer.pt\/raiodoblog\/city-branding-transformar-cidades-em-marcas-vivas\/\" tabindex=\"-1\" target=\"_blank\"><div class=\"elementor-post__thumbnail\"><img decoding=\"async\" width=\"2001\" height=\"1001\" data-src=\"https:\/\/boomer.pt\/raiodoblog\/wp-content\/uploads\/2023\/08\/w31_CityBranding_banner-blog.png\" class=\"attachment-full size-full wp-image-16828 lazyload\" alt=\"\" data-srcset=\"https:\/\/boomer.pt\/raiodoblog\/wp-content\/uploads\/2023\/08\/w31_CityBranding_banner-blog.png 2001w, https:\/\/boomer.pt\/raiodoblog\/wp-content\/uploads\/2023\/08\/w31_CityBranding_banner-blog-300x150.png 300w, https:\/\/boomer.pt\/raiodoblog\/wp-content\/uploads\/2023\/08\/w31_CityBranding_banner-blog-1024x512.png 1024w, https:\/\/boomer.pt\/raiodoblog\/wp-content\/uploads\/2023\/08\/w31_CityBranding_banner-blog-768x384.png 768w, https:\/\/boomer.pt\/raiodoblog\/wp-content\/uploads\/2023\/08\/w31_CityBranding_banner-blog-1536x768.png 1536w, https:\/\/boomer.pt\/raiodoblog\/wp-content\/uploads\/2023\/08\/w31_CityBranding_banner-blog-1568x784.png 1568w\" data-sizes=\"(max-width: 2001px) 100vw, 2001px\" src=\"data:image\/gif;base64,R0lGODlhAQABAAAAACH5BAEKAAEALAAAAAABAAEAAAICTAEAOw==\" style=\"--smush-placeholder-width: 2001px; --smush-placeholder-aspect-ratio: 2001\/1001;\" \/><\/div><\/a>\n\t\t\t\t<div class=\"elementor-post__text\">\n\t\t\t\t<h3 class=\"elementor-post__title\">\n\t\t\t<a href=\"https:\/\/boomer.pt\/raiodoblog\/city-branding-transformar-cidades-em-marcas-vivas\/\" target=&quot;_blank&quot;>\n\t\t\t\tCity Branding: Transformar Cidades em Marcas Vivas\t\t\t<\/a>\n\t\t<\/h3>\n\t\t\t\t<div class=\"elementor-post__excerpt\">\n\t\t\t<p>No cen\u00e1rio global cada vez mais competitivo, onde as cidades se tornam centros de neg\u00f3cios, turismo e cultura, o conceito de &#8220;city branding&#8221; ou \u201cplace branding\u201d ganha relev\u00e2ncia. <\/p>\n\t\t<\/div>\n\t\t\t\t\t<div class=\"elementor-post__read-more-wrapper\">\n\t\t\n\t\t<a class=\"elementor-post__read-more\" href=\"https:\/\/boomer.pt\/raiodoblog\/city-branding-transformar-cidades-em-marcas-vivas\/\" aria-label=\"Read more about City Branding: Transformar Cidades em Marcas Vivas\" tabindex=\"-1\" target=\"_blank\">\n\t\t\tLER MAIS\t\t<\/a>\n\n\t\t\t\t\t<\/div>\n\t\t\t\t<\/div>\n\t\t\t\t<div class=\"elementor-post__meta-data\">\n\t\t\t\t\t<span class=\"elementor-post-date\">\n\t\t\t31 de August, 2024\t\t<\/span>\n\t\t\t\t<\/div>\n\t\t\t\t\t<\/div>\n\t\t<\/article>\n\t\t\t\t<article class=\"elementor-post elementor-grid-item post-20848 post type-post status-publish format-standard has-post-thumbnail hentry category-comunicacao category-design category-marketing tag-agencia-digital tag-agenciademarketing tag-ai tag-boomer tag-boomer-academy tag-branding tag-design tag-formas tag-gestaoredesosciais tag-marca tag-vila-nova-de-famalicao\" role=\"listitem\">\n\t\t\t<div class=\"elementor-post__card\">\n\t\t\t\t<a class=\"elementor-post__thumbnail__link\" href=\"https:\/\/boomer.pt\/raiodoblog\/principios-do-design-inclusivo\/\" tabindex=\"-1\" target=\"_blank\"><div class=\"elementor-post__thumbnail\"><img decoding=\"async\" width=\"1403\" height=\"702\" data-src=\"https:\/\/boomer.pt\/raiodoblog\/wp-content\/uploads\/2023\/12\/BLOG-INSTAGRAM-NEWSLETTER-parte-4_w49_DesignIclusivo_banner-blog.webp\" class=\"attachment-full size-full wp-image-20854 lazyload\" alt=\"\" data-srcset=\"https:\/\/boomer.pt\/raiodoblog\/wp-content\/uploads\/2023\/12\/BLOG-INSTAGRAM-NEWSLETTER-parte-4_w49_DesignIclusivo_banner-blog.webp 1403w, https:\/\/boomer.pt\/raiodoblog\/wp-content\/uploads\/2023\/12\/BLOG-INSTAGRAM-NEWSLETTER-parte-4_w49_DesignIclusivo_banner-blog-300x150.webp 300w, https:\/\/boomer.pt\/raiodoblog\/wp-content\/uploads\/2023\/12\/BLOG-INSTAGRAM-NEWSLETTER-parte-4_w49_DesignIclusivo_banner-blog-1024x512.webp 1024w, https:\/\/boomer.pt\/raiodoblog\/wp-content\/uploads\/2023\/12\/BLOG-INSTAGRAM-NEWSLETTER-parte-4_w49_DesignIclusivo_banner-blog-768x384.webp 768w\" data-sizes=\"(max-width: 1403px) 100vw, 1403px\" src=\"data:image\/gif;base64,R0lGODlhAQABAAAAACH5BAEKAAEALAAAAAABAAEAAAICTAEAOw==\" style=\"--smush-placeholder-width: 1403px; --smush-placeholder-aspect-ratio: 1403\/702;\" \/><\/div><\/a>\n\t\t\t\t<div class=\"elementor-post__text\">\n\t\t\t\t<h3 class=\"elementor-post__title\">\n\t\t\t<a href=\"https:\/\/boomer.pt\/raiodoblog\/principios-do-design-inclusivo\/\" target=&quot;_blank&quot;>\n\t\t\t\t5 princ\u00edpios do Design Inclusivo\t\t\t<\/a>\n\t\t<\/h3>\n\t\t\t\t<div class=\"elementor-post__excerpt\">\n\t\t\t<p>\u00c0 medida que as marcas procuram relacionar-se com uma audi\u00eancia cada vez mais diversificada, o design gr\u00e1fico inclusivo emerge como uma ferramenta poderosa para criar estrat\u00e9gias e produtos que transcendem barreiras. Este artigo explora cinco princ\u00edpios fundamentais do design gr\u00e1fico inclusivo e como as marcas os podem incorporar para ampliar o seu alcance e construir uma presen\u00e7a mais inclusiva e aut\u00eantica.<\/p>\n\t\t<\/div>\n\t\t\t\t\t<div class=\"elementor-post__read-more-wrapper\">\n\t\t\n\t\t<a class=\"elementor-post__read-more\" href=\"https:\/\/boomer.pt\/raiodoblog\/principios-do-design-inclusivo\/\" aria-label=\"Read more about 5 princ\u00edpios do Design Inclusivo\" tabindex=\"-1\" target=\"_blank\">\n\t\t\tLER MAIS\t\t<\/a>\n\n\t\t\t\t\t<\/div>\n\t\t\t\t<\/div>\n\t\t\t\t<div class=\"elementor-post__meta-data\">\n\t\t\t\t\t<span class=\"elementor-post-date\">\n\t\t\t8 de May, 2023\t\t<\/span>\n\t\t\t\t<\/div>\n\t\t\t\t\t<\/div>\n\t\t<\/article>\n\t\t\t\t<\/div>\n\t\t\n\t\t\t\t\t\t<\/div>\n\t\t\t\t<\/div>\n\t\t\t\t\t<\/div>\n\t\t<\/div>\n\t\t\t\t\t<\/div>\n\t\t<\/section>\n\t\t\t\t\t<\/div>\n\t\t<\/div>\n\t\t\t\t\t<\/div>\n\t\t<\/section>\n\t\t\t\t<\/div>\n\t\t\t\t<\/div>\n\t\t\t\t\t\t<\/div>\n\t\t\t\t<\/div>\n\t\t\t\t\t<\/div>\n\t\t<\/div>\n\t\t\t\t\t<\/div>\n\t\t<\/section>\n\t\t\t\t<\/div>\n\t\t","protected":false},"excerpt":{"rendered":"<figure>A IA n\u00e3o \u00e9 nada mais do que uma tecnologia desenhada para ensinar aos computadores as capacidades cognitivas do ser humano, para que estes possam tamb\u00e9m pensar e imitar as nossas a\u00e7\u00f5es<\/figure>\n","protected":false},"author":5,"featured_media":7299,"comment_status":"open","ping_status":"open","sticky":false,"template":"elementor_theme","format":"standard","meta":{"footnotes":""},"categories":[98],"tags":[131,130,156,197,198,140,154,151,139,148,133,132],"class_list":["post-7305","post","type-post","status-publish","format-standard","has-post-thumbnail","hentry","category-design","tag-agencia-digital","tag-agenciademarketing","tag-ai","tag-boomer","tag-boomer-academy","tag-branding","tag-design","tag-gestaoredesosciais","tag-marca","tag-marketingdigital","tag-redessociais","tag-vila-nova-de-famalicao"],"yoast_head":"<!-- This site is optimized with the Yoast SEO plugin v24.7 - https:\/\/yoast.com\/wordpress\/plugins\/seo\/ -->\n<title>Ser\u00e1 a Intelig\u00eancia Artificial inimiga dos designers? - BOOMER<\/title>\n<meta name=\"description\" content=\"A IA n\u00e3o \u00e9 nada mais do que uma tecnologia desenhada para ensinar aos computadores as capacidades cognitivas do ser humano, para que...\" \/>\n<meta name=\"robots\" content=\"index, follow, max-snippet:-1, max-image-preview:large, max-video-preview:-1\" \/>\n<link rel=\"canonical\" href=\"https:\/\/boomer.pt\/raiodoblog\/inteligenciaartificialdesigners\/\" \/>\n<meta property=\"og:locale\" content=\"en_US\" \/>\n<meta property=\"og:type\" content=\"article\" \/>\n<meta property=\"og:title\" content=\"Ser\u00e1 a Intelig\u00eancia Artificial inimiga dos designers? - BOOMER\" \/>\n<meta property=\"og:description\" content=\"A IA n\u00e3o \u00e9 nada mais do que uma tecnologia desenhada para ensinar aos computadores as capacidades cognitivas do ser humano, para que...\" \/>\n<meta property=\"og:url\" content=\"https:\/\/boomer.pt\/raiodoblog\/inteligenciaartificialdesigners\/\" \/>\n<meta property=\"og:site_name\" content=\"BOOMER\" \/>\n<meta property=\"article:publisher\" content=\"https:\/\/www.facebook.com\/boomer.pt\" \/>\n<meta property=\"article:published_time\" content=\"2021-05-26T17:45:19+00:00\" \/>\n<meta property=\"og:image\" content=\"https:\/\/boomer.pt\/raiodoblog\/wp-content\/uploads\/2022\/08\/w34_IA_inimiga_designers.png\" \/>\n\t<meta property=\"og:image:width\" content=\"2001\" \/>\n\t<meta property=\"og:image:height\" content=\"1001\" \/>\n\t<meta property=\"og:image:type\" content=\"image\/png\" \/>\n<meta name=\"author\" content=\"Tiago Oliveira\" \/>\n<meta name=\"twitter:card\" content=\"summary_large_image\" \/>\n<meta name=\"twitter:label1\" content=\"Written by\" \/>\n\t<meta name=\"twitter:data1\" content=\"Tiago Oliveira\" \/>\n\t<meta name=\"twitter:label2\" content=\"Est. reading time\" \/>\n\t<meta name=\"twitter:data2\" content=\"7 minutes\" \/>\n<script type=\"application\/ld+json\" class=\"yoast-schema-graph\">{\"@context\":\"https:\/\/schema.org\",\"@graph\":[{\"@type\":\"Article\",\"@id\":\"https:\/\/boomer.pt\/raiodoblog\/inteligenciaartificialdesigners\/#article\",\"isPartOf\":{\"@id\":\"https:\/\/boomer.pt\/raiodoblog\/inteligenciaartificialdesigners\/\"},\"author\":{\"name\":\"Tiago Oliveira\",\"@id\":\"https:\/\/boomer.pt\/raiodoblog\/#\/schema\/person\/b3543747e5383f4bb8bbbfa21499bf37\"},\"headline\":\"Ser\u00e1 a Intelig\u00eancia Artificial inimiga dos designers?\",\"datePublished\":\"2021-05-26T17:45:19+00:00\",\"mainEntityOfPage\":{\"@id\":\"https:\/\/boomer.pt\/raiodoblog\/inteligenciaartificialdesigners\/\"},\"wordCount\":1119,\"commentCount\":0,\"publisher\":{\"@id\":\"https:\/\/boomer.pt\/raiodoblog\/#organization\"},\"image\":{\"@id\":\"https:\/\/boomer.pt\/raiodoblog\/inteligenciaartificialdesigners\/#primaryimage\"},\"thumbnailUrl\":\"https:\/\/boomer.pt\/raiodoblog\/wp-content\/uploads\/2022\/08\/w34_IA_inimiga_designers.png\",\"keywords\":[\"agencia digital\",\"agenciademarketing\",\"ai\",\"Boomer\",\"Boomer Academy\",\"branding\",\"design\",\"gestaoredesosciais\",\"marca\",\"marketingdigital\",\"redessociais\",\"vila nova de famalicao\"],\"articleSection\":[\"Design Gr\u00e1fico\"],\"inLanguage\":\"en-US\",\"potentialAction\":[{\"@type\":\"CommentAction\",\"name\":\"Comment\",\"target\":[\"https:\/\/boomer.pt\/raiodoblog\/inteligenciaartificialdesigners\/#respond\"]}]},{\"@type\":\"WebPage\",\"@id\":\"https:\/\/boomer.pt\/raiodoblog\/inteligenciaartificialdesigners\/\",\"url\":\"https:\/\/boomer.pt\/raiodoblog\/inteligenciaartificialdesigners\/\",\"name\":\"Ser\u00e1 a Intelig\u00eancia Artificial inimiga dos designers? - BOOMER\",\"isPartOf\":{\"@id\":\"https:\/\/boomer.pt\/raiodoblog\/#website\"},\"primaryImageOfPage\":{\"@id\":\"https:\/\/boomer.pt\/raiodoblog\/inteligenciaartificialdesigners\/#primaryimage\"},\"image\":{\"@id\":\"https:\/\/boomer.pt\/raiodoblog\/inteligenciaartificialdesigners\/#primaryimage\"},\"thumbnailUrl\":\"https:\/\/boomer.pt\/raiodoblog\/wp-content\/uploads\/2022\/08\/w34_IA_inimiga_designers.png\",\"datePublished\":\"2021-05-26T17:45:19+00:00\",\"description\":\"A IA n\u00e3o \u00e9 nada mais do que uma tecnologia desenhada para ensinar aos computadores as capacidades cognitivas do ser humano, para que...\",\"breadcrumb\":{\"@id\":\"https:\/\/boomer.pt\/raiodoblog\/inteligenciaartificialdesigners\/#breadcrumb\"},\"inLanguage\":\"en-US\",\"potentialAction\":[{\"@type\":\"ReadAction\",\"target\":[\"https:\/\/boomer.pt\/raiodoblog\/inteligenciaartificialdesigners\/\"]}]},{\"@type\":\"ImageObject\",\"inLanguage\":\"en-US\",\"@id\":\"https:\/\/boomer.pt\/raiodoblog\/inteligenciaartificialdesigners\/#primaryimage\",\"url\":\"https:\/\/boomer.pt\/raiodoblog\/wp-content\/uploads\/2022\/08\/w34_IA_inimiga_designers.png\",\"contentUrl\":\"https:\/\/boomer.pt\/raiodoblog\/wp-content\/uploads\/2022\/08\/w34_IA_inimiga_designers.png\",\"width\":2001,\"height\":1001},{\"@type\":\"BreadcrumbList\",\"@id\":\"https:\/\/boomer.pt\/raiodoblog\/inteligenciaartificialdesigners\/#breadcrumb\",\"itemListElement\":[{\"@type\":\"ListItem\",\"position\":1,\"name\":\"In\u00edcio\",\"item\":\"https:\/\/boomer.pt\/raiodoblog\/\"},{\"@type\":\"ListItem\",\"position\":2,\"name\":\"Ser\u00e1 a Intelig\u00eancia Artificial inimiga dos designers?\"}]},{\"@type\":\"WebSite\",\"@id\":\"https:\/\/boomer.pt\/raiodoblog\/#website\",\"url\":\"https:\/\/boomer.pt\/raiodoblog\/\",\"name\":\"BOOMER\",\"description\":\"Brand &amp; Digital Agency\",\"publisher\":{\"@id\":\"https:\/\/boomer.pt\/raiodoblog\/#organization\"},\"potentialAction\":[{\"@type\":\"SearchAction\",\"target\":{\"@type\":\"EntryPoint\",\"urlTemplate\":\"https:\/\/boomer.pt\/raiodoblog\/?s={search_term_string}\"},\"query-input\":{\"@type\":\"PropertyValueSpecification\",\"valueRequired\":true,\"valueName\":\"search_term_string\"}}],\"inLanguage\":\"en-US\"},{\"@type\":\"Organization\",\"@id\":\"https:\/\/boomer.pt\/raiodoblog\/#organization\",\"name\":\"BOOMER\",\"url\":\"https:\/\/boomer.pt\/raiodoblog\/\",\"logo\":{\"@type\":\"ImageObject\",\"inLanguage\":\"en-US\",\"@id\":\"https:\/\/boomer.pt\/raiodoblog\/#\/schema\/logo\/image\/\",\"url\":\"https:\/\/boomer.pt\/raiodoblog\/wp-content\/uploads\/2022\/10\/BoomerLogo-2.svg\",\"contentUrl\":\"https:\/\/boomer.pt\/raiodoblog\/wp-content\/uploads\/2022\/10\/BoomerLogo-2.svg\",\"width\":154,\"height\":40,\"caption\":\"BOOMER\"},\"image\":{\"@id\":\"https:\/\/boomer.pt\/raiodoblog\/#\/schema\/logo\/image\/\"},\"sameAs\":[\"https:\/\/www.facebook.com\/boomer.pt\",\"https:\/\/www.instagram.com\/boomerpt\/\",\"https:\/\/www.linkedin.com\/company\/2641069\/admin\/\",\"https:\/\/www.youtube.com\/channel\/UCJ4-FswWDdO5i1UVdIUqtGw\/feed\",\"https:\/\/www.behance.net\/boomer_pt\"]},{\"@type\":\"Person\",\"@id\":\"https:\/\/boomer.pt\/raiodoblog\/#\/schema\/person\/b3543747e5383f4bb8bbbfa21499bf37\",\"name\":\"Tiago Oliveira\",\"image\":{\"@type\":\"ImageObject\",\"inLanguage\":\"en-US\",\"@id\":\"https:\/\/boomer.pt\/raiodoblog\/#\/schema\/person\/image\/\",\"url\":\"https:\/\/secure.gravatar.com\/avatar\/6eb59808feba8e22cfa7ed2be6dbbcfdb382a8694f65786be3ab472eb52cb717?s=96&d=mm&r=g\",\"contentUrl\":\"https:\/\/secure.gravatar.com\/avatar\/6eb59808feba8e22cfa7ed2be6dbbcfdb382a8694f65786be3ab472eb52cb717?s=96&d=mm&r=g\",\"caption\":\"Tiago Oliveira\"},\"description\":\"Designer\",\"url\":\"https:\/\/boomer.pt\/raiodoblog\/author\/tiago-oliveira\/\"}]}<\/script>\n<!-- \/ Yoast SEO plugin. -->","yoast_head_json":{"title":"Ser\u00e1 a Intelig\u00eancia Artificial inimiga dos designers? - BOOMER","description":"A IA n\u00e3o \u00e9 nada mais do que uma tecnologia desenhada para ensinar aos computadores as capacidades cognitivas do ser humano, para que...","robots":{"index":"index","follow":"follow","max-snippet":"max-snippet:-1","max-image-preview":"max-image-preview:large","max-video-preview":"max-video-preview:-1"},"canonical":"https:\/\/boomer.pt\/raiodoblog\/inteligenciaartificialdesigners\/","og_locale":"en_US","og_type":"article","og_title":"Ser\u00e1 a Intelig\u00eancia Artificial inimiga dos designers? - BOOMER","og_description":"A IA n\u00e3o \u00e9 nada mais do que uma tecnologia desenhada para ensinar aos computadores as capacidades cognitivas do ser humano, para que...","og_url":"https:\/\/boomer.pt\/raiodoblog\/inteligenciaartificialdesigners\/","og_site_name":"BOOMER","article_publisher":"https:\/\/www.facebook.com\/boomer.pt","article_published_time":"2021-05-26T17:45:19+00:00","og_image":[{"width":2001,"height":1001,"url":"https:\/\/boomer.pt\/raiodoblog\/wp-content\/uploads\/2022\/08\/w34_IA_inimiga_designers.png","type":"image\/png"}],"author":"Tiago Oliveira","twitter_card":"summary_large_image","twitter_misc":{"Written by":"Tiago Oliveira","Est. reading time":"7 minutes"},"schema":{"@context":"https:\/\/schema.org","@graph":[{"@type":"Article","@id":"https:\/\/boomer.pt\/raiodoblog\/inteligenciaartificialdesigners\/#article","isPartOf":{"@id":"https:\/\/boomer.pt\/raiodoblog\/inteligenciaartificialdesigners\/"},"author":{"name":"Tiago Oliveira","@id":"https:\/\/boomer.pt\/raiodoblog\/#\/schema\/person\/b3543747e5383f4bb8bbbfa21499bf37"},"headline":"Ser\u00e1 a Intelig\u00eancia Artificial inimiga dos designers?","datePublished":"2021-05-26T17:45:19+00:00","mainEntityOfPage":{"@id":"https:\/\/boomer.pt\/raiodoblog\/inteligenciaartificialdesigners\/"},"wordCount":1119,"commentCount":0,"publisher":{"@id":"https:\/\/boomer.pt\/raiodoblog\/#organization"},"image":{"@id":"https:\/\/boomer.pt\/raiodoblog\/inteligenciaartificialdesigners\/#primaryimage"},"thumbnailUrl":"https:\/\/boomer.pt\/raiodoblog\/wp-content\/uploads\/2022\/08\/w34_IA_inimiga_designers.png","keywords":["agencia digital","agenciademarketing","ai","Boomer","Boomer Academy","branding","design","gestaoredesosciais","marca","marketingdigital","redessociais","vila nova de famalicao"],"articleSection":["Design Gr\u00e1fico"],"inLanguage":"en-US","potentialAction":[{"@type":"CommentAction","name":"Comment","target":["https:\/\/boomer.pt\/raiodoblog\/inteligenciaartificialdesigners\/#respond"]}]},{"@type":"WebPage","@id":"https:\/\/boomer.pt\/raiodoblog\/inteligenciaartificialdesigners\/","url":"https:\/\/boomer.pt\/raiodoblog\/inteligenciaartificialdesigners\/","name":"Ser\u00e1 a Intelig\u00eancia Artificial inimiga dos designers? - BOOMER","isPartOf":{"@id":"https:\/\/boomer.pt\/raiodoblog\/#website"},"primaryImageOfPage":{"@id":"https:\/\/boomer.pt\/raiodoblog\/inteligenciaartificialdesigners\/#primaryimage"},"image":{"@id":"https:\/\/boomer.pt\/raiodoblog\/inteligenciaartificialdesigners\/#primaryimage"},"thumbnailUrl":"https:\/\/boomer.pt\/raiodoblog\/wp-content\/uploads\/2022\/08\/w34_IA_inimiga_designers.png","datePublished":"2021-05-26T17:45:19+00:00","description":"A IA n\u00e3o \u00e9 nada mais do que uma tecnologia desenhada para ensinar aos computadores as capacidades cognitivas do ser humano, para que...","breadcrumb":{"@id":"https:\/\/boomer.pt\/raiodoblog\/inteligenciaartificialdesigners\/#breadcrumb"},"inLanguage":"en-US","potentialAction":[{"@type":"ReadAction","target":["https:\/\/boomer.pt\/raiodoblog\/inteligenciaartificialdesigners\/"]}]},{"@type":"ImageObject","inLanguage":"en-US","@id":"https:\/\/boomer.pt\/raiodoblog\/inteligenciaartificialdesigners\/#primaryimage","url":"https:\/\/boomer.pt\/raiodoblog\/wp-content\/uploads\/2022\/08\/w34_IA_inimiga_designers.png","contentUrl":"https:\/\/boomer.pt\/raiodoblog\/wp-content\/uploads\/2022\/08\/w34_IA_inimiga_designers.png","width":2001,"height":1001},{"@type":"BreadcrumbList","@id":"https:\/\/boomer.pt\/raiodoblog\/inteligenciaartificialdesigners\/#breadcrumb","itemListElement":[{"@type":"ListItem","position":1,"name":"In\u00edcio","item":"https:\/\/boomer.pt\/raiodoblog\/"},{"@type":"ListItem","position":2,"name":"Ser\u00e1 a Intelig\u00eancia Artificial inimiga dos designers?"}]},{"@type":"WebSite","@id":"https:\/\/boomer.pt\/raiodoblog\/#website","url":"https:\/\/boomer.pt\/raiodoblog\/","name":"BOOMER","description":"Brand &amp; Digital Agency","publisher":{"@id":"https:\/\/boomer.pt\/raiodoblog\/#organization"},"potentialAction":[{"@type":"SearchAction","target":{"@type":"EntryPoint","urlTemplate":"https:\/\/boomer.pt\/raiodoblog\/?s={search_term_string}"},"query-input":{"@type":"PropertyValueSpecification","valueRequired":true,"valueName":"search_term_string"}}],"inLanguage":"en-US"},{"@type":"Organization","@id":"https:\/\/boomer.pt\/raiodoblog\/#organization","name":"BOOMER","url":"https:\/\/boomer.pt\/raiodoblog\/","logo":{"@type":"ImageObject","inLanguage":"en-US","@id":"https:\/\/boomer.pt\/raiodoblog\/#\/schema\/logo\/image\/","url":"https:\/\/boomer.pt\/raiodoblog\/wp-content\/uploads\/2022\/10\/BoomerLogo-2.svg","contentUrl":"https:\/\/boomer.pt\/raiodoblog\/wp-content\/uploads\/2022\/10\/BoomerLogo-2.svg","width":154,"height":40,"caption":"BOOMER"},"image":{"@id":"https:\/\/boomer.pt\/raiodoblog\/#\/schema\/logo\/image\/"},"sameAs":["https:\/\/www.facebook.com\/boomer.pt","https:\/\/www.instagram.com\/boomerpt\/","https:\/\/www.linkedin.com\/company\/2641069\/admin\/","https:\/\/www.youtube.com\/channel\/UCJ4-FswWDdO5i1UVdIUqtGw\/feed","https:\/\/www.behance.net\/boomer_pt"]},{"@type":"Person","@id":"https:\/\/boomer.pt\/raiodoblog\/#\/schema\/person\/b3543747e5383f4bb8bbbfa21499bf37","name":"Tiago Oliveira","image":{"@type":"ImageObject","inLanguage":"en-US","@id":"https:\/\/boomer.pt\/raiodoblog\/#\/schema\/person\/image\/","url":"https:\/\/secure.gravatar.com\/avatar\/6eb59808feba8e22cfa7ed2be6dbbcfdb382a8694f65786be3ab472eb52cb717?s=96&d=mm&r=g","contentUrl":"https:\/\/secure.gravatar.com\/avatar\/6eb59808feba8e22cfa7ed2be6dbbcfdb382a8694f65786be3ab472eb52cb717?s=96&d=mm&r=g","caption":"Tiago Oliveira"},"description":"Designer","url":"https:\/\/boomer.pt\/raiodoblog\/author\/tiago-oliveira\/"}]}},"_links":{"self":[{"href":"https:\/\/boomer.pt\/raiodoblog\/wp-json\/wp\/v2\/posts\/7305","targetHints":{"allow":["GET"]}}],"collection":[{"href":"https:\/\/boomer.pt\/raiodoblog\/wp-json\/wp\/v2\/posts"}],"about":[{"href":"https:\/\/boomer.pt\/raiodoblog\/wp-json\/wp\/v2\/types\/post"}],"author":[{"embeddable":true,"href":"https:\/\/boomer.pt\/raiodoblog\/wp-json\/wp\/v2\/users\/5"}],"replies":[{"embeddable":true,"href":"https:\/\/boomer.pt\/raiodoblog\/wp-json\/wp\/v2\/comments?post=7305"}],"version-history":[{"count":1,"href":"https:\/\/boomer.pt\/raiodoblog\/wp-json\/wp\/v2\/posts\/7305\/revisions"}],"predecessor-version":[{"id":26157,"href":"https:\/\/boomer.pt\/raiodoblog\/wp-json\/wp\/v2\/posts\/7305\/revisions\/26157"}],"wp:featuredmedia":[{"embeddable":true,"href":"https:\/\/boomer.pt\/raiodoblog\/wp-json\/wp\/v2\/media\/7299"}],"wp:attachment":[{"href":"https:\/\/boomer.pt\/raiodoblog\/wp-json\/wp\/v2\/media?parent=7305"}],"wp:term":[{"taxonomy":"category","embeddable":true,"href":"https:\/\/boomer.pt\/raiodoblog\/wp-json\/wp\/v2\/categories?post=7305"},{"taxonomy":"post_tag","embeddable":true,"href":"https:\/\/boomer.pt\/raiodoblog\/wp-json\/wp\/v2\/tags?post=7305"}],"curies":[{"name":"wp","href":"https:\/\/api.w.org\/{rel}","templated":true}]}}