{"id":7298,"date":"2022-12-14T10:54:52","date_gmt":"2022-12-14T10:54:52","guid":{"rendered":"http:\/\/boomer.pt\/elementosdodesign\/"},"modified":"2022-12-14T10:54:52","modified_gmt":"2022-12-14T10:54:52","slug":"elementosdodesign","status":"publish","type":"post","link":"https:\/\/boomer.pt\/raiodoblog\/elementosdodesign\/","title":{"rendered":"Elementos do Design"},"content":{"rendered":"\t\t<div data-elementor-type=\"wp-post\" data-elementor-id=\"7298\" class=\"elementor elementor-7298\" data-elementor-post-type=\"post\">\n\t\t\t\t\t\t<section class=\"elementor-section elementor-top-section elementor-element elementor-element-f4892bd elementor-section-boxed elementor-section-height-default elementor-section-height-default\" data-id=\"f4892bd\" data-element_type=\"section\" data-e-type=\"section\">\n\t\t\t\t\t\t<div class=\"elementor-container elementor-column-gap-default\">\n\t\t\t\t\t<div class=\"elementor-column elementor-col-100 elementor-top-column elementor-element elementor-element-799401e\" data-id=\"799401e\" data-element_type=\"column\" data-e-type=\"column\">\n\t\t\t<div class=\"elementor-widget-wrap elementor-element-populated\">\n\t\t\t\t\t\t<div class=\"elementor-element elementor-element-9d69abd elementor-widget elementor-widget-theme-post-title elementor-page-title elementor-widget-heading\" data-id=\"9d69abd\" data-element_type=\"widget\" data-e-type=\"widget\" data-widget_type=\"theme-post-title.default\">\n\t\t\t\t<div class=\"elementor-widget-container\">\n\t\t\t\t\t<h1 class=\"elementor-heading-title elementor-size-default\">Elementos do Design<\/h1>\t\t\t\t<\/div>\n\t\t\t\t<\/div>\n\t\t\t\t<div class=\"elementor-element elementor-element-0206c91 elementor-widget elementor-widget-text-editor\" data-id=\"0206c91\" data-element_type=\"widget\" data-e-type=\"widget\" data-widget_type=\"text-editor.default\">\n\t\t\t\t<div class=\"elementor-widget-container\">\n\t\t\t\t\t\t\t\t\t<p>O design gr\u00e1fico consiste na forma como se combinam v\u00e1rios elementos e ideias capazes de captar a aten\u00e7\u00e3o do p\u00fablico e, ao mesmo tempo, comunicar uma mensagem espec\u00edfica.<\/p>\t\t\t\t\t\t\t\t<\/div>\n\t\t\t\t<\/div>\n\t\t\t\t\t<\/div>\n\t\t<\/div>\n\t\t\t\t\t<\/div>\n\t\t<\/section>\n\t\t\t\t<section class=\"elementor-section elementor-top-section elementor-element elementor-element-7a2b359 elementor-section-boxed elementor-section-height-default elementor-section-height-default\" data-id=\"7a2b359\" data-element_type=\"section\" data-e-type=\"section\">\n\t\t\t\t\t\t<div class=\"elementor-container elementor-column-gap-default\">\n\t\t\t\t\t<div class=\"elementor-column elementor-col-100 elementor-top-column elementor-element elementor-element-14c9e1b\" data-id=\"14c9e1b\" data-element_type=\"column\" data-e-type=\"column\">\n\t\t\t<div class=\"elementor-widget-wrap elementor-element-populated\">\n\t\t\t\t\t\t<div class=\"elementor-element elementor-element-a55f9d9 elementor-widget elementor-widget-image\" data-id=\"a55f9d9\" data-element_type=\"widget\" data-e-type=\"widget\" data-widget_type=\"image.default\">\n\t\t\t\t<div class=\"elementor-widget-container\">\n\t\t\t\t\t\t\t\t\t\t\t\t\t\t\t<img fetchpriority=\"high\" decoding=\"async\" width=\"4168\" height=\"2084\" src=\"https:\/\/boomer.pt\/raiodoblog\/wp-content\/uploads\/2022\/08\/BLOG_e_INSTA_02_elementosdesign-17.png\" class=\"attachment-full size-full wp-image-7296\" alt=\"\" srcset=\"https:\/\/boomer.pt\/raiodoblog\/wp-content\/uploads\/2022\/08\/BLOG_e_INSTA_02_elementosdesign-17.png 4168w, https:\/\/boomer.pt\/raiodoblog\/wp-content\/uploads\/2022\/08\/BLOG_e_INSTA_02_elementosdesign-17-300x150.png 300w, https:\/\/boomer.pt\/raiodoblog\/wp-content\/uploads\/2022\/08\/BLOG_e_INSTA_02_elementosdesign-17-1024x512.png 1024w, https:\/\/boomer.pt\/raiodoblog\/wp-content\/uploads\/2022\/08\/BLOG_e_INSTA_02_elementosdesign-17-768x384.png 768w, https:\/\/boomer.pt\/raiodoblog\/wp-content\/uploads\/2022\/08\/BLOG_e_INSTA_02_elementosdesign-17-1536x768.png 1536w, https:\/\/boomer.pt\/raiodoblog\/wp-content\/uploads\/2022\/08\/BLOG_e_INSTA_02_elementosdesign-17-2048x1024.png 2048w, https:\/\/boomer.pt\/raiodoblog\/wp-content\/uploads\/2022\/08\/BLOG_e_INSTA_02_elementosdesign-17-1568x784.png 1568w\" sizes=\"(max-width: 4168px) 100vw, 4168px\" \/>\t\t\t\t\t\t\t\t\t\t\t\t\t\t\t<\/div>\n\t\t\t\t<\/div>\n\t\t\t\t\t<\/div>\n\t\t<\/div>\n\t\t\t\t\t<\/div>\n\t\t<\/section>\n\t\t\t\t<section class=\"elementor-section elementor-top-section elementor-element elementor-element-1ae59f2 elementor-section-boxed elementor-section-height-default elementor-section-height-default\" data-id=\"1ae59f2\" data-element_type=\"section\" data-e-type=\"section\">\n\t\t\t\t\t\t<div class=\"elementor-container elementor-column-gap-default\">\n\t\t\t\t\t<div class=\"elementor-column elementor-col-100 elementor-top-column elementor-element elementor-element-1513b64\" data-id=\"1513b64\" data-element_type=\"column\" data-e-type=\"column\">\n\t\t\t<div class=\"elementor-widget-wrap elementor-element-populated\">\n\t\t\t\t\t\t<div class=\"elementor-element elementor-element-fdc40be elementor-widget elementor-widget-spacer\" data-id=\"fdc40be\" data-element_type=\"widget\" data-e-type=\"widget\" data-widget_type=\"spacer.default\">\n\t\t\t\t<div class=\"elementor-widget-container\">\n\t\t\t\t\t\t\t<div class=\"elementor-spacer\">\n\t\t\t<div class=\"elementor-spacer-inner\"><\/div>\n\t\t<\/div>\n\t\t\t\t\t\t<\/div>\n\t\t\t\t<\/div>\n\t\t\t\t<div class=\"elementor-element elementor-element-6415d31 elementor-widget elementor-widget-text-editor\" data-id=\"6415d31\" data-element_type=\"widget\" data-e-type=\"widget\" data-widget_type=\"text-editor.default\">\n\t\t\t\t<div class=\"elementor-widget-container\">\n\t\t\t\t\t\t\t\t\t<p>O design gr\u00e1fico consiste na forma como se combinam v\u00e1rios elementos e ideias capazes de captar a aten\u00e7\u00e3o do p\u00fablico e, ao mesmo tempo, comunicar uma mensagem espec\u00edfica. Estes elementos podem ser vistos como pe\u00e7as de Lego que constroem todo um projeto, e mesmo os designs que parecem mais complexos podem ser desconstru\u00eddos em linhas, formas e fontes. Os princ\u00edpios do design, como j\u00e1 vimos num artigo anterior, s\u00e3o um conjunto de regras e conceitos a seguir, mas vamos agora focar-nos nos elementos mais b\u00e1sicos e nas suas poss\u00edveis interpreta\u00e7\u00f5es.<\/p>\t\t\t\t\t\t\t\t<\/div>\n\t\t\t\t<\/div>\n\t\t\t\t\t<\/div>\n\t\t<\/div>\n\t\t\t\t\t<\/div>\n\t\t<\/section>\n\t\t\t\t<section class=\"elementor-section elementor-top-section elementor-element elementor-element-1d87973 elementor-section-boxed elementor-section-height-default elementor-section-height-default\" data-id=\"1d87973\" data-element_type=\"section\" data-e-type=\"section\">\n\t\t\t\t\t\t<div class=\"elementor-container elementor-column-gap-default\">\n\t\t\t\t\t<div class=\"elementor-column elementor-col-100 elementor-top-column elementor-element elementor-element-c5f8267\" data-id=\"c5f8267\" data-element_type=\"column\" data-e-type=\"column\">\n\t\t\t<div class=\"elementor-widget-wrap elementor-element-populated\">\n\t\t\t\t\t\t<div class=\"elementor-element elementor-element-7ec5034 elementor-widget elementor-widget-spacer\" data-id=\"7ec5034\" data-element_type=\"widget\" data-e-type=\"widget\" data-widget_type=\"spacer.default\">\n\t\t\t\t<div class=\"elementor-widget-container\">\n\t\t\t\t\t\t\t<div class=\"elementor-spacer\">\n\t\t\t<div class=\"elementor-spacer-inner\"><\/div>\n\t\t<\/div>\n\t\t\t\t\t\t<\/div>\n\t\t\t\t<\/div>\n\t\t\t\t<div class=\"elementor-element elementor-element-fb27b48 elementor-widget elementor-widget-heading\" data-id=\"fb27b48\" data-element_type=\"widget\" data-e-type=\"widget\" data-widget_type=\"heading.default\">\n\t\t\t\t<div class=\"elementor-widget-container\">\n\t\t\t\t\t<h2 class=\"elementor-heading-title elementor-size-default\">Linhas<\/h2>\t\t\t\t<\/div>\n\t\t\t\t<\/div>\n\t\t\t\t<div class=\"elementor-element elementor-element-0d53111 elementor-widget-divider--view-line elementor-widget elementor-widget-divider\" data-id=\"0d53111\" data-element_type=\"widget\" data-e-type=\"widget\" data-widget_type=\"divider.default\">\n\t\t\t\t<div class=\"elementor-widget-container\">\n\t\t\t\t\t\t\t<div class=\"elementor-divider\">\n\t\t\t<span class=\"elementor-divider-separator\">\n\t\t\t\t\t\t<\/span>\n\t\t<\/div>\n\t\t\t\t\t\t<\/div>\n\t\t\t\t<\/div>\n\t\t\t\t<div class=\"elementor-element elementor-element-a8993eb elementor-widget elementor-widget-text-editor\" data-id=\"a8993eb\" data-element_type=\"widget\" data-e-type=\"widget\" data-widget_type=\"text-editor.default\">\n\t\t\t\t<div class=\"elementor-widget-container\">\n\t\t\t\t\t\t\t\t\t<p>A linha \u00e9 um elemento composto por v\u00e1rios pontos seguidos, mas, dependendo da sua curvatura, peso, comprimento e contexto, a linha pode ajudar a organizar informa\u00e7\u00e3o, dar movimento e at\u00e9 despertar sentimentos. Existem tamb\u00e9m linhas invis\u00edveis, \u00e0s quais chamamos grelha, que conferem estrutura e alinhamento a uma composi\u00e7\u00e3o.<\/p><p>No entanto, as linhas vis\u00edveis podem comunicar uma variedade de mensagens e emo\u00e7\u00f5es. Dependendo do contexto, as linhas mais pesadas e grossas podem dar uma sensa\u00e7\u00e3o de estabilidade, enquanto as linhas mais onduladas podem sugerir fragilidade ou at\u00e9 eleg\u00e2ncia!<\/p>\t\t\t\t\t\t\t\t<\/div>\n\t\t\t\t<\/div>\n\t\t\t\t\t<\/div>\n\t\t<\/div>\n\t\t\t\t\t<\/div>\n\t\t<\/section>\n\t\t\t\t<section class=\"elementor-section elementor-top-section elementor-element elementor-element-9d16da7 elementor-section-boxed elementor-section-height-default elementor-section-height-default\" data-id=\"9d16da7\" data-element_type=\"section\" data-e-type=\"section\">\n\t\t\t\t\t\t<div class=\"elementor-container elementor-column-gap-default\">\n\t\t\t\t\t<div class=\"elementor-column elementor-col-100 elementor-top-column elementor-element elementor-element-2f97c93\" data-id=\"2f97c93\" data-element_type=\"column\" data-e-type=\"column\">\n\t\t\t<div class=\"elementor-widget-wrap elementor-element-populated\">\n\t\t\t\t\t\t<div class=\"elementor-element elementor-element-1b4f946 elementor-widget elementor-widget-spacer\" data-id=\"1b4f946\" data-element_type=\"widget\" data-e-type=\"widget\" data-widget_type=\"spacer.default\">\n\t\t\t\t<div class=\"elementor-widget-container\">\n\t\t\t\t\t\t\t<div class=\"elementor-spacer\">\n\t\t\t<div class=\"elementor-spacer-inner\"><\/div>\n\t\t<\/div>\n\t\t\t\t\t\t<\/div>\n\t\t\t\t<\/div>\n\t\t\t\t<div class=\"elementor-element elementor-element-e97c3fd elementor-widget elementor-widget-heading\" data-id=\"e97c3fd\" data-element_type=\"widget\" data-e-type=\"widget\" data-widget_type=\"heading.default\">\n\t\t\t\t<div class=\"elementor-widget-container\">\n\t\t\t\t\t<h2 class=\"elementor-heading-title elementor-size-default\">Formas<\/h2>\t\t\t\t<\/div>\n\t\t\t\t<\/div>\n\t\t\t\t<div class=\"elementor-element elementor-element-2fa189b elementor-widget-divider--view-line elementor-widget elementor-widget-divider\" data-id=\"2fa189b\" data-element_type=\"widget\" data-e-type=\"widget\" data-widget_type=\"divider.default\">\n\t\t\t\t<div class=\"elementor-widget-container\">\n\t\t\t\t\t\t\t<div class=\"elementor-divider\">\n\t\t\t<span class=\"elementor-divider-separator\">\n\t\t\t\t\t\t<\/span>\n\t\t<\/div>\n\t\t\t\t\t\t<\/div>\n\t\t\t\t<\/div>\n\t\t\t\t<div class=\"elementor-element elementor-element-a7c524c elementor-widget elementor-widget-text-editor\" data-id=\"a7c524c\" data-element_type=\"widget\" data-e-type=\"widget\" data-widget_type=\"text-editor.default\">\n\t\t\t\t<div class=\"elementor-widget-container\">\n\t\t\t\t\t\t\t\t\t<p>A forma pode ser entendida como uma \u00e1rea ou figura contida por um limite ou por um contorno fechado e divide-se em dois tipos: formas geom\u00e9tricas e formas org\u00e2nicas (mais livres).<\/p><p>Dentro das formas geom\u00e9tricas podemos encontrar as bidimensionais e as tridimensionais, que s\u00e3o geralmente formas mais simplistas. J\u00e1 as formas org\u00e2nicas s\u00e3o menos uniformes, desproporcionais e pouco definidas, o que inclui tanto as formas naturais, como folhas ou videiras, como tamb\u00e9m as mais abstratas.<\/p><p>Geralmente, atribu\u00edmos positivismo ou harmonia \u00e0s formas mais redondas e as mais quadradas mostram mais equil\u00edbrio ou for\u00e7a. Os tri\u00e2ngulos, por exemplo, j\u00e1 s\u00e3o mais associados a ci\u00eancia, religi\u00e3o ou mesmo poder.<\/p>\t\t\t\t\t\t\t\t<\/div>\n\t\t\t\t<\/div>\n\t\t\t\t\t<\/div>\n\t\t<\/div>\n\t\t\t\t\t<\/div>\n\t\t<\/section>\n\t\t\t\t<section class=\"elementor-section elementor-top-section elementor-element elementor-element-6748612 elementor-section-boxed elementor-section-height-default elementor-section-height-default\" data-id=\"6748612\" data-element_type=\"section\" data-e-type=\"section\">\n\t\t\t\t\t\t<div class=\"elementor-container elementor-column-gap-default\">\n\t\t\t\t\t<div class=\"elementor-column elementor-col-100 elementor-top-column elementor-element elementor-element-b8b3bd1\" data-id=\"b8b3bd1\" data-element_type=\"column\" data-e-type=\"column\">\n\t\t\t<div class=\"elementor-widget-wrap elementor-element-populated\">\n\t\t\t\t\t\t<div class=\"elementor-element elementor-element-9395c69 elementor-widget elementor-widget-spacer\" data-id=\"9395c69\" data-element_type=\"widget\" data-e-type=\"widget\" data-widget_type=\"spacer.default\">\n\t\t\t\t<div class=\"elementor-widget-container\">\n\t\t\t\t\t\t\t<div class=\"elementor-spacer\">\n\t\t\t<div class=\"elementor-spacer-inner\"><\/div>\n\t\t<\/div>\n\t\t\t\t\t\t<\/div>\n\t\t\t\t<\/div>\n\t\t\t\t<div class=\"elementor-element elementor-element-e6f1579 elementor-widget elementor-widget-heading\" data-id=\"e6f1579\" data-element_type=\"widget\" data-e-type=\"widget\" data-widget_type=\"heading.default\">\n\t\t\t\t<div class=\"elementor-widget-container\">\n\t\t\t\t\t<h2 class=\"elementor-heading-title elementor-size-default\">Cores<\/h2>\t\t\t\t<\/div>\n\t\t\t\t<\/div>\n\t\t\t\t<div class=\"elementor-element elementor-element-b7f82f8 elementor-widget-divider--view-line elementor-widget elementor-widget-divider\" data-id=\"b7f82f8\" data-element_type=\"widget\" data-e-type=\"widget\" data-widget_type=\"divider.default\">\n\t\t\t\t<div class=\"elementor-widget-container\">\n\t\t\t\t\t\t\t<div class=\"elementor-divider\">\n\t\t\t<span class=\"elementor-divider-separator\">\n\t\t\t\t\t\t<\/span>\n\t\t<\/div>\n\t\t\t\t\t\t<\/div>\n\t\t\t\t<\/div>\n\t\t\t\t<div class=\"elementor-element elementor-element-6c83c4e elementor-widget elementor-widget-text-editor\" data-id=\"6c83c4e\" data-element_type=\"widget\" data-e-type=\"widget\" data-widget_type=\"text-editor.default\">\n\t\t\t\t<div class=\"elementor-widget-container\">\n\t\t\t\t\t\t\t\t\t<p>A cor pode ser uma ferramenta \u00fatil para transmitir um certo estado de esp\u00edrito ou provocar uma resposta emocional no p\u00fablico. A\u00a0<a href=\"http:\/\/boomer.pt\/pt\/o-raio-do-blog\/o-raio-do-blog\/item\/189-cor-e-cultura\">teoria das cores<\/a>\u00a0pode ser um guia pr\u00e1tico que te ajuda a selecionar v\u00e1rias cores de uma forma harmoniosa ou intencionalmente discordante.<\/p><p>Existem as cores prim\u00e1rias, secund\u00e1rias e terci\u00e1rias e as harmonias de cor podem ser criadas quando selecionadas atrav\u00e9s das suas posi\u00e7\u00f5es na roda das cores. Por exemplo, as cores complementares est\u00e3o situadas em lados opostos da roda e s\u00e3o completamente contrastantes, podem exprimir vivacidade e energia, dependendo da forma como s\u00e3o usadas. Podem ser usadas cores do esquema que estejam lado a lado para criar uma sensa\u00e7\u00e3o de harmonia, mas se forem usadas incorretamente acabam por se tornar aborrecidas. Posto isto, por vezes, \u00e9 necess\u00e1rio usar elementos contrastantes para as revitalizar.<\/p>\t\t\t\t\t\t\t\t<\/div>\n\t\t\t\t<\/div>\n\t\t\t\t<div class=\"elementor-element elementor-element-a21b87c elementor-widget elementor-widget-image\" data-id=\"a21b87c\" data-element_type=\"widget\" data-e-type=\"widget\" data-widget_type=\"image.default\">\n\t\t\t\t<div class=\"elementor-widget-container\">\n\t\t\t\t\t\t\t\t\t\t\t\t\t\t\t<img decoding=\"async\" width=\"938\" height=\"227\" data-src=\"https:\/\/boomer.pt\/raiodoblog\/wp-content\/uploads\/2022\/08\/24501_Converted-01.png\" class=\"attachment-full size-full wp-image-7297 lazyload\" alt=\"\" data-srcset=\"https:\/\/boomer.pt\/raiodoblog\/wp-content\/uploads\/2022\/08\/24501_Converted-01.png 938w, https:\/\/boomer.pt\/raiodoblog\/wp-content\/uploads\/2022\/08\/24501_Converted-01-300x73.png 300w, https:\/\/boomer.pt\/raiodoblog\/wp-content\/uploads\/2022\/08\/24501_Converted-01-768x186.png 768w\" data-sizes=\"(max-width: 938px) 100vw, 938px\" src=\"data:image\/gif;base64,R0lGODlhAQABAAAAACH5BAEKAAEALAAAAAABAAEAAAICTAEAOw==\" style=\"--smush-placeholder-width: 938px; --smush-placeholder-aspect-ratio: 938\/227;\" \/>\t\t\t\t\t\t\t\t\t\t\t\t\t\t\t<\/div>\n\t\t\t\t<\/div>\n\t\t\t\t<div class=\"elementor-element elementor-element-daa6c51 elementor-widget elementor-widget-text-editor\" data-id=\"daa6c51\" data-element_type=\"widget\" data-e-type=\"widget\" data-widget_type=\"text-editor.default\">\n\t\t\t\t<div class=\"elementor-widget-container\">\n\t\t\t\t\t\t\t\t\t<p>De acordo com alguns especialistas, as pessoas t\u00eam respostas emocionais diferentes \u00e0s mesmas cores, dependendo do seu contexto cultural, por isso \u00e9 importante perceber e estudar o seu p\u00fablico-alvo quando est\u00e1 a trabalhar para divulgar o seu produto ou marca.<\/p>\t\t\t\t\t\t\t\t<\/div>\n\t\t\t\t<\/div>\n\t\t\t\t\t<\/div>\n\t\t<\/div>\n\t\t\t\t\t<\/div>\n\t\t<\/section>\n\t\t\t\t<section class=\"elementor-section elementor-top-section elementor-element elementor-element-0dc4714 elementor-section-boxed elementor-section-height-default elementor-section-height-default\" data-id=\"0dc4714\" data-element_type=\"section\" data-e-type=\"section\">\n\t\t\t\t\t\t<div class=\"elementor-container elementor-column-gap-default\">\n\t\t\t\t\t<div class=\"elementor-column elementor-col-100 elementor-top-column elementor-element elementor-element-9cb9b8e\" data-id=\"9cb9b8e\" data-element_type=\"column\" data-e-type=\"column\">\n\t\t\t<div class=\"elementor-widget-wrap elementor-element-populated\">\n\t\t\t\t\t\t<div class=\"elementor-element elementor-element-36d5dd4 elementor-widget elementor-widget-spacer\" data-id=\"36d5dd4\" data-element_type=\"widget\" data-e-type=\"widget\" data-widget_type=\"spacer.default\">\n\t\t\t\t<div class=\"elementor-widget-container\">\n\t\t\t\t\t\t\t<div class=\"elementor-spacer\">\n\t\t\t<div class=\"elementor-spacer-inner\"><\/div>\n\t\t<\/div>\n\t\t\t\t\t\t<\/div>\n\t\t\t\t<\/div>\n\t\t\t\t<div class=\"elementor-element elementor-element-5bead3e elementor-widget elementor-widget-heading\" data-id=\"5bead3e\" data-element_type=\"widget\" data-e-type=\"widget\" data-widget_type=\"heading.default\">\n\t\t\t\t<div class=\"elementor-widget-container\">\n\t\t\t\t\t<h2 class=\"elementor-heading-title elementor-size-default\">Texturas<\/h2>\t\t\t\t<\/div>\n\t\t\t\t<\/div>\n\t\t\t\t<div class=\"elementor-element elementor-element-65e0141 elementor-widget-divider--view-line elementor-widget elementor-widget-divider\" data-id=\"65e0141\" data-element_type=\"widget\" data-e-type=\"widget\" data-widget_type=\"divider.default\">\n\t\t\t\t<div class=\"elementor-widget-container\">\n\t\t\t\t\t\t\t<div class=\"elementor-divider\">\n\t\t\t<span class=\"elementor-divider-separator\">\n\t\t\t\t\t\t<\/span>\n\t\t<\/div>\n\t\t\t\t\t\t<\/div>\n\t\t\t\t<\/div>\n\t\t\t\t<div class=\"elementor-element elementor-element-794e6e8 elementor-widget elementor-widget-text-editor\" data-id=\"794e6e8\" data-element_type=\"widget\" data-e-type=\"widget\" data-widget_type=\"text-editor.default\">\n\t\t\t\t<div class=\"elementor-widget-container\">\n\t\t\t\t\t\t\t\t\t<p>Uma textura de uma superf\u00edcie pode ser suave, rugosa, brilhante ou at\u00e9 peluda, e os designers gr\u00e1ficos esfor\u00e7am-se para criar a ilus\u00e3o de que \u00e9 poss\u00edvel quase tocar e sentir o que se est\u00e1 a visualizar.<\/p><p>Existem v\u00e1rias maneiras de explorar as texturas num trabalho de design: a inspira\u00e7\u00e3o pode surgir da natureza, com texturas mais org\u00e2nicas, ou pode surgir atrav\u00e9s de padr\u00f5es bidimensionais usadas muitas vezes como fundos.<\/p>\t\t\t\t\t\t\t\t<\/div>\n\t\t\t\t<\/div>\n\t\t\t\t\t<\/div>\n\t\t<\/div>\n\t\t\t\t\t<\/div>\n\t\t<\/section>\n\t\t\t\t<section class=\"elementor-section elementor-top-section elementor-element elementor-element-6c2d3ab elementor-section-boxed elementor-section-height-default elementor-section-height-default\" data-id=\"6c2d3ab\" data-element_type=\"section\" data-e-type=\"section\">\n\t\t\t\t\t\t<div class=\"elementor-container elementor-column-gap-default\">\n\t\t\t\t\t<div class=\"elementor-column elementor-col-100 elementor-top-column elementor-element elementor-element-b9d2876\" data-id=\"b9d2876\" data-element_type=\"column\" data-e-type=\"column\">\n\t\t\t<div class=\"elementor-widget-wrap elementor-element-populated\">\n\t\t\t\t\t\t<div class=\"elementor-element elementor-element-6a6b477 elementor-widget elementor-widget-spacer\" data-id=\"6a6b477\" data-element_type=\"widget\" data-e-type=\"widget\" data-widget_type=\"spacer.default\">\n\t\t\t\t<div class=\"elementor-widget-container\">\n\t\t\t\t\t\t\t<div class=\"elementor-spacer\">\n\t\t\t<div class=\"elementor-spacer-inner\"><\/div>\n\t\t<\/div>\n\t\t\t\t\t\t<\/div>\n\t\t\t\t<\/div>\n\t\t\t\t<div class=\"elementor-element elementor-element-f0e9844 elementor-widget elementor-widget-heading\" data-id=\"f0e9844\" data-element_type=\"widget\" data-e-type=\"widget\" data-widget_type=\"heading.default\">\n\t\t\t\t<div class=\"elementor-widget-container\">\n\t\t\t\t\t<h2 class=\"elementor-heading-title elementor-size-default\">Tipografias<\/h2>\t\t\t\t<\/div>\n\t\t\t\t<\/div>\n\t\t\t\t<div class=\"elementor-element elementor-element-9308521 elementor-widget-divider--view-line elementor-widget elementor-widget-divider\" data-id=\"9308521\" data-element_type=\"widget\" data-e-type=\"widget\" data-widget_type=\"divider.default\">\n\t\t\t\t<div class=\"elementor-widget-container\">\n\t\t\t\t\t\t\t<div class=\"elementor-divider\">\n\t\t\t<span class=\"elementor-divider-separator\">\n\t\t\t\t\t\t<\/span>\n\t\t<\/div>\n\t\t\t\t\t\t<\/div>\n\t\t\t\t<\/div>\n\t\t\t\t<div class=\"elementor-element elementor-element-54327c6 elementor-widget elementor-widget-text-editor\" data-id=\"54327c6\" data-element_type=\"widget\" data-e-type=\"widget\" data-widget_type=\"text-editor.default\">\n\t\t\t\t<div class=\"elementor-widget-container\">\n\t\t\t\t\t\t\t\t\t<p>Quer seja uma fonte escolhida ou criada, \u00e9 importante ter em conta se o tipo de letra \u00e9 leg\u00edvel e apropriado ao projeto ou marca. A tipografia pode afetar toda a comunica\u00e7\u00e3o, por isso h\u00e1 que considerar que tipo de letra ser\u00e1 o mais adequado: cursiva ou letra de imprensa, mais reta ou mais redonda, etc.<\/p><p>O peso conferido \u00e0s letras tamb\u00e9m se torna importante, uma vez que define a hierarquia do texto e a sua relev\u00e2ncia. Tamb\u00e9m \u00e9 preciso ter em conta o equil\u00edbrio do design e, se n\u00e3o te conseguires decidir apenas por uma fonte, podes usar mais, mas dir\u00edamos que, regra geral, nunca excedas as tr\u00eas fontes diferentes!<\/p><p>Se quiseres saber mais sobre este tema em espec\u00edfico tamb\u00e9m podes espreitar o nosso artigo \u201c<a href=\"http:\/\/boomer.pt\/pt\/o-raio-do-blog\/o-raio-do-blog\/item\/164-como-usar-tipografia-de-forma-eficaz\">Como usar Tipografias de forma eficaz<\/a>\u201d.<\/p>\t\t\t\t\t\t\t\t<\/div>\n\t\t\t\t<\/div>\n\t\t\t\t\t<\/div>\n\t\t<\/div>\n\t\t\t\t\t<\/div>\n\t\t<\/section>\n\t\t\t\t<section class=\"elementor-section elementor-top-section elementor-element elementor-element-f016742 elementor-section-boxed elementor-section-height-default elementor-section-height-default\" data-id=\"f016742\" data-element_type=\"section\" data-e-type=\"section\">\n\t\t\t\t\t\t<div class=\"elementor-container elementor-column-gap-default\">\n\t\t\t\t\t<div class=\"elementor-column elementor-col-100 elementor-top-column elementor-element elementor-element-9cf167b\" data-id=\"9cf167b\" data-element_type=\"column\" data-e-type=\"column\">\n\t\t\t<div class=\"elementor-widget-wrap elementor-element-populated\">\n\t\t\t\t\t\t<div class=\"elementor-element elementor-element-beba71a elementor-widget elementor-widget-spacer\" data-id=\"beba71a\" data-element_type=\"widget\" data-e-type=\"widget\" data-widget_type=\"spacer.default\">\n\t\t\t\t<div class=\"elementor-widget-container\">\n\t\t\t\t\t\t\t<div class=\"elementor-spacer\">\n\t\t\t<div class=\"elementor-spacer-inner\"><\/div>\n\t\t<\/div>\n\t\t\t\t\t\t<\/div>\n\t\t\t\t<\/div>\n\t\t\t\t<div class=\"elementor-element elementor-element-cc3053d elementor-widget elementor-widget-heading\" data-id=\"cc3053d\" data-element_type=\"widget\" data-e-type=\"widget\" data-widget_type=\"heading.default\">\n\t\t\t\t<div class=\"elementor-widget-container\">\n\t\t\t\t\t<h2 class=\"elementor-heading-title elementor-size-default\">Espa\u00e7os<\/h2>\t\t\t\t<\/div>\n\t\t\t\t<\/div>\n\t\t\t\t<div class=\"elementor-element elementor-element-50bf524 elementor-widget-divider--view-line elementor-widget elementor-widget-divider\" data-id=\"50bf524\" data-element_type=\"widget\" data-e-type=\"widget\" data-widget_type=\"divider.default\">\n\t\t\t\t<div class=\"elementor-widget-container\">\n\t\t\t\t\t\t\t<div class=\"elementor-divider\">\n\t\t\t<span class=\"elementor-divider-separator\">\n\t\t\t\t\t\t<\/span>\n\t\t<\/div>\n\t\t\t\t\t\t<\/div>\n\t\t\t\t<\/div>\n\t\t\t\t<div class=\"elementor-element elementor-element-fb76cac elementor-widget elementor-widget-text-editor\" data-id=\"fb76cac\" data-element_type=\"widget\" data-e-type=\"widget\" data-widget_type=\"text-editor.default\">\n\t\t\t\t<div class=\"elementor-widget-container\">\n\t\t\t\t\t\t\t\t\t<p>O espa\u00e7amento \u00e9 vital. Permite que o design respire, aumenta o impacto visual e pode enfatizar imagens ou mensagens que queremos que o p\u00fablico retenha. Se n\u00e3o houver espa\u00e7o, arriscamo-nos a que a mensagem n\u00e3o seja percebida porque est\u00e1 visualmente obstru\u00edda.<\/p><p>Os objetos podem parecer mais ou menos ligados de acordo com o espa\u00e7amento que existe entre eles: se for uma dist\u00e2ncia curta pode indicar que existe uma rela\u00e7\u00e3o forte, se estiverem mais afastados est\u00e3o menos relacionados. Se isolarmos um elemento estamos a dar-lhe import\u00e2ncia, mas tamb\u00e9m poder\u00e1 ser entendido como isolamento.<\/p>\t\t\t\t\t\t\t\t<\/div>\n\t\t\t\t<\/div>\n\t\t\t\t\t<\/div>\n\t\t<\/div>\n\t\t\t\t\t<\/div>\n\t\t<\/section>\n\t\t\t\t<section class=\"elementor-section elementor-top-section elementor-element elementor-element-fac49f7 elementor-section-boxed elementor-section-height-default elementor-section-height-default\" data-id=\"fac49f7\" data-element_type=\"section\" data-e-type=\"section\">\n\t\t\t\t\t\t<div class=\"elementor-container elementor-column-gap-default\">\n\t\t\t\t\t<div class=\"elementor-column elementor-col-100 elementor-top-column elementor-element elementor-element-7212006\" data-id=\"7212006\" data-element_type=\"column\" data-e-type=\"column\">\n\t\t\t<div class=\"elementor-widget-wrap elementor-element-populated\">\n\t\t\t\t\t\t<div class=\"elementor-element elementor-element-af7d884 elementor-widget elementor-widget-spacer\" data-id=\"af7d884\" data-element_type=\"widget\" data-e-type=\"widget\" data-widget_type=\"spacer.default\">\n\t\t\t\t<div class=\"elementor-widget-container\">\n\t\t\t\t\t\t\t<div class=\"elementor-spacer\">\n\t\t\t<div class=\"elementor-spacer-inner\"><\/div>\n\t\t<\/div>\n\t\t\t\t\t\t<\/div>\n\t\t\t\t<\/div>\n\t\t\t\t<div class=\"elementor-element elementor-element-fbecda4 elementor-widget elementor-widget-heading\" data-id=\"fbecda4\" data-element_type=\"widget\" data-e-type=\"widget\" data-widget_type=\"heading.default\">\n\t\t\t\t<div class=\"elementor-widget-container\">\n\t\t\t\t\t<h2 class=\"elementor-heading-title elementor-size-default\">Imagens<\/h2>\t\t\t\t<\/div>\n\t\t\t\t<\/div>\n\t\t\t\t<div class=\"elementor-element elementor-element-a6b491e elementor-widget-divider--view-line elementor-widget elementor-widget-divider\" data-id=\"a6b491e\" data-element_type=\"widget\" data-e-type=\"widget\" data-widget_type=\"divider.default\">\n\t\t\t\t<div class=\"elementor-widget-container\">\n\t\t\t\t\t\t\t<div class=\"elementor-divider\">\n\t\t\t<span class=\"elementor-divider-separator\">\n\t\t\t\t\t\t<\/span>\n\t\t<\/div>\n\t\t\t\t\t\t<\/div>\n\t\t\t\t<\/div>\n\t\t\t\t<div class=\"elementor-element elementor-element-fc27e94 elementor-widget elementor-widget-text-editor\" data-id=\"fc27e94\" data-element_type=\"widget\" data-e-type=\"widget\" data-widget_type=\"text-editor.default\">\n\t\t\t\t<div class=\"elementor-widget-container\">\n\t\t\t\t\t\t\t\t\t<p>Quer sejam usadas fotografias ou ilustra\u00e7\u00f5es, uma imagem trabalha o p\u00fablico em v\u00e1rias camadas simultaneamente. Quando se procura uma imagem deve-se procurar uma que conte a hist\u00f3ria certa e que maximize o interesse do p\u00fablico. Se escolheres uma com texturas e cores mais contrastantes est\u00e1s a oferecer uma abund\u00e2ncia visual que mant\u00e9m o p\u00fablico interessado. Ou podes optar por uma imagem mais simples que se foque mais no principal.<\/p>\t\t\t\t\t\t\t\t<\/div>\n\t\t\t\t<\/div>\n\t\t\t\t\t<\/div>\n\t\t<\/div>\n\t\t\t\t\t<\/div>\n\t\t<\/section>\n\t\t\t\t<section class=\"elementor-section elementor-top-section elementor-element elementor-element-cb314bd elementor-section-boxed elementor-section-height-default elementor-section-height-default\" data-id=\"cb314bd\" data-element_type=\"section\" data-e-type=\"section\">\n\t\t\t\t\t\t<div class=\"elementor-container elementor-column-gap-default\">\n\t\t\t\t\t<div class=\"elementor-column elementor-col-100 elementor-top-column elementor-element elementor-element-c1a305a\" data-id=\"c1a305a\" data-element_type=\"column\" data-e-type=\"column\">\n\t\t\t<div class=\"elementor-widget-wrap elementor-element-populated\">\n\t\t\t\t\t\t<div class=\"elementor-element elementor-element-2e26dc4 elementor-widget elementor-widget-spacer\" data-id=\"2e26dc4\" data-element_type=\"widget\" data-e-type=\"widget\" data-widget_type=\"spacer.default\">\n\t\t\t\t<div class=\"elementor-widget-container\">\n\t\t\t\t\t\t\t<div class=\"elementor-spacer\">\n\t\t\t<div class=\"elementor-spacer-inner\"><\/div>\n\t\t<\/div>\n\t\t\t\t\t\t<\/div>\n\t\t\t\t<\/div>\n\t\t\t\t<div class=\"elementor-element elementor-element-544d957 elementor-widget elementor-widget-text-editor\" data-id=\"544d957\" data-element_type=\"widget\" data-e-type=\"widget\" data-widget_type=\"text-editor.default\">\n\t\t\t\t<div class=\"elementor-widget-container\">\n\t\t\t\t\t\t\t\t\t<p>Agora que j\u00e1 conheces os elementos b\u00e1sicos do design, consegues identific\u00e1-los? E criar um todo harmonioso? Pois, a\u00ed come\u00e7am as dificuldades, mas tamb\u00e9m \u00e9 a\u00ed que entra o trabalho da BOOMER. Espreita o\u00a0<a href=\"https:\/\/www.behance.net\/boomer_pt\">nosso portef\u00f3lio<\/a>\u00a0e v\u00ea como podemos ajudar-te a trabalhar a imagem da tua marca!<\/p>\t\t\t\t\t\t\t\t<\/div>\n\t\t\t\t<\/div>\n\t\t\t\t\t<\/div>\n\t\t<\/div>\n\t\t\t\t\t<\/div>\n\t\t<\/section>\n\t\t\t\t<\/div>\n\t\t","protected":false},"excerpt":{"rendered":"<p>O design gr\u00e1fico consiste na forma como se combinam v\u00e1rios elementos e ideias capazes de captar a aten\u00e7\u00e3o do p\u00fablico e, ao mesmo tempo, comunicar uma mensagem espec\u00edfica.<\/p>\n","protected":false},"author":7,"featured_media":7296,"comment_status":"open","ping_status":"open","sticky":false,"template":"elementor_theme","format":"standard","meta":{"footnotes":""},"categories":[98],"tags":[131,130,156,197,198,140,154,236,139,148,133,132],"class_list":["post-7298","post","type-post","status-publish","format-standard","has-post-thumbnail","hentry","category-design","tag-agencia-digital","tag-agenciademarketing","tag-ai","tag-boomer","tag-boomer-academy","tag-branding","tag-design","tag-elementos-do-design","tag-marca","tag-marketingdigital","tag-redessociais","tag-vila-nova-de-famalicao"],"yoast_head":"<!-- This site is optimized with the Yoast SEO plugin v24.7 - https:\/\/yoast.com\/wordpress\/plugins\/seo\/ -->\n<title>Elementos do Design - BOOMER<\/title>\n<meta name=\"description\" content=\"O design gr\u00e1fico consiste na forma como se combinam v\u00e1rios elementos e ideias capazes de captar a aten\u00e7\u00e3o do p\u00fablico...\" \/>\n<meta name=\"robots\" content=\"index, follow, max-snippet:-1, max-image-preview:large, max-video-preview:-1\" \/>\n<link rel=\"canonical\" href=\"https:\/\/boomer.pt\/raiodoblog\/elementosdodesign\/\" \/>\n<meta property=\"og:locale\" content=\"en_US\" \/>\n<meta property=\"og:type\" content=\"article\" \/>\n<meta property=\"og:title\" content=\"Elementos do Design - BOOMER\" \/>\n<meta property=\"og:description\" content=\"O design gr\u00e1fico consiste na forma como se combinam v\u00e1rios elementos e ideias capazes de captar a aten\u00e7\u00e3o do p\u00fablico...\" \/>\n<meta property=\"og:url\" content=\"https:\/\/boomer.pt\/raiodoblog\/elementosdodesign\/\" \/>\n<meta property=\"og:site_name\" content=\"BOOMER\" \/>\n<meta property=\"article:publisher\" content=\"https:\/\/www.facebook.com\/boomer.pt\" \/>\n<meta property=\"article:published_time\" content=\"2022-12-14T10:54:52+00:00\" \/>\n<meta property=\"og:image\" content=\"https:\/\/boomer.pt\/raiodoblog\/wp-content\/uploads\/2022\/08\/BLOG_e_INSTA_02_elementosdesign-17.png\" \/>\n\t<meta property=\"og:image:width\" content=\"4168\" \/>\n\t<meta property=\"og:image:height\" content=\"2084\" \/>\n\t<meta property=\"og:image:type\" content=\"image\/png\" \/>\n<meta name=\"author\" content=\"Sara Madureira\" \/>\n<meta name=\"twitter:card\" content=\"summary_large_image\" \/>\n<meta name=\"twitter:label1\" content=\"Written by\" \/>\n\t<meta name=\"twitter:data1\" content=\"Sara Madureira\" \/>\n\t<meta name=\"twitter:label2\" content=\"Est. reading time\" \/>\n\t<meta name=\"twitter:data2\" content=\"6 minutes\" \/>\n<script type=\"application\/ld+json\" class=\"yoast-schema-graph\">{\"@context\":\"https:\/\/schema.org\",\"@graph\":[{\"@type\":\"Article\",\"@id\":\"https:\/\/boomer.pt\/raiodoblog\/elementosdodesign\/#article\",\"isPartOf\":{\"@id\":\"https:\/\/boomer.pt\/raiodoblog\/elementosdodesign\/\"},\"author\":{\"name\":\"Sara Madureira\",\"@id\":\"https:\/\/boomer.pt\/raiodoblog\/#\/schema\/person\/72c8aa2d4c035c3baea0df006cb25a52\"},\"headline\":\"Elementos do Design\",\"datePublished\":\"2022-12-14T10:54:52+00:00\",\"mainEntityOfPage\":{\"@id\":\"https:\/\/boomer.pt\/raiodoblog\/elementosdodesign\/\"},\"wordCount\":1001,\"commentCount\":0,\"publisher\":{\"@id\":\"https:\/\/boomer.pt\/raiodoblog\/#organization\"},\"image\":{\"@id\":\"https:\/\/boomer.pt\/raiodoblog\/elementosdodesign\/#primaryimage\"},\"thumbnailUrl\":\"https:\/\/boomer.pt\/raiodoblog\/wp-content\/uploads\/2022\/08\/BLOG_e_INSTA_02_elementosdesign-17.png\",\"keywords\":[\"agencia digital\",\"agenciademarketing\",\"ai\",\"Boomer\",\"Boomer Academy\",\"branding\",\"design\",\"Elementos do design\",\"marca\",\"marketingdigital\",\"redessociais\",\"vila nova de famalicao\"],\"articleSection\":[\"Design Gr\u00e1fico\"],\"inLanguage\":\"en-US\",\"potentialAction\":[{\"@type\":\"CommentAction\",\"name\":\"Comment\",\"target\":[\"https:\/\/boomer.pt\/raiodoblog\/elementosdodesign\/#respond\"]}]},{\"@type\":\"WebPage\",\"@id\":\"https:\/\/boomer.pt\/raiodoblog\/elementosdodesign\/\",\"url\":\"https:\/\/boomer.pt\/raiodoblog\/elementosdodesign\/\",\"name\":\"Elementos do Design - BOOMER\",\"isPartOf\":{\"@id\":\"https:\/\/boomer.pt\/raiodoblog\/#website\"},\"primaryImageOfPage\":{\"@id\":\"https:\/\/boomer.pt\/raiodoblog\/elementosdodesign\/#primaryimage\"},\"image\":{\"@id\":\"https:\/\/boomer.pt\/raiodoblog\/elementosdodesign\/#primaryimage\"},\"thumbnailUrl\":\"https:\/\/boomer.pt\/raiodoblog\/wp-content\/uploads\/2022\/08\/BLOG_e_INSTA_02_elementosdesign-17.png\",\"datePublished\":\"2022-12-14T10:54:52+00:00\",\"description\":\"O design gr\u00e1fico consiste na forma como se combinam v\u00e1rios elementos e ideias capazes de captar a aten\u00e7\u00e3o do p\u00fablico...\",\"breadcrumb\":{\"@id\":\"https:\/\/boomer.pt\/raiodoblog\/elementosdodesign\/#breadcrumb\"},\"inLanguage\":\"en-US\",\"potentialAction\":[{\"@type\":\"ReadAction\",\"target\":[\"https:\/\/boomer.pt\/raiodoblog\/elementosdodesign\/\"]}]},{\"@type\":\"ImageObject\",\"inLanguage\":\"en-US\",\"@id\":\"https:\/\/boomer.pt\/raiodoblog\/elementosdodesign\/#primaryimage\",\"url\":\"https:\/\/boomer.pt\/raiodoblog\/wp-content\/uploads\/2022\/08\/BLOG_e_INSTA_02_elementosdesign-17.png\",\"contentUrl\":\"https:\/\/boomer.pt\/raiodoblog\/wp-content\/uploads\/2022\/08\/BLOG_e_INSTA_02_elementosdesign-17.png\",\"width\":4168,\"height\":2084},{\"@type\":\"BreadcrumbList\",\"@id\":\"https:\/\/boomer.pt\/raiodoblog\/elementosdodesign\/#breadcrumb\",\"itemListElement\":[{\"@type\":\"ListItem\",\"position\":1,\"name\":\"In\u00edcio\",\"item\":\"https:\/\/boomer.pt\/raiodoblog\/\"},{\"@type\":\"ListItem\",\"position\":2,\"name\":\"Elementos do Design\"}]},{\"@type\":\"WebSite\",\"@id\":\"https:\/\/boomer.pt\/raiodoblog\/#website\",\"url\":\"https:\/\/boomer.pt\/raiodoblog\/\",\"name\":\"BOOMER\",\"description\":\"Brand &amp; Digital Agency\",\"publisher\":{\"@id\":\"https:\/\/boomer.pt\/raiodoblog\/#organization\"},\"potentialAction\":[{\"@type\":\"SearchAction\",\"target\":{\"@type\":\"EntryPoint\",\"urlTemplate\":\"https:\/\/boomer.pt\/raiodoblog\/?s={search_term_string}\"},\"query-input\":{\"@type\":\"PropertyValueSpecification\",\"valueRequired\":true,\"valueName\":\"search_term_string\"}}],\"inLanguage\":\"en-US\"},{\"@type\":\"Organization\",\"@id\":\"https:\/\/boomer.pt\/raiodoblog\/#organization\",\"name\":\"BOOMER\",\"url\":\"https:\/\/boomer.pt\/raiodoblog\/\",\"logo\":{\"@type\":\"ImageObject\",\"inLanguage\":\"en-US\",\"@id\":\"https:\/\/boomer.pt\/raiodoblog\/#\/schema\/logo\/image\/\",\"url\":\"https:\/\/boomer.pt\/raiodoblog\/wp-content\/uploads\/2022\/10\/BoomerLogo-2.svg\",\"contentUrl\":\"https:\/\/boomer.pt\/raiodoblog\/wp-content\/uploads\/2022\/10\/BoomerLogo-2.svg\",\"width\":154,\"height\":40,\"caption\":\"BOOMER\"},\"image\":{\"@id\":\"https:\/\/boomer.pt\/raiodoblog\/#\/schema\/logo\/image\/\"},\"sameAs\":[\"https:\/\/www.facebook.com\/boomer.pt\",\"https:\/\/www.instagram.com\/boomerpt\/\",\"https:\/\/www.linkedin.com\/company\/2641069\/admin\/\",\"https:\/\/www.youtube.com\/channel\/UCJ4-FswWDdO5i1UVdIUqtGw\/feed\",\"https:\/\/www.behance.net\/boomer_pt\"]},{\"@type\":\"Person\",\"@id\":\"https:\/\/boomer.pt\/raiodoblog\/#\/schema\/person\/72c8aa2d4c035c3baea0df006cb25a52\",\"name\":\"Sara Madureira\",\"image\":{\"@type\":\"ImageObject\",\"inLanguage\":\"en-US\",\"@id\":\"https:\/\/boomer.pt\/raiodoblog\/#\/schema\/person\/image\/\",\"url\":\"https:\/\/secure.gravatar.com\/avatar\/894bfac6c2a840c898f7aef022714b441ae689d32ff85362b227a78056a03401?s=96&d=mm&r=g\",\"contentUrl\":\"https:\/\/secure.gravatar.com\/avatar\/894bfac6c2a840c898f7aef022714b441ae689d32ff85362b227a78056a03401?s=96&d=mm&r=g\",\"caption\":\"Sara Madureira\"},\"description\":\"Designer\",\"url\":\"https:\/\/boomer.pt\/raiodoblog\/author\/sara-madureira\/\"}]}<\/script>\n<!-- \/ Yoast SEO plugin. -->","yoast_head_json":{"title":"Elementos do Design - BOOMER","description":"O design gr\u00e1fico consiste na forma como se combinam v\u00e1rios elementos e ideias capazes de captar a aten\u00e7\u00e3o do p\u00fablico...","robots":{"index":"index","follow":"follow","max-snippet":"max-snippet:-1","max-image-preview":"max-image-preview:large","max-video-preview":"max-video-preview:-1"},"canonical":"https:\/\/boomer.pt\/raiodoblog\/elementosdodesign\/","og_locale":"en_US","og_type":"article","og_title":"Elementos do Design - BOOMER","og_description":"O design gr\u00e1fico consiste na forma como se combinam v\u00e1rios elementos e ideias capazes de captar a aten\u00e7\u00e3o do p\u00fablico...","og_url":"https:\/\/boomer.pt\/raiodoblog\/elementosdodesign\/","og_site_name":"BOOMER","article_publisher":"https:\/\/www.facebook.com\/boomer.pt","article_published_time":"2022-12-14T10:54:52+00:00","og_image":[{"width":4168,"height":2084,"url":"https:\/\/boomer.pt\/raiodoblog\/wp-content\/uploads\/2022\/08\/BLOG_e_INSTA_02_elementosdesign-17.png","type":"image\/png"}],"author":"Sara Madureira","twitter_card":"summary_large_image","twitter_misc":{"Written by":"Sara Madureira","Est. reading time":"6 minutes"},"schema":{"@context":"https:\/\/schema.org","@graph":[{"@type":"Article","@id":"https:\/\/boomer.pt\/raiodoblog\/elementosdodesign\/#article","isPartOf":{"@id":"https:\/\/boomer.pt\/raiodoblog\/elementosdodesign\/"},"author":{"name":"Sara Madureira","@id":"https:\/\/boomer.pt\/raiodoblog\/#\/schema\/person\/72c8aa2d4c035c3baea0df006cb25a52"},"headline":"Elementos do Design","datePublished":"2022-12-14T10:54:52+00:00","mainEntityOfPage":{"@id":"https:\/\/boomer.pt\/raiodoblog\/elementosdodesign\/"},"wordCount":1001,"commentCount":0,"publisher":{"@id":"https:\/\/boomer.pt\/raiodoblog\/#organization"},"image":{"@id":"https:\/\/boomer.pt\/raiodoblog\/elementosdodesign\/#primaryimage"},"thumbnailUrl":"https:\/\/boomer.pt\/raiodoblog\/wp-content\/uploads\/2022\/08\/BLOG_e_INSTA_02_elementosdesign-17.png","keywords":["agencia digital","agenciademarketing","ai","Boomer","Boomer Academy","branding","design","Elementos do design","marca","marketingdigital","redessociais","vila nova de famalicao"],"articleSection":["Design Gr\u00e1fico"],"inLanguage":"en-US","potentialAction":[{"@type":"CommentAction","name":"Comment","target":["https:\/\/boomer.pt\/raiodoblog\/elementosdodesign\/#respond"]}]},{"@type":"WebPage","@id":"https:\/\/boomer.pt\/raiodoblog\/elementosdodesign\/","url":"https:\/\/boomer.pt\/raiodoblog\/elementosdodesign\/","name":"Elementos do Design - BOOMER","isPartOf":{"@id":"https:\/\/boomer.pt\/raiodoblog\/#website"},"primaryImageOfPage":{"@id":"https:\/\/boomer.pt\/raiodoblog\/elementosdodesign\/#primaryimage"},"image":{"@id":"https:\/\/boomer.pt\/raiodoblog\/elementosdodesign\/#primaryimage"},"thumbnailUrl":"https:\/\/boomer.pt\/raiodoblog\/wp-content\/uploads\/2022\/08\/BLOG_e_INSTA_02_elementosdesign-17.png","datePublished":"2022-12-14T10:54:52+00:00","description":"O design gr\u00e1fico consiste na forma como se combinam v\u00e1rios elementos e ideias capazes de captar a aten\u00e7\u00e3o do p\u00fablico...","breadcrumb":{"@id":"https:\/\/boomer.pt\/raiodoblog\/elementosdodesign\/#breadcrumb"},"inLanguage":"en-US","potentialAction":[{"@type":"ReadAction","target":["https:\/\/boomer.pt\/raiodoblog\/elementosdodesign\/"]}]},{"@type":"ImageObject","inLanguage":"en-US","@id":"https:\/\/boomer.pt\/raiodoblog\/elementosdodesign\/#primaryimage","url":"https:\/\/boomer.pt\/raiodoblog\/wp-content\/uploads\/2022\/08\/BLOG_e_INSTA_02_elementosdesign-17.png","contentUrl":"https:\/\/boomer.pt\/raiodoblog\/wp-content\/uploads\/2022\/08\/BLOG_e_INSTA_02_elementosdesign-17.png","width":4168,"height":2084},{"@type":"BreadcrumbList","@id":"https:\/\/boomer.pt\/raiodoblog\/elementosdodesign\/#breadcrumb","itemListElement":[{"@type":"ListItem","position":1,"name":"In\u00edcio","item":"https:\/\/boomer.pt\/raiodoblog\/"},{"@type":"ListItem","position":2,"name":"Elementos do Design"}]},{"@type":"WebSite","@id":"https:\/\/boomer.pt\/raiodoblog\/#website","url":"https:\/\/boomer.pt\/raiodoblog\/","name":"BOOMER","description":"Brand &amp; Digital Agency","publisher":{"@id":"https:\/\/boomer.pt\/raiodoblog\/#organization"},"potentialAction":[{"@type":"SearchAction","target":{"@type":"EntryPoint","urlTemplate":"https:\/\/boomer.pt\/raiodoblog\/?s={search_term_string}"},"query-input":{"@type":"PropertyValueSpecification","valueRequired":true,"valueName":"search_term_string"}}],"inLanguage":"en-US"},{"@type":"Organization","@id":"https:\/\/boomer.pt\/raiodoblog\/#organization","name":"BOOMER","url":"https:\/\/boomer.pt\/raiodoblog\/","logo":{"@type":"ImageObject","inLanguage":"en-US","@id":"https:\/\/boomer.pt\/raiodoblog\/#\/schema\/logo\/image\/","url":"https:\/\/boomer.pt\/raiodoblog\/wp-content\/uploads\/2022\/10\/BoomerLogo-2.svg","contentUrl":"https:\/\/boomer.pt\/raiodoblog\/wp-content\/uploads\/2022\/10\/BoomerLogo-2.svg","width":154,"height":40,"caption":"BOOMER"},"image":{"@id":"https:\/\/boomer.pt\/raiodoblog\/#\/schema\/logo\/image\/"},"sameAs":["https:\/\/www.facebook.com\/boomer.pt","https:\/\/www.instagram.com\/boomerpt\/","https:\/\/www.linkedin.com\/company\/2641069\/admin\/","https:\/\/www.youtube.com\/channel\/UCJ4-FswWDdO5i1UVdIUqtGw\/feed","https:\/\/www.behance.net\/boomer_pt"]},{"@type":"Person","@id":"https:\/\/boomer.pt\/raiodoblog\/#\/schema\/person\/72c8aa2d4c035c3baea0df006cb25a52","name":"Sara Madureira","image":{"@type":"ImageObject","inLanguage":"en-US","@id":"https:\/\/boomer.pt\/raiodoblog\/#\/schema\/person\/image\/","url":"https:\/\/secure.gravatar.com\/avatar\/894bfac6c2a840c898f7aef022714b441ae689d32ff85362b227a78056a03401?s=96&d=mm&r=g","contentUrl":"https:\/\/secure.gravatar.com\/avatar\/894bfac6c2a840c898f7aef022714b441ae689d32ff85362b227a78056a03401?s=96&d=mm&r=g","caption":"Sara Madureira"},"description":"Designer","url":"https:\/\/boomer.pt\/raiodoblog\/author\/sara-madureira\/"}]}},"_links":{"self":[{"href":"https:\/\/boomer.pt\/raiodoblog\/wp-json\/wp\/v2\/posts\/7298","targetHints":{"allow":["GET"]}}],"collection":[{"href":"https:\/\/boomer.pt\/raiodoblog\/wp-json\/wp\/v2\/posts"}],"about":[{"href":"https:\/\/boomer.pt\/raiodoblog\/wp-json\/wp\/v2\/types\/post"}],"author":[{"embeddable":true,"href":"https:\/\/boomer.pt\/raiodoblog\/wp-json\/wp\/v2\/users\/7"}],"replies":[{"embeddable":true,"href":"https:\/\/boomer.pt\/raiodoblog\/wp-json\/wp\/v2\/comments?post=7298"}],"version-history":[{"count":1,"href":"https:\/\/boomer.pt\/raiodoblog\/wp-json\/wp\/v2\/posts\/7298\/revisions"}],"predecessor-version":[{"id":26103,"href":"https:\/\/boomer.pt\/raiodoblog\/wp-json\/wp\/v2\/posts\/7298\/revisions\/26103"}],"wp:featuredmedia":[{"embeddable":true,"href":"https:\/\/boomer.pt\/raiodoblog\/wp-json\/wp\/v2\/media\/7296"}],"wp:attachment":[{"href":"https:\/\/boomer.pt\/raiodoblog\/wp-json\/wp\/v2\/media?parent=7298"}],"wp:term":[{"taxonomy":"category","embeddable":true,"href":"https:\/\/boomer.pt\/raiodoblog\/wp-json\/wp\/v2\/categories?post=7298"},{"taxonomy":"post_tag","embeddable":true,"href":"https:\/\/boomer.pt\/raiodoblog\/wp-json\/wp\/v2\/tags?post=7298"}],"curies":[{"name":"wp","href":"https:\/\/api.w.org\/{rel}","templated":true}]}}