{"id":7289,"date":"2019-04-15T11:42:44","date_gmt":"2019-04-15T10:42:44","guid":{"rendered":"http:\/\/boomer.pt\/como-transmitir-a-essencia-da-tua-marca-no-digital\/"},"modified":"2019-04-15T11:42:44","modified_gmt":"2019-04-15T10:42:44","slug":"como-transmitir-a-essencia-da-tua-marca-no-digital","status":"publish","type":"post","link":"https:\/\/boomer.pt\/raiodoblog\/como-transmitir-a-essencia-da-tua-marca-no-digital\/","title":{"rendered":"Como transmitir a ess\u00eancia da tua marca no digital?"},"content":{"rendered":"\t\t<div data-elementor-type=\"wp-post\" data-elementor-id=\"7289\" class=\"elementor elementor-7289\" data-elementor-post-type=\"post\">\n\t\t\t\t\t\t<section class=\"elementor-section elementor-top-section elementor-element elementor-element-f8d5ea6 elementor-section-boxed elementor-section-height-default elementor-section-height-default\" data-id=\"f8d5ea6\" data-element_type=\"section\" data-e-type=\"section\">\n\t\t\t\t\t\t<div class=\"elementor-container elementor-column-gap-default\">\n\t\t\t\t\t<div class=\"elementor-column elementor-col-100 elementor-top-column elementor-element elementor-element-e888f73\" data-id=\"e888f73\" data-element_type=\"column\" data-e-type=\"column\">\n\t\t\t<div class=\"elementor-widget-wrap elementor-element-populated\">\n\t\t\t\t\t\t<div class=\"elementor-element elementor-element-f94a0e1 elementor-widget elementor-widget-theme-post-title elementor-page-title elementor-widget-heading\" data-id=\"f94a0e1\" data-element_type=\"widget\" data-e-type=\"widget\" data-widget_type=\"theme-post-title.default\">\n\t\t\t\t<div class=\"elementor-widget-container\">\n\t\t\t\t\t<h1 class=\"elementor-heading-title elementor-size-default\">Como transmitir a ess\u00eancia da tua marca no digital?<\/h1>\t\t\t\t<\/div>\n\t\t\t\t<\/div>\n\t\t\t\t<div class=\"elementor-element elementor-element-5da1ee9 elementor-widget elementor-widget-text-editor\" data-id=\"5da1ee9\" data-element_type=\"widget\" data-e-type=\"widget\" data-widget_type=\"text-editor.default\">\n\t\t\t\t<div class=\"elementor-widget-container\">\n\t\t\t\t\t\t\t\t\t<p>Deixamos 5 pontos que deves ter em conta no plano digital para que a ess\u00eancia da tua marca se veja, se sinta e seja transmitida ao cliente!<\/p>\t\t\t\t\t\t\t\t<\/div>\n\t\t\t\t<\/div>\n\t\t\t\t\t<\/div>\n\t\t<\/div>\n\t\t\t\t\t<\/div>\n\t\t<\/section>\n\t\t\t\t<section class=\"elementor-section elementor-top-section elementor-element elementor-element-57020df elementor-section-boxed elementor-section-height-default elementor-section-height-default\" data-id=\"57020df\" data-element_type=\"section\" data-e-type=\"section\">\n\t\t\t\t\t\t<div class=\"elementor-container elementor-column-gap-default\">\n\t\t\t\t\t<div class=\"elementor-column elementor-col-100 elementor-top-column elementor-element elementor-element-78f197b\" data-id=\"78f197b\" data-element_type=\"column\" data-e-type=\"column\">\n\t\t\t<div class=\"elementor-widget-wrap elementor-element-populated\">\n\t\t\t\t\t\t<div class=\"elementor-element elementor-element-03eae85 elementor-widget elementor-widget-image\" data-id=\"03eae85\" data-element_type=\"widget\" data-e-type=\"widget\" data-widget_type=\"image.default\">\n\t\t\t\t<div class=\"elementor-widget-container\">\n\t\t\t\t\t\t\t\t\t\t\t\t\t\t\t<img fetchpriority=\"high\" decoding=\"async\" width=\"2001\" height=\"1001\" src=\"https:\/\/boomer.pt\/raiodoblog\/wp-content\/uploads\/2022\/07\/w29_essenciaMarcaDigital_site.jpg\" class=\"attachment-full size-full wp-image-7283\" alt=\"\" srcset=\"https:\/\/boomer.pt\/raiodoblog\/wp-content\/uploads\/2022\/07\/w29_essenciaMarcaDigital_site.jpg 2001w, https:\/\/boomer.pt\/raiodoblog\/wp-content\/uploads\/2022\/07\/w29_essenciaMarcaDigital_site-300x150.jpg 300w, https:\/\/boomer.pt\/raiodoblog\/wp-content\/uploads\/2022\/07\/w29_essenciaMarcaDigital_site-1024x512.jpg 1024w, https:\/\/boomer.pt\/raiodoblog\/wp-content\/uploads\/2022\/07\/w29_essenciaMarcaDigital_site-768x384.jpg 768w, https:\/\/boomer.pt\/raiodoblog\/wp-content\/uploads\/2022\/07\/w29_essenciaMarcaDigital_site-1536x768.jpg 1536w, https:\/\/boomer.pt\/raiodoblog\/wp-content\/uploads\/2022\/07\/w29_essenciaMarcaDigital_site-1568x784.jpg 1568w\" sizes=\"(max-width: 2001px) 100vw, 2001px\" \/>\t\t\t\t\t\t\t\t\t\t\t\t\t\t\t<\/div>\n\t\t\t\t<\/div>\n\t\t\t\t\t<\/div>\n\t\t<\/div>\n\t\t\t\t\t<\/div>\n\t\t<\/section>\n\t\t\t\t<section class=\"elementor-section elementor-top-section elementor-element elementor-element-f8267e6 elementor-section-boxed elementor-section-height-default elementor-section-height-default\" data-id=\"f8267e6\" data-element_type=\"section\" data-e-type=\"section\">\n\t\t\t\t\t\t<div class=\"elementor-container elementor-column-gap-default\">\n\t\t\t\t\t<div class=\"elementor-column elementor-col-100 elementor-top-column elementor-element elementor-element-e169eba\" data-id=\"e169eba\" data-element_type=\"column\" data-e-type=\"column\">\n\t\t\t<div class=\"elementor-widget-wrap elementor-element-populated\">\n\t\t\t\t\t\t<div class=\"elementor-element elementor-element-56fc0c9 elementor-widget elementor-widget-spacer\" data-id=\"56fc0c9\" data-element_type=\"widget\" data-e-type=\"widget\" data-widget_type=\"spacer.default\">\n\t\t\t\t<div class=\"elementor-widget-container\">\n\t\t\t\t\t\t\t<div class=\"elementor-spacer\">\n\t\t\t<div class=\"elementor-spacer-inner\"><\/div>\n\t\t<\/div>\n\t\t\t\t\t\t<\/div>\n\t\t\t\t<\/div>\n\t\t\t\t<div class=\"elementor-element elementor-element-f9f9b29 elementor-widget elementor-widget-text-editor\" data-id=\"f9f9b29\" data-element_type=\"widget\" data-e-type=\"widget\" data-widget_type=\"text-editor.default\">\n\t\t\t\t<div class=\"elementor-widget-container\">\n\t\t\t\t\t\t\t\t\t<p><strong>O que torna uma marca especial?<\/strong>\u00a0O que distingue o McDonalds de qualquer outra cadeia de fast food? O que torna a Apple t\u00e3o especial que fidelize milh\u00f5es de clientes, ao ponto de existir um \u201cculto\u201d \u00e0 marca? Numa palavra:\u00a0<strong>branding<\/strong>.<\/p><p>\u00a0<\/p><p>O branding de uma marca \u00e9, no fundo,\u00a0<strong>a sua ess\u00eancia<\/strong>\u00a0e esta ess\u00eancia \u00e9 constru\u00edda ao longo de anos e pode envolver todos os sentidos. \u00c9 este \u201cqu\u00ea\u201d que nos faz reconhecer um Ferrari \u00e0 dist\u00e2ncia pelo caracter\u00edstico vermelho ou sentir que estamos perto de um McDonalds a 1km de dist\u00e2ncia pelo cheiro. Nada \u00e9 ao acaso e \u201ctrabalhar\u201d de forma eficaz a experi\u00eancia do consumidor pode ser decisiva para o sucesso de uma campanha de marketing ou, mesmo de uma marca, como j\u00e1 exploramos no artigo\u00a0<a href=\"http:\/\/boomer.pt\/como-transmitir-a-essencia-da-tua-marca-no-digital\/pt\/o-raio-do-blog\/o-raio-do-blog\/item\/191-marketing-sensorial-quando-colocamos-os-5-sentidos-a-prova\" target=\"_blank\" rel=\"noopener noreferrer\">\u201cMarketing Sensorial: quando colocamos os 5 sentidos \u00e0 prova!\u201d<\/a><u>.<\/u><\/p><p>Quando trabalhamos uma marca no plano digital pode ser mais dif\u00edcil transmitir essa ess\u00eancia (ou experi\u00eancia) ao nosso cliente. N\u00e3o existe o contacto pessoal, estamos limitados pela dist\u00e2ncia e pelos v\u00e1rios perif\u00e9ricos que temos pelo caminho para transmitir a nossa mensagem. Para al\u00e9m disso, para garantir uma boa experi\u00eancia ao utilizador numa loja online, por exemplo, as possibilidades de personaliza\u00e7\u00e3o e diferencia\u00e7\u00e3o s\u00e3o limitadas, afinal, queremos que o nosso cliente compreenda imediatamente o que est\u00e1 a ver, como saber mais, como comprar, etc.\u00a0Conseguir criar esta\u00a0experi\u00eancia personalizada e diferenciadora para o cliente num mundo digital com n\u00e3o \u00e9 uma tarefa simples e \u00e9 aqui que o papel das<a href=\"https:\/\/www.designrush.com\/agency\/digital-agencies\/digital-strategy\" target=\"_blank\" rel=\"noopener noreferrer\">\u00a0Ag\u00eancias de Estrat\u00e9gia Digital<\/a>\u00a0\u00e9 fundamental.\u00a0<\/p><p>\u00a0<\/p><p>Hoje, deixamos\u00a0<strong>5 pontos que deves ter em conta no teu website, loja online e redes sociais para que a ess\u00eancia da tua marca se veja, se sinta e seja transmitida ao cliente!<\/strong><\/p>\t\t\t\t\t\t\t\t<\/div>\n\t\t\t\t<\/div>\n\t\t\t\t\t<\/div>\n\t\t<\/div>\n\t\t\t\t\t<\/div>\n\t\t<\/section>\n\t\t\t\t<section class=\"elementor-section elementor-top-section elementor-element elementor-element-519d6d9 elementor-section-boxed elementor-section-height-default elementor-section-height-default\" data-id=\"519d6d9\" data-element_type=\"section\" data-e-type=\"section\">\n\t\t\t\t\t\t<div class=\"elementor-container elementor-column-gap-default\">\n\t\t\t\t\t<div class=\"elementor-column elementor-col-100 elementor-top-column elementor-element elementor-element-442f2ce\" data-id=\"442f2ce\" data-element_type=\"column\" data-e-type=\"column\">\n\t\t\t<div class=\"elementor-widget-wrap elementor-element-populated\">\n\t\t\t\t\t\t<div class=\"elementor-element elementor-element-56fcc88 elementor-widget elementor-widget-spacer\" data-id=\"56fcc88\" data-element_type=\"widget\" data-e-type=\"widget\" data-widget_type=\"spacer.default\">\n\t\t\t\t<div class=\"elementor-widget-container\">\n\t\t\t\t\t\t\t<div class=\"elementor-spacer\">\n\t\t\t<div class=\"elementor-spacer-inner\"><\/div>\n\t\t<\/div>\n\t\t\t\t\t\t<\/div>\n\t\t\t\t<\/div>\n\t\t\t\t<div class=\"elementor-element elementor-element-a151416 elementor-widget elementor-widget-heading\" data-id=\"a151416\" data-element_type=\"widget\" data-e-type=\"widget\" data-widget_type=\"heading.default\">\n\t\t\t\t<div class=\"elementor-widget-container\">\n\t\t\t\t\t<h2 class=\"elementor-heading-title elementor-size-default\">1. COR<\/h2>\t\t\t\t<\/div>\n\t\t\t\t<\/div>\n\t\t\t\t<div class=\"elementor-element elementor-element-a9b432b elementor-widget-divider--view-line elementor-widget elementor-widget-divider\" data-id=\"a9b432b\" data-element_type=\"widget\" data-e-type=\"widget\" data-widget_type=\"divider.default\">\n\t\t\t\t<div class=\"elementor-widget-container\">\n\t\t\t\t\t\t\t<div class=\"elementor-divider\">\n\t\t\t<span class=\"elementor-divider-separator\">\n\t\t\t\t\t\t<\/span>\n\t\t<\/div>\n\t\t\t\t\t\t<\/div>\n\t\t\t\t<\/div>\n\t\t\t\t<div class=\"elementor-element elementor-element-f48bfdf elementor-widget elementor-widget-text-editor\" data-id=\"f48bfdf\" data-element_type=\"widget\" data-e-type=\"widget\" data-widget_type=\"text-editor.default\">\n\t\t\t\t<div class=\"elementor-widget-container\">\n\t\t\t\t\t\t\t\t\t<p>As cores da marca s\u00e3o important\u00edssimas para o branding j\u00e1 que, atrav\u00e9s da nossa viv\u00eancia em sociedade, atribu\u00edmos empiricamente significados e emo\u00e7\u00f5es \u00e0s cores, que podem variar de cultura para cultura como exploramos\u00a0<a href=\"http:\/\/boomer.pt\/como-transmitir-a-essencia-da-tua-marca-no-digital\/pt\/o-raio-do-blog\/o-raio-do-blog\/item\/189-cor-e-cultura\" target=\"_blank\" rel=\"noopener noreferrer\">aqui<\/a>.<\/p><p>Um bom trabalho crom\u00e1tico vai ajudar a tornar a marca reconhec\u00edvel (de facto, um estudo de 2007 da Universidade de Loyola, Maryland, nos Estados Unidos, provou que o uso de cor correto e consistente pode aumentar o reconhecimento de uma marca em 80%) e, num plano digital, todos os aspetos visuais s\u00e3o fundamentais!<\/p>\t\t\t\t\t\t\t\t<\/div>\n\t\t\t\t<\/div>\n\t\t\t\t<div class=\"elementor-element elementor-element-da22ad0 elementor-widget elementor-widget-image\" data-id=\"da22ad0\" data-element_type=\"widget\" data-e-type=\"widget\" data-widget_type=\"image.default\">\n\t\t\t\t<div class=\"elementor-widget-container\">\n\t\t\t\t\t\t\t\t\t\t\t\t<figure class=\"wp-caption\">\n\t\t\t\t\t\t\t\t\t\t<img decoding=\"async\" width=\"1200\" height=\"682\" data-src=\"https:\/\/boomer.pt\/raiodoblog\/wp-content\/uploads\/2022\/07\/matfin.jpg\" class=\"attachment-full size-full wp-image-10952 lazyload\" alt=\"\" data-srcset=\"https:\/\/boomer.pt\/raiodoblog\/wp-content\/uploads\/2022\/07\/matfin.jpg 1200w, https:\/\/boomer.pt\/raiodoblog\/wp-content\/uploads\/2022\/07\/matfin-300x171.jpg 300w, https:\/\/boomer.pt\/raiodoblog\/wp-content\/uploads\/2022\/07\/matfin-1024x582.jpg 1024w, https:\/\/boomer.pt\/raiodoblog\/wp-content\/uploads\/2022\/07\/matfin-768x436.jpg 768w\" data-sizes=\"(max-width: 1200px) 100vw, 1200px\" src=\"data:image\/gif;base64,R0lGODlhAQABAAAAACH5BAEKAAEALAAAAAABAAEAAAICTAEAOw==\" style=\"--smush-placeholder-width: 1200px; --smush-placeholder-aspect-ratio: 1200\/682;\" \/>\t\t\t\t\t\t\t\t\t\t\t<figcaption class=\"widget-image-caption wp-caption-text\"><b>EXEMPLO:<\/b> MATFIN  <br>Neste exemplo da MATFIN, uma empresa de consultoria financeira, a utiliza\u00e7\u00e3o das cores da marca \u00e9 fundamental para se diferenciar da concorr\u00eancia e transmitir a sua atua\u00e7\u00e3o como empresa s\u00e9ria e profissional, mas tamb\u00e9m jovem e com algum arrojo.<\/figcaption>\n\t\t\t\t\t\t\t\t\t\t<\/figure>\n\t\t\t\t\t\t\t\t\t<\/div>\n\t\t\t\t<\/div>\n\t\t\t\t\t<\/div>\n\t\t<\/div>\n\t\t\t\t\t<\/div>\n\t\t<\/section>\n\t\t\t\t<section class=\"elementor-section elementor-top-section elementor-element elementor-element-5788cdc elementor-section-boxed elementor-section-height-default elementor-section-height-default\" data-id=\"5788cdc\" data-element_type=\"section\" data-e-type=\"section\">\n\t\t\t\t\t\t<div class=\"elementor-container elementor-column-gap-default\">\n\t\t\t\t\t<div class=\"elementor-column elementor-col-100 elementor-top-column elementor-element elementor-element-42bafc9\" data-id=\"42bafc9\" data-element_type=\"column\" data-e-type=\"column\">\n\t\t\t<div class=\"elementor-widget-wrap elementor-element-populated\">\n\t\t\t\t\t\t<div class=\"elementor-element elementor-element-2a2d647 elementor-widget elementor-widget-spacer\" data-id=\"2a2d647\" data-element_type=\"widget\" data-e-type=\"widget\" data-widget_type=\"spacer.default\">\n\t\t\t\t<div class=\"elementor-widget-container\">\n\t\t\t\t\t\t\t<div class=\"elementor-spacer\">\n\t\t\t<div class=\"elementor-spacer-inner\"><\/div>\n\t\t<\/div>\n\t\t\t\t\t\t<\/div>\n\t\t\t\t<\/div>\n\t\t\t\t<div class=\"elementor-element elementor-element-0ca880c elementor-widget elementor-widget-heading\" data-id=\"0ca880c\" data-element_type=\"widget\" data-e-type=\"widget\" data-widget_type=\"heading.default\">\n\t\t\t\t<div class=\"elementor-widget-container\">\n\t\t\t\t\t<h2 class=\"elementor-heading-title elementor-size-default\">2. TIPOGRAFIA<\/h2>\t\t\t\t<\/div>\n\t\t\t\t<\/div>\n\t\t\t\t<div class=\"elementor-element elementor-element-c1afa9c elementor-widget-divider--view-line elementor-widget elementor-widget-divider\" data-id=\"c1afa9c\" data-element_type=\"widget\" data-e-type=\"widget\" data-widget_type=\"divider.default\">\n\t\t\t\t<div class=\"elementor-widget-container\">\n\t\t\t\t\t\t\t<div class=\"elementor-divider\">\n\t\t\t<span class=\"elementor-divider-separator\">\n\t\t\t\t\t\t<\/span>\n\t\t<\/div>\n\t\t\t\t\t\t<\/div>\n\t\t\t\t<\/div>\n\t\t\t\t<div class=\"elementor-element elementor-element-1b3225a elementor-widget elementor-widget-text-editor\" data-id=\"1b3225a\" data-element_type=\"widget\" data-e-type=\"widget\" data-widget_type=\"text-editor.default\">\n\t\t\t\t<div class=\"elementor-widget-container\">\n\t\t\t\t\t\t\t\t\t<p>Para al\u00e9m das cores, tamb\u00e9m a tipografia pode ser um elemento reconhec\u00edvel e distintivo da marca. \u00c9 importante que os tipos de letra selecionados para a marca estejam alinhados com a sua personalidade e que o seu uso seja, tal como a cor, transversal a todos os meios de comunica\u00e7\u00e3o.<\/p><p>Embora garantindo sempre que, no meio digital, s\u00e3o utilizadas fontes com boa leitura em todos os dispositivos, h\u00e1 sempre formas de inovar e de criar \u201cpersonalidade\u201d na comunica\u00e7\u00e3o.<\/p>\t\t\t\t\t\t\t\t<\/div>\n\t\t\t\t<\/div>\n\t\t\t\t<div class=\"elementor-element elementor-element-45301b3 elementor-widget elementor-widget-image\" data-id=\"45301b3\" data-element_type=\"widget\" data-e-type=\"widget\" data-widget_type=\"image.default\">\n\t\t\t\t<div class=\"elementor-widget-container\">\n\t\t\t\t\t\t\t\t\t\t\t\t<figure class=\"wp-caption\">\n\t\t\t\t\t\t\t\t\t\t<img decoding=\"async\" width=\"1201\" height=\"682\" data-src=\"https:\/\/boomer.pt\/raiodoblog\/wp-content\/uploads\/2022\/07\/focus.jpg\" class=\"attachment-full size-full wp-image-10953 lazyload\" alt=\"\" data-srcset=\"https:\/\/boomer.pt\/raiodoblog\/wp-content\/uploads\/2022\/07\/focus.jpg 1201w, https:\/\/boomer.pt\/raiodoblog\/wp-content\/uploads\/2022\/07\/focus-300x170.jpg 300w, https:\/\/boomer.pt\/raiodoblog\/wp-content\/uploads\/2022\/07\/focus-1024x581.jpg 1024w, https:\/\/boomer.pt\/raiodoblog\/wp-content\/uploads\/2022\/07\/focus-768x436.jpg 768w\" data-sizes=\"(max-width: 1201px) 100vw, 1201px\" src=\"data:image\/gif;base64,R0lGODlhAQABAAAAACH5BAEKAAEALAAAAAABAAEAAAICTAEAOw==\" style=\"--smush-placeholder-width: 1201px; --smush-placeholder-aspect-ratio: 1201\/682;\" \/>\t\t\t\t\t\t\t\t\t\t\t<figcaption class=\"widget-image-caption wp-caption-text\"><b>EXEMPLO:<\/b> FOCUS  <br>O branding do gin\u00e1sio FOCUS foi criado com cores fortes e impactantes como o vermelho e o preto e foi desenhada uma tipografia que, pela inclina\u00e7\u00e3o, transmite movimento e dinamismo. Na comunica\u00e7\u00e3o digital, maioritariamente em t\u00edtulos e chamadas de aten\u00e7\u00e3o, \u00e9 tamb\u00e9m utilizada uma tipografia bold e com inclina\u00e7\u00e3o para manter a coer\u00eancia visual e de mensagem.<\/figcaption>\n\t\t\t\t\t\t\t\t\t\t<\/figure>\n\t\t\t\t\t\t\t\t\t<\/div>\n\t\t\t\t<\/div>\n\t\t\t\t\t<\/div>\n\t\t<\/div>\n\t\t\t\t\t<\/div>\n\t\t<\/section>\n\t\t\t\t<section class=\"elementor-section elementor-top-section elementor-element elementor-element-d3ff1ec elementor-section-boxed elementor-section-height-default elementor-section-height-default\" data-id=\"d3ff1ec\" data-element_type=\"section\" data-e-type=\"section\">\n\t\t\t\t\t\t<div class=\"elementor-container elementor-column-gap-default\">\n\t\t\t\t\t<div class=\"elementor-column elementor-col-100 elementor-top-column elementor-element elementor-element-c5b8234\" data-id=\"c5b8234\" data-element_type=\"column\" data-e-type=\"column\">\n\t\t\t<div class=\"elementor-widget-wrap elementor-element-populated\">\n\t\t\t\t\t\t<div class=\"elementor-element elementor-element-1f5f401 elementor-widget elementor-widget-spacer\" data-id=\"1f5f401\" data-element_type=\"widget\" data-e-type=\"widget\" data-widget_type=\"spacer.default\">\n\t\t\t\t<div class=\"elementor-widget-container\">\n\t\t\t\t\t\t\t<div class=\"elementor-spacer\">\n\t\t\t<div class=\"elementor-spacer-inner\"><\/div>\n\t\t<\/div>\n\t\t\t\t\t\t<\/div>\n\t\t\t\t<\/div>\n\t\t\t\t<div class=\"elementor-element elementor-element-07ecd9b elementor-widget elementor-widget-heading\" data-id=\"07ecd9b\" data-element_type=\"widget\" data-e-type=\"widget\" data-widget_type=\"heading.default\">\n\t\t\t\t<div class=\"elementor-widget-container\">\n\t\t\t\t\t<h2 class=\"elementor-heading-title elementor-size-default\">3. IMAGENS<\/h2>\t\t\t\t<\/div>\n\t\t\t\t<\/div>\n\t\t\t\t<div class=\"elementor-element elementor-element-f58d53d elementor-widget-divider--view-line elementor-widget elementor-widget-divider\" data-id=\"f58d53d\" data-element_type=\"widget\" data-e-type=\"widget\" data-widget_type=\"divider.default\">\n\t\t\t\t<div class=\"elementor-widget-container\">\n\t\t\t\t\t\t\t<div class=\"elementor-divider\">\n\t\t\t<span class=\"elementor-divider-separator\">\n\t\t\t\t\t\t<\/span>\n\t\t<\/div>\n\t\t\t\t\t\t<\/div>\n\t\t\t\t<\/div>\n\t\t\t\t<div class=\"elementor-element elementor-element-1ab513d elementor-widget elementor-widget-text-editor\" data-id=\"1ab513d\" data-element_type=\"widget\" data-e-type=\"widget\" data-widget_type=\"text-editor.default\">\n\t\t\t\t<div class=\"elementor-widget-container\">\n\t\t\t\t\t\t\t\t\t<p>Quando comunicamos a marca num meio maioritariamente visual, utilizar imagens reais e pr\u00f3prias da marca pode fazer toda a diferen\u00e7a para criar uma rela\u00e7\u00e3o com o consumidor e refor\u00e7ar a confian\u00e7a na marca.<\/p><p>Utilizar imagens de um banco de imagens \u00e9 \u00fatil em muitos casos, mas, ao desenhar um website ou comunicar uma marca nas Redes Sociais, \u00e9 importante perceber que a utiliza\u00e7\u00e3o de imagens gen\u00e9ricas torna a comunica\u00e7\u00e3o mais impessoal e menos diferenciadora. Trazer a ess\u00eancia da marca para a comunica\u00e7\u00e3o digital tem a ver com conhecer quem dela faz parte, ver as caras, \u201centrar\u201d no seu mundo.<\/p>\t\t\t\t\t\t\t\t<\/div>\n\t\t\t\t<\/div>\n\t\t\t\t<div class=\"elementor-element elementor-element-7dd2d72 elementor-widget elementor-widget-image\" data-id=\"7dd2d72\" data-element_type=\"widget\" data-e-type=\"widget\" data-widget_type=\"image.default\">\n\t\t\t\t<div class=\"elementor-widget-container\">\n\t\t\t\t\t\t\t\t\t\t\t\t<figure class=\"wp-caption\">\n\t\t\t\t\t\t\t\t\t\t<img decoding=\"async\" width=\"1200\" height=\"682\" data-src=\"https:\/\/boomer.pt\/raiodoblog\/wp-content\/uploads\/2022\/07\/mcl.jpg\" class=\"attachment-full size-full wp-image-10954 lazyload\" alt=\"\" data-srcset=\"https:\/\/boomer.pt\/raiodoblog\/wp-content\/uploads\/2022\/07\/mcl.jpg 1200w, https:\/\/boomer.pt\/raiodoblog\/wp-content\/uploads\/2022\/07\/mcl-300x171.jpg 300w, https:\/\/boomer.pt\/raiodoblog\/wp-content\/uploads\/2022\/07\/mcl-1024x582.jpg 1024w, https:\/\/boomer.pt\/raiodoblog\/wp-content\/uploads\/2022\/07\/mcl-768x436.jpg 768w\" data-sizes=\"(max-width: 1200px) 100vw, 1200px\" src=\"data:image\/gif;base64,R0lGODlhAQABAAAAACH5BAEKAAEALAAAAAABAAEAAAICTAEAOw==\" style=\"--smush-placeholder-width: 1200px; --smush-placeholder-aspect-ratio: 1200\/682;\" \/>\t\t\t\t\t\t\t\t\t\t\t<figcaption class=\"widget-image-caption wp-caption-text\"><b>EXEMPLO:<\/b> MCL AVOCATS  <br>A MCL Avocats \u00e9 uma empresa de advocacia, um servi\u00e7o delicado e de proximidade e, por isso, a utiliza\u00e7\u00e3o de imagens da equipa e da sede ajuda a criar uma rela\u00e7\u00e3o de confian\u00e7a com o potencial cliente. Mesmo quando as imagens servem um prop\u00f3sito decorativo, s\u00e3o utilizadas fotografias do seu espa\u00e7o de trabalho, tornando o website mais personalizado.<\/figcaption>\n\t\t\t\t\t\t\t\t\t\t<\/figure>\n\t\t\t\t\t\t\t\t\t<\/div>\n\t\t\t\t<\/div>\n\t\t\t\t\t<\/div>\n\t\t<\/div>\n\t\t\t\t\t<\/div>\n\t\t<\/section>\n\t\t\t\t<section class=\"elementor-section elementor-top-section elementor-element elementor-element-727da33 elementor-section-boxed elementor-section-height-default elementor-section-height-default\" data-id=\"727da33\" data-element_type=\"section\" data-e-type=\"section\">\n\t\t\t\t\t\t<div class=\"elementor-container elementor-column-gap-default\">\n\t\t\t\t\t<div class=\"elementor-column elementor-col-100 elementor-top-column elementor-element elementor-element-938e3c0\" data-id=\"938e3c0\" data-element_type=\"column\" data-e-type=\"column\">\n\t\t\t<div class=\"elementor-widget-wrap elementor-element-populated\">\n\t\t\t\t\t\t<div class=\"elementor-element elementor-element-95df5ce elementor-widget elementor-widget-spacer\" data-id=\"95df5ce\" data-element_type=\"widget\" data-e-type=\"widget\" data-widget_type=\"spacer.default\">\n\t\t\t\t<div class=\"elementor-widget-container\">\n\t\t\t\t\t\t\t<div class=\"elementor-spacer\">\n\t\t\t<div class=\"elementor-spacer-inner\"><\/div>\n\t\t<\/div>\n\t\t\t\t\t\t<\/div>\n\t\t\t\t<\/div>\n\t\t\t\t<div class=\"elementor-element elementor-element-490e969 elementor-widget elementor-widget-heading\" data-id=\"490e969\" data-element_type=\"widget\" data-e-type=\"widget\" data-widget_type=\"heading.default\">\n\t\t\t\t<div class=\"elementor-widget-container\">\n\t\t\t\t\t<h2 class=\"elementor-heading-title elementor-size-default\">4. TOM DE VOZ<\/h2>\t\t\t\t<\/div>\n\t\t\t\t<\/div>\n\t\t\t\t<div class=\"elementor-element elementor-element-064fb3b elementor-widget-divider--view-line elementor-widget elementor-widget-divider\" data-id=\"064fb3b\" data-element_type=\"widget\" data-e-type=\"widget\" data-widget_type=\"divider.default\">\n\t\t\t\t<div class=\"elementor-widget-container\">\n\t\t\t\t\t\t\t<div class=\"elementor-divider\">\n\t\t\t<span class=\"elementor-divider-separator\">\n\t\t\t\t\t\t<\/span>\n\t\t<\/div>\n\t\t\t\t\t\t<\/div>\n\t\t\t\t<\/div>\n\t\t\t\t<div class=\"elementor-element elementor-element-01a5749 elementor-widget elementor-widget-text-editor\" data-id=\"01a5749\" data-element_type=\"widget\" data-e-type=\"widget\" data-widget_type=\"text-editor.default\">\n\t\t\t\t<div class=\"elementor-widget-container\">\n\t\t\t\t\t\t\t\t\t<p>Embora n\u00e3o seja t\u00e3o f\u00e1cil de identificar e definir como a cor ou a tipografia, o tom de voz \u00e9 um dos fatores de maior diferencia\u00e7\u00e3o de uma marca. A forma como uma marca comunica com o seu p\u00fablico \u00e9 o que d\u00e1 profundidade ao conte\u00fado e ajuda na identifica\u00e7\u00e3o da \u201cpersonalidade\u201d da marca.<\/p><p>O tom de voz est\u00e1 relacionado com a forma de tratamento adotada pela marca (\u201ctu\u201d ou \u201cvoc\u00ea\u201d), com a utiliza\u00e7\u00e3o de cal\u00e3o ou de emojis. Estas escolhas ditam se o discurso \u00e9 formal ou informal e v\u00e3o formar a perce\u00e7\u00e3o que o cliente tem da marca.<\/p>\t\t\t\t\t\t\t\t<\/div>\n\t\t\t\t<\/div>\n\t\t\t\t<div class=\"elementor-element elementor-element-483efc9 elementor-widget elementor-widget-image\" data-id=\"483efc9\" data-element_type=\"widget\" data-e-type=\"widget\" data-widget_type=\"image.default\">\n\t\t\t\t<div class=\"elementor-widget-container\">\n\t\t\t\t\t\t\t\t\t\t\t\t<figure class=\"wp-caption\">\n\t\t\t\t\t\t\t\t\t\t<img decoding=\"async\" width=\"1201\" height=\"500\" data-src=\"https:\/\/boomer.pt\/raiodoblog\/wp-content\/uploads\/2022\/07\/gazela2.jpg\" class=\"attachment-full size-full wp-image-10955 lazyload\" alt=\"\" data-srcset=\"https:\/\/boomer.pt\/raiodoblog\/wp-content\/uploads\/2022\/07\/gazela2.jpg 1201w, https:\/\/boomer.pt\/raiodoblog\/wp-content\/uploads\/2022\/07\/gazela2-300x125.jpg 300w, https:\/\/boomer.pt\/raiodoblog\/wp-content\/uploads\/2022\/07\/gazela2-1024x426.jpg 1024w, https:\/\/boomer.pt\/raiodoblog\/wp-content\/uploads\/2022\/07\/gazela2-768x320.jpg 768w\" data-sizes=\"(max-width: 1201px) 100vw, 1201px\" src=\"data:image\/gif;base64,R0lGODlhAQABAAAAACH5BAEKAAEALAAAAAABAAEAAAICTAEAOw==\" style=\"--smush-placeholder-width: 1201px; --smush-placeholder-aspect-ratio: 1201\/500;\" \/>\t\t\t\t\t\t\t\t\t\t\t<figcaption class=\"widget-image-caption wp-caption-text\"><b>EXEMPLO:<\/b> CERVEJARIA GAZELA  <br>A Cervejaria Gazela \u00e9 m\u00edtica na cidade do Porto e conta com muitos clientes regulares e fidelizados. O seu tom de comunica\u00e7\u00e3o nas Redes Sociais \u00e9 um espelho do ambiente que se vive nos pr\u00f3prios restaurantes \u2013 divertido, informal e pr\u00f3ximo.<\/figcaption>\n\t\t\t\t\t\t\t\t\t\t<\/figure>\n\t\t\t\t\t\t\t\t\t<\/div>\n\t\t\t\t<\/div>\n\t\t\t\t\t<\/div>\n\t\t<\/div>\n\t\t\t\t\t<\/div>\n\t\t<\/section>\n\t\t\t\t<section class=\"elementor-section elementor-top-section elementor-element elementor-element-6e86367 elementor-section-boxed elementor-section-height-default elementor-section-height-default\" data-id=\"6e86367\" data-element_type=\"section\" data-e-type=\"section\">\n\t\t\t\t\t\t<div class=\"elementor-container elementor-column-gap-default\">\n\t\t\t\t\t<div class=\"elementor-column elementor-col-100 elementor-top-column elementor-element elementor-element-8f925b7\" data-id=\"8f925b7\" data-element_type=\"column\" data-e-type=\"column\">\n\t\t\t<div class=\"elementor-widget-wrap elementor-element-populated\">\n\t\t\t\t\t\t<div class=\"elementor-element elementor-element-3b3f1fb elementor-widget elementor-widget-spacer\" data-id=\"3b3f1fb\" data-element_type=\"widget\" data-e-type=\"widget\" data-widget_type=\"spacer.default\">\n\t\t\t\t<div class=\"elementor-widget-container\">\n\t\t\t\t\t\t\t<div class=\"elementor-spacer\">\n\t\t\t<div class=\"elementor-spacer-inner\"><\/div>\n\t\t<\/div>\n\t\t\t\t\t\t<\/div>\n\t\t\t\t<\/div>\n\t\t\t\t<div class=\"elementor-element elementor-element-93b4964 elementor-widget elementor-widget-heading\" data-id=\"93b4964\" data-element_type=\"widget\" data-e-type=\"widget\" data-widget_type=\"heading.default\">\n\t\t\t\t<div class=\"elementor-widget-container\">\n\t\t\t\t\t<h2 class=\"elementor-heading-title elementor-size-default\">5. MENSAGEM<\/h2>\t\t\t\t<\/div>\n\t\t\t\t<\/div>\n\t\t\t\t<div class=\"elementor-element elementor-element-09bee34 elementor-widget-divider--view-line elementor-widget elementor-widget-divider\" data-id=\"09bee34\" data-element_type=\"widget\" data-e-type=\"widget\" data-widget_type=\"divider.default\">\n\t\t\t\t<div class=\"elementor-widget-container\">\n\t\t\t\t\t\t\t<div class=\"elementor-divider\">\n\t\t\t<span class=\"elementor-divider-separator\">\n\t\t\t\t\t\t<\/span>\n\t\t<\/div>\n\t\t\t\t\t\t<\/div>\n\t\t\t\t<\/div>\n\t\t\t\t<div class=\"elementor-element elementor-element-c9e850a elementor-widget elementor-widget-text-editor\" data-id=\"c9e850a\" data-element_type=\"widget\" data-e-type=\"widget\" data-widget_type=\"text-editor.default\">\n\t\t\t\t<div class=\"elementor-widget-container\">\n\t\t\t\t\t\t\t\t\t<p>As cores, tipografia, imagens e tom de voz devem trabalhar em conjunto para transmitir a parte mais importante da ess\u00eancia de uma marca \u2013 a mensagem.<\/p><p>Qual \u00e9 o objetivo da empresa ou marca? Qual \u00e9 a sua miss\u00e3o e o que pretende conseguir junto do cliente?\u00a0<\/p><p>O seu prop\u00f3sito (comercial ou n\u00e3o) deve ser o foco ao redor do qual se constr\u00f3i toda a comunica\u00e7\u00e3o e deve ser transmitido de imediato e de forma clara.<\/p>\t\t\t\t\t\t\t\t<\/div>\n\t\t\t\t<\/div>\n\t\t\t\t<div class=\"elementor-element elementor-element-992db0b elementor-widget elementor-widget-image\" data-id=\"992db0b\" data-element_type=\"widget\" data-e-type=\"widget\" data-widget_type=\"image.default\">\n\t\t\t\t<div class=\"elementor-widget-container\">\n\t\t\t\t\t\t\t\t\t\t\t\t<figure class=\"wp-caption\">\n\t\t\t\t\t\t\t\t\t\t<img decoding=\"async\" width=\"1000\" height=\"456\" data-src=\"https:\/\/boomer.pt\/raiodoblog\/wp-content\/uploads\/2022\/07\/daccord.gif\" class=\"attachment-full size-full wp-image-10956 lazyload\" alt=\"\" src=\"data:image\/gif;base64,R0lGODlhAQABAAAAACH5BAEKAAEALAAAAAABAAEAAAICTAEAOw==\" style=\"--smush-placeholder-width: 1000px; --smush-placeholder-aspect-ratio: 1000\/456;\" \/>\t\t\t\t\t\t\t\t\t\t\t<figcaption class=\"widget-image-caption wp-caption-text\"><b>EXEMPLO:<\/b> DACCORD  <br>A DACCORD \u00e9 uma empresa de recrutamento e sele\u00e7\u00e3o, ou seja, une candidatos qualificados a empresas a necessitar de m\u00e3o-de-obra. Ao entrar no website, a primeira mensagem \u00e9 direcionada aos potenciais candidatos e pretende transmitir de imediato que a DACCORD disp\u00f5e de ofertas de emprego e que pretende trabalhar de forma pr\u00f3xima para garantir uma oportunidade de emprego. No website est\u00e1 uma apresenta\u00e7\u00e3o da equipa para criar uma rela\u00e7\u00e3o de proximidade e a empresa cria, ainda, artigos num blog relacionados com o mercado empresarial e com a procura ativa de emprego para refor\u00e7ar a sua mensagem de apoio aos candidatos.<\/figcaption>\n\t\t\t\t\t\t\t\t\t\t<\/figure>\n\t\t\t\t\t\t\t\t\t<\/div>\n\t\t\t\t<\/div>\n\t\t\t\t\t<\/div>\n\t\t<\/div>\n\t\t\t\t\t<\/div>\n\t\t<\/section>\n\t\t\t\t<section class=\"elementor-section elementor-top-section elementor-element elementor-element-6e68868 elementor-section-boxed elementor-section-height-default elementor-section-height-default\" data-id=\"6e68868\" data-element_type=\"section\" data-e-type=\"section\">\n\t\t\t\t\t\t<div class=\"elementor-container elementor-column-gap-default\">\n\t\t\t\t\t<div class=\"elementor-column elementor-col-100 elementor-top-column elementor-element elementor-element-6bf73a3\" data-id=\"6bf73a3\" data-element_type=\"column\" data-e-type=\"column\">\n\t\t\t<div class=\"elementor-widget-wrap elementor-element-populated\">\n\t\t\t\t\t\t<div class=\"elementor-element elementor-element-05a98a0 elementor-widget elementor-widget-spacer\" data-id=\"05a98a0\" data-element_type=\"widget\" data-e-type=\"widget\" data-widget_type=\"spacer.default\">\n\t\t\t\t<div class=\"elementor-widget-container\">\n\t\t\t\t\t\t\t<div class=\"elementor-spacer\">\n\t\t\t<div class=\"elementor-spacer-inner\"><\/div>\n\t\t<\/div>\n\t\t\t\t\t\t<\/div>\n\t\t\t\t<\/div>\n\t\t\t\t<div class=\"elementor-element elementor-element-5d212c6 elementor-widget elementor-widget-heading\" data-id=\"5d212c6\" data-element_type=\"widget\" data-e-type=\"widget\" data-widget_type=\"heading.default\">\n\t\t\t\t<div class=\"elementor-widget-container\">\n\t\t\t\t\t<h2 class=\"elementor-heading-title elementor-size-default\">6. B\u00d3NUS: INDIVIDUALIDADE<\/h2>\t\t\t\t<\/div>\n\t\t\t\t<\/div>\n\t\t\t\t<div class=\"elementor-element elementor-element-bd80bdc elementor-widget-divider--view-line elementor-widget elementor-widget-divider\" data-id=\"bd80bdc\" data-element_type=\"widget\" data-e-type=\"widget\" data-widget_type=\"divider.default\">\n\t\t\t\t<div class=\"elementor-widget-container\">\n\t\t\t\t\t\t\t<div class=\"elementor-divider\">\n\t\t\t<span class=\"elementor-divider-separator\">\n\t\t\t\t\t\t<\/span>\n\t\t<\/div>\n\t\t\t\t\t\t<\/div>\n\t\t\t\t<\/div>\n\t\t\t\t<div class=\"elementor-element elementor-element-fb89de3 elementor-widget elementor-widget-text-editor\" data-id=\"fb89de3\" data-element_type=\"widget\" data-e-type=\"widget\" data-widget_type=\"text-editor.default\">\n\t\t\t\t<div class=\"elementor-widget-container\">\n\t\t\t\t\t\t\t\t\t<p>Procurar inspira\u00e7\u00e3o junto de outras empresas da mesma \u00e1rea e aprender com a concorr\u00eancia, analisando o que est\u00e1 a funcionar, s\u00e3o passos importantes para definir uma presen\u00e7a online. No entanto, a ess\u00eancia de cada marca \u00e9 pr\u00f3pria, \u00fanica e deve ser transmitida com um fator de diferencia\u00e7\u00e3o. Mais do que copiar o sucesso do concorrente, devemos pensar o que torna a marca que trabalhamos diferente e porqu\u00ea que os potenciais clientes a devem escolher em detrimento de todas as outras. \u00c9 nesse ponto que deve ser focada a comunica\u00e7\u00e3o \u2013 no refor\u00e7o da individualidade!<\/p>\t\t\t\t\t\t\t\t<\/div>\n\t\t\t\t<\/div>\n\t\t\t\t\t<\/div>\n\t\t<\/div>\n\t\t\t\t\t<\/div>\n\t\t<\/section>\n\t\t\t\t<section class=\"elementor-section elementor-top-section elementor-element elementor-element-913d74e elementor-section-boxed elementor-section-height-default elementor-section-height-default\" data-id=\"913d74e\" data-element_type=\"section\" data-e-type=\"section\">\n\t\t\t\t\t\t<div class=\"elementor-container elementor-column-gap-default\">\n\t\t\t\t\t<div class=\"elementor-column elementor-col-100 elementor-top-column elementor-element elementor-element-e34b713\" data-id=\"e34b713\" data-element_type=\"column\" data-e-type=\"column\">\n\t\t\t<div class=\"elementor-widget-wrap elementor-element-populated\">\n\t\t\t\t\t\t<div class=\"elementor-element elementor-element-35c2d88 elementor-widget elementor-widget-spacer\" data-id=\"35c2d88\" data-element_type=\"widget\" data-e-type=\"widget\" data-widget_type=\"spacer.default\">\n\t\t\t\t<div class=\"elementor-widget-container\">\n\t\t\t\t\t\t\t<div class=\"elementor-spacer\">\n\t\t\t<div class=\"elementor-spacer-inner\"><\/div>\n\t\t<\/div>\n\t\t\t\t\t\t<\/div>\n\t\t\t\t<\/div>\n\t\t\t\t<div class=\"elementor-element elementor-element-e628746 elementor-widget elementor-widget-text-editor\" data-id=\"e628746\" data-element_type=\"widget\" data-e-type=\"widget\" data-widget_type=\"text-editor.default\">\n\t\t\t\t<div class=\"elementor-widget-container\">\n\t\t\t\t\t\t\t\t\t<p><strong>Este<\/strong>\u00a0<strong>artigo foi \u00fatil?<\/strong>\u00a0Deixa o teu\u00a0<strong>gosto<\/strong>!<\/p>\t\t\t\t\t\t\t\t<\/div>\n\t\t\t\t<\/div>\n\t\t\t\t\t<\/div>\n\t\t<\/div>\n\t\t\t\t\t<\/div>\n\t\t<\/section>\n\t\t\t\t<\/div>\n\t\t","protected":false},"excerpt":{"rendered":"<p>Deixamos 5 pontos que deves ter em conta no plano digital para que a ess\u00eancia da tua marca se veja, se sinta e seja transmitida ao cliente!<\/p>\n","protected":false},"author":1,"featured_media":7283,"comment_status":"open","ping_status":"open","sticky":false,"template":"elementor_theme","format":"standard","meta":{"footnotes":""},"categories":[99],"tags":[131,130,156,197,198,140,154,151,139,148,133,132],"class_list":["post-7289","post","type-post","status-publish","format-standard","has-post-thumbnail","hentry","category-marketing","tag-agencia-digital","tag-agenciademarketing","tag-ai","tag-boomer","tag-boomer-academy","tag-branding","tag-design","tag-gestaoredesosciais","tag-marca","tag-marketingdigital","tag-redessociais","tag-vila-nova-de-famalicao"],"yoast_head":"<!-- This site is optimized with the Yoast SEO plugin v24.7 - https:\/\/yoast.com\/wordpress\/plugins\/seo\/ -->\n<title>Como transmitir a ess\u00eancia da tua marca no digital? - BOOMER<\/title>\n<meta name=\"description\" content=\"O que torna uma marca especial? O que distingue o McDonalds de qualquer outra cadeia de fast food? O que torna a Apple t\u00e3o especial que...\" \/>\n<meta name=\"robots\" content=\"index, follow, max-snippet:-1, max-image-preview:large, max-video-preview:-1\" \/>\n<link rel=\"canonical\" href=\"https:\/\/boomer.pt\/raiodoblog\/como-transmitir-a-essencia-da-tua-marca-no-digital\/\" \/>\n<meta property=\"og:locale\" content=\"en_US\" \/>\n<meta property=\"og:type\" content=\"article\" \/>\n<meta property=\"og:title\" content=\"Como transmitir a ess\u00eancia da tua marca no digital? - BOOMER\" \/>\n<meta property=\"og:description\" content=\"O que torna uma marca especial? O que distingue o McDonalds de qualquer outra cadeia de fast food? O que torna a Apple t\u00e3o especial que...\" \/>\n<meta property=\"og:url\" content=\"https:\/\/boomer.pt\/raiodoblog\/como-transmitir-a-essencia-da-tua-marca-no-digital\/\" \/>\n<meta property=\"og:site_name\" content=\"BOOMER\" \/>\n<meta property=\"article:publisher\" content=\"https:\/\/www.facebook.com\/boomer.pt\" \/>\n<meta property=\"article:published_time\" content=\"2019-04-15T10:42:44+00:00\" \/>\n<meta property=\"og:image\" content=\"https:\/\/boomer.pt\/raiodoblog\/wp-content\/uploads\/2022\/07\/w29_essenciaMarcaDigital_site.jpg\" \/>\n\t<meta property=\"og:image:width\" content=\"2001\" \/>\n\t<meta property=\"og:image:height\" content=\"1001\" \/>\n\t<meta property=\"og:image:type\" content=\"image\/jpeg\" \/>\n<meta name=\"author\" content=\"Vera Oliveira\" \/>\n<meta name=\"twitter:card\" content=\"summary_large_image\" \/>\n<meta name=\"twitter:label1\" content=\"Written by\" \/>\n\t<meta name=\"twitter:data1\" content=\"Vera Oliveira\" \/>\n\t<meta name=\"twitter:label2\" content=\"Est. reading time\" \/>\n\t<meta name=\"twitter:data2\" content=\"8 minutes\" \/>\n<script type=\"application\/ld+json\" class=\"yoast-schema-graph\">{\"@context\":\"https:\/\/schema.org\",\"@graph\":[{\"@type\":\"Article\",\"@id\":\"https:\/\/boomer.pt\/raiodoblog\/como-transmitir-a-essencia-da-tua-marca-no-digital\/#article\",\"isPartOf\":{\"@id\":\"https:\/\/boomer.pt\/raiodoblog\/como-transmitir-a-essencia-da-tua-marca-no-digital\/\"},\"author\":{\"name\":\"Vera Oliveira\",\"@id\":\"https:\/\/boomer.pt\/raiodoblog\/#\/schema\/person\/6cdc1fb5ce8d2bed7d6b684648d4c36b\"},\"headline\":\"Como transmitir a ess\u00eancia da tua marca no digital?\",\"datePublished\":\"2019-04-15T10:42:44+00:00\",\"mainEntityOfPage\":{\"@id\":\"https:\/\/boomer.pt\/raiodoblog\/como-transmitir-a-essencia-da-tua-marca-no-digital\/\"},\"wordCount\":1256,\"commentCount\":0,\"publisher\":{\"@id\":\"https:\/\/boomer.pt\/raiodoblog\/#organization\"},\"image\":{\"@id\":\"https:\/\/boomer.pt\/raiodoblog\/como-transmitir-a-essencia-da-tua-marca-no-digital\/#primaryimage\"},\"thumbnailUrl\":\"https:\/\/boomer.pt\/raiodoblog\/wp-content\/uploads\/2022\/07\/w29_essenciaMarcaDigital_site.jpg\",\"keywords\":[\"agencia digital\",\"agenciademarketing\",\"ai\",\"Boomer\",\"Boomer Academy\",\"branding\",\"design\",\"gestaoredesosciais\",\"marca\",\"marketingdigital\",\"redessociais\",\"vila nova de famalicao\"],\"articleSection\":[\"Marketing Digital\"],\"inLanguage\":\"en-US\",\"potentialAction\":[{\"@type\":\"CommentAction\",\"name\":\"Comment\",\"target\":[\"https:\/\/boomer.pt\/raiodoblog\/como-transmitir-a-essencia-da-tua-marca-no-digital\/#respond\"]}]},{\"@type\":\"WebPage\",\"@id\":\"https:\/\/boomer.pt\/raiodoblog\/como-transmitir-a-essencia-da-tua-marca-no-digital\/\",\"url\":\"https:\/\/boomer.pt\/raiodoblog\/como-transmitir-a-essencia-da-tua-marca-no-digital\/\",\"name\":\"Como transmitir a ess\u00eancia da tua marca no digital? - BOOMER\",\"isPartOf\":{\"@id\":\"https:\/\/boomer.pt\/raiodoblog\/#website\"},\"primaryImageOfPage\":{\"@id\":\"https:\/\/boomer.pt\/raiodoblog\/como-transmitir-a-essencia-da-tua-marca-no-digital\/#primaryimage\"},\"image\":{\"@id\":\"https:\/\/boomer.pt\/raiodoblog\/como-transmitir-a-essencia-da-tua-marca-no-digital\/#primaryimage\"},\"thumbnailUrl\":\"https:\/\/boomer.pt\/raiodoblog\/wp-content\/uploads\/2022\/07\/w29_essenciaMarcaDigital_site.jpg\",\"datePublished\":\"2019-04-15T10:42:44+00:00\",\"description\":\"O que torna uma marca especial? O que distingue o McDonalds de qualquer outra cadeia de fast food? O que torna a Apple t\u00e3o especial que...\",\"breadcrumb\":{\"@id\":\"https:\/\/boomer.pt\/raiodoblog\/como-transmitir-a-essencia-da-tua-marca-no-digital\/#breadcrumb\"},\"inLanguage\":\"en-US\",\"potentialAction\":[{\"@type\":\"ReadAction\",\"target\":[\"https:\/\/boomer.pt\/raiodoblog\/como-transmitir-a-essencia-da-tua-marca-no-digital\/\"]}]},{\"@type\":\"ImageObject\",\"inLanguage\":\"en-US\",\"@id\":\"https:\/\/boomer.pt\/raiodoblog\/como-transmitir-a-essencia-da-tua-marca-no-digital\/#primaryimage\",\"url\":\"https:\/\/boomer.pt\/raiodoblog\/wp-content\/uploads\/2022\/07\/w29_essenciaMarcaDigital_site.jpg\",\"contentUrl\":\"https:\/\/boomer.pt\/raiodoblog\/wp-content\/uploads\/2022\/07\/w29_essenciaMarcaDigital_site.jpg\",\"width\":2001,\"height\":1001},{\"@type\":\"BreadcrumbList\",\"@id\":\"https:\/\/boomer.pt\/raiodoblog\/como-transmitir-a-essencia-da-tua-marca-no-digital\/#breadcrumb\",\"itemListElement\":[{\"@type\":\"ListItem\",\"position\":1,\"name\":\"In\u00edcio\",\"item\":\"https:\/\/boomer.pt\/raiodoblog\/\"},{\"@type\":\"ListItem\",\"position\":2,\"name\":\"Como transmitir a ess\u00eancia da tua marca no digital?\"}]},{\"@type\":\"WebSite\",\"@id\":\"https:\/\/boomer.pt\/raiodoblog\/#website\",\"url\":\"https:\/\/boomer.pt\/raiodoblog\/\",\"name\":\"BOOMER\",\"description\":\"Brand &amp; Digital Agency\",\"publisher\":{\"@id\":\"https:\/\/boomer.pt\/raiodoblog\/#organization\"},\"potentialAction\":[{\"@type\":\"SearchAction\",\"target\":{\"@type\":\"EntryPoint\",\"urlTemplate\":\"https:\/\/boomer.pt\/raiodoblog\/?s={search_term_string}\"},\"query-input\":{\"@type\":\"PropertyValueSpecification\",\"valueRequired\":true,\"valueName\":\"search_term_string\"}}],\"inLanguage\":\"en-US\"},{\"@type\":\"Organization\",\"@id\":\"https:\/\/boomer.pt\/raiodoblog\/#organization\",\"name\":\"BOOMER\",\"url\":\"https:\/\/boomer.pt\/raiodoblog\/\",\"logo\":{\"@type\":\"ImageObject\",\"inLanguage\":\"en-US\",\"@id\":\"https:\/\/boomer.pt\/raiodoblog\/#\/schema\/logo\/image\/\",\"url\":\"https:\/\/boomer.pt\/raiodoblog\/wp-content\/uploads\/2022\/10\/BoomerLogo-2.svg\",\"contentUrl\":\"https:\/\/boomer.pt\/raiodoblog\/wp-content\/uploads\/2022\/10\/BoomerLogo-2.svg\",\"width\":154,\"height\":40,\"caption\":\"BOOMER\"},\"image\":{\"@id\":\"https:\/\/boomer.pt\/raiodoblog\/#\/schema\/logo\/image\/\"},\"sameAs\":[\"https:\/\/www.facebook.com\/boomer.pt\",\"https:\/\/www.instagram.com\/boomerpt\/\",\"https:\/\/www.linkedin.com\/company\/2641069\/admin\/\",\"https:\/\/www.youtube.com\/channel\/UCJ4-FswWDdO5i1UVdIUqtGw\/feed\",\"https:\/\/www.behance.net\/boomer_pt\"]},{\"@type\":\"Person\",\"@id\":\"https:\/\/boomer.pt\/raiodoblog\/#\/schema\/person\/6cdc1fb5ce8d2bed7d6b684648d4c36b\",\"name\":\"Vera Oliveira\",\"image\":{\"@type\":\"ImageObject\",\"inLanguage\":\"en-US\",\"@id\":\"https:\/\/boomer.pt\/raiodoblog\/#\/schema\/person\/image\/\",\"url\":\"https:\/\/secure.gravatar.com\/avatar\/c663de2e261bf1f6f4b5d10da88c048afb46763caa66ae37b6eb2d65a9f2a2fe?s=96&d=mm&r=g\",\"contentUrl\":\"https:\/\/secure.gravatar.com\/avatar\/c663de2e261bf1f6f4b5d10da88c048afb46763caa66ae37b6eb2d65a9f2a2fe?s=96&d=mm&r=g\",\"caption\":\"Vera Oliveira\"},\"description\":\"Project Manager\",\"sameAs\":[\"http:\/\/boomer.pt\"],\"url\":\"https:\/\/boomer.pt\/raiodoblog\/author\/boomer2022\/\"}]}<\/script>\n<!-- \/ Yoast SEO plugin. -->","yoast_head_json":{"title":"Como transmitir a ess\u00eancia da tua marca no digital? - BOOMER","description":"O que torna uma marca especial? O que distingue o McDonalds de qualquer outra cadeia de fast food? O que torna a Apple t\u00e3o especial que...","robots":{"index":"index","follow":"follow","max-snippet":"max-snippet:-1","max-image-preview":"max-image-preview:large","max-video-preview":"max-video-preview:-1"},"canonical":"https:\/\/boomer.pt\/raiodoblog\/como-transmitir-a-essencia-da-tua-marca-no-digital\/","og_locale":"en_US","og_type":"article","og_title":"Como transmitir a ess\u00eancia da tua marca no digital? - BOOMER","og_description":"O que torna uma marca especial? O que distingue o McDonalds de qualquer outra cadeia de fast food? O que torna a Apple t\u00e3o especial que...","og_url":"https:\/\/boomer.pt\/raiodoblog\/como-transmitir-a-essencia-da-tua-marca-no-digital\/","og_site_name":"BOOMER","article_publisher":"https:\/\/www.facebook.com\/boomer.pt","article_published_time":"2019-04-15T10:42:44+00:00","og_image":[{"width":2001,"height":1001,"url":"https:\/\/boomer.pt\/raiodoblog\/wp-content\/uploads\/2022\/07\/w29_essenciaMarcaDigital_site.jpg","type":"image\/jpeg"}],"author":"Vera Oliveira","twitter_card":"summary_large_image","twitter_misc":{"Written by":"Vera Oliveira","Est. reading time":"8 minutes"},"schema":{"@context":"https:\/\/schema.org","@graph":[{"@type":"Article","@id":"https:\/\/boomer.pt\/raiodoblog\/como-transmitir-a-essencia-da-tua-marca-no-digital\/#article","isPartOf":{"@id":"https:\/\/boomer.pt\/raiodoblog\/como-transmitir-a-essencia-da-tua-marca-no-digital\/"},"author":{"name":"Vera Oliveira","@id":"https:\/\/boomer.pt\/raiodoblog\/#\/schema\/person\/6cdc1fb5ce8d2bed7d6b684648d4c36b"},"headline":"Como transmitir a ess\u00eancia da tua marca no digital?","datePublished":"2019-04-15T10:42:44+00:00","mainEntityOfPage":{"@id":"https:\/\/boomer.pt\/raiodoblog\/como-transmitir-a-essencia-da-tua-marca-no-digital\/"},"wordCount":1256,"commentCount":0,"publisher":{"@id":"https:\/\/boomer.pt\/raiodoblog\/#organization"},"image":{"@id":"https:\/\/boomer.pt\/raiodoblog\/como-transmitir-a-essencia-da-tua-marca-no-digital\/#primaryimage"},"thumbnailUrl":"https:\/\/boomer.pt\/raiodoblog\/wp-content\/uploads\/2022\/07\/w29_essenciaMarcaDigital_site.jpg","keywords":["agencia digital","agenciademarketing","ai","Boomer","Boomer Academy","branding","design","gestaoredesosciais","marca","marketingdigital","redessociais","vila nova de famalicao"],"articleSection":["Marketing Digital"],"inLanguage":"en-US","potentialAction":[{"@type":"CommentAction","name":"Comment","target":["https:\/\/boomer.pt\/raiodoblog\/como-transmitir-a-essencia-da-tua-marca-no-digital\/#respond"]}]},{"@type":"WebPage","@id":"https:\/\/boomer.pt\/raiodoblog\/como-transmitir-a-essencia-da-tua-marca-no-digital\/","url":"https:\/\/boomer.pt\/raiodoblog\/como-transmitir-a-essencia-da-tua-marca-no-digital\/","name":"Como transmitir a ess\u00eancia da tua marca no digital? - BOOMER","isPartOf":{"@id":"https:\/\/boomer.pt\/raiodoblog\/#website"},"primaryImageOfPage":{"@id":"https:\/\/boomer.pt\/raiodoblog\/como-transmitir-a-essencia-da-tua-marca-no-digital\/#primaryimage"},"image":{"@id":"https:\/\/boomer.pt\/raiodoblog\/como-transmitir-a-essencia-da-tua-marca-no-digital\/#primaryimage"},"thumbnailUrl":"https:\/\/boomer.pt\/raiodoblog\/wp-content\/uploads\/2022\/07\/w29_essenciaMarcaDigital_site.jpg","datePublished":"2019-04-15T10:42:44+00:00","description":"O que torna uma marca especial? O que distingue o McDonalds de qualquer outra cadeia de fast food? O que torna a Apple t\u00e3o especial que...","breadcrumb":{"@id":"https:\/\/boomer.pt\/raiodoblog\/como-transmitir-a-essencia-da-tua-marca-no-digital\/#breadcrumb"},"inLanguage":"en-US","potentialAction":[{"@type":"ReadAction","target":["https:\/\/boomer.pt\/raiodoblog\/como-transmitir-a-essencia-da-tua-marca-no-digital\/"]}]},{"@type":"ImageObject","inLanguage":"en-US","@id":"https:\/\/boomer.pt\/raiodoblog\/como-transmitir-a-essencia-da-tua-marca-no-digital\/#primaryimage","url":"https:\/\/boomer.pt\/raiodoblog\/wp-content\/uploads\/2022\/07\/w29_essenciaMarcaDigital_site.jpg","contentUrl":"https:\/\/boomer.pt\/raiodoblog\/wp-content\/uploads\/2022\/07\/w29_essenciaMarcaDigital_site.jpg","width":2001,"height":1001},{"@type":"BreadcrumbList","@id":"https:\/\/boomer.pt\/raiodoblog\/como-transmitir-a-essencia-da-tua-marca-no-digital\/#breadcrumb","itemListElement":[{"@type":"ListItem","position":1,"name":"In\u00edcio","item":"https:\/\/boomer.pt\/raiodoblog\/"},{"@type":"ListItem","position":2,"name":"Como transmitir a ess\u00eancia da tua marca no digital?"}]},{"@type":"WebSite","@id":"https:\/\/boomer.pt\/raiodoblog\/#website","url":"https:\/\/boomer.pt\/raiodoblog\/","name":"BOOMER","description":"Brand &amp; Digital Agency","publisher":{"@id":"https:\/\/boomer.pt\/raiodoblog\/#organization"},"potentialAction":[{"@type":"SearchAction","target":{"@type":"EntryPoint","urlTemplate":"https:\/\/boomer.pt\/raiodoblog\/?s={search_term_string}"},"query-input":{"@type":"PropertyValueSpecification","valueRequired":true,"valueName":"search_term_string"}}],"inLanguage":"en-US"},{"@type":"Organization","@id":"https:\/\/boomer.pt\/raiodoblog\/#organization","name":"BOOMER","url":"https:\/\/boomer.pt\/raiodoblog\/","logo":{"@type":"ImageObject","inLanguage":"en-US","@id":"https:\/\/boomer.pt\/raiodoblog\/#\/schema\/logo\/image\/","url":"https:\/\/boomer.pt\/raiodoblog\/wp-content\/uploads\/2022\/10\/BoomerLogo-2.svg","contentUrl":"https:\/\/boomer.pt\/raiodoblog\/wp-content\/uploads\/2022\/10\/BoomerLogo-2.svg","width":154,"height":40,"caption":"BOOMER"},"image":{"@id":"https:\/\/boomer.pt\/raiodoblog\/#\/schema\/logo\/image\/"},"sameAs":["https:\/\/www.facebook.com\/boomer.pt","https:\/\/www.instagram.com\/boomerpt\/","https:\/\/www.linkedin.com\/company\/2641069\/admin\/","https:\/\/www.youtube.com\/channel\/UCJ4-FswWDdO5i1UVdIUqtGw\/feed","https:\/\/www.behance.net\/boomer_pt"]},{"@type":"Person","@id":"https:\/\/boomer.pt\/raiodoblog\/#\/schema\/person\/6cdc1fb5ce8d2bed7d6b684648d4c36b","name":"Vera Oliveira","image":{"@type":"ImageObject","inLanguage":"en-US","@id":"https:\/\/boomer.pt\/raiodoblog\/#\/schema\/person\/image\/","url":"https:\/\/secure.gravatar.com\/avatar\/c663de2e261bf1f6f4b5d10da88c048afb46763caa66ae37b6eb2d65a9f2a2fe?s=96&d=mm&r=g","contentUrl":"https:\/\/secure.gravatar.com\/avatar\/c663de2e261bf1f6f4b5d10da88c048afb46763caa66ae37b6eb2d65a9f2a2fe?s=96&d=mm&r=g","caption":"Vera Oliveira"},"description":"Project Manager","sameAs":["http:\/\/boomer.pt"],"url":"https:\/\/boomer.pt\/raiodoblog\/author\/boomer2022\/"}]}},"_links":{"self":[{"href":"https:\/\/boomer.pt\/raiodoblog\/wp-json\/wp\/v2\/posts\/7289","targetHints":{"allow":["GET"]}}],"collection":[{"href":"https:\/\/boomer.pt\/raiodoblog\/wp-json\/wp\/v2\/posts"}],"about":[{"href":"https:\/\/boomer.pt\/raiodoblog\/wp-json\/wp\/v2\/types\/post"}],"author":[{"embeddable":true,"href":"https:\/\/boomer.pt\/raiodoblog\/wp-json\/wp\/v2\/users\/1"}],"replies":[{"embeddable":true,"href":"https:\/\/boomer.pt\/raiodoblog\/wp-json\/wp\/v2\/comments?post=7289"}],"version-history":[{"count":1,"href":"https:\/\/boomer.pt\/raiodoblog\/wp-json\/wp\/v2\/posts\/7289\/revisions"}],"predecessor-version":[{"id":26084,"href":"https:\/\/boomer.pt\/raiodoblog\/wp-json\/wp\/v2\/posts\/7289\/revisions\/26084"}],"wp:featuredmedia":[{"embeddable":true,"href":"https:\/\/boomer.pt\/raiodoblog\/wp-json\/wp\/v2\/media\/7283"}],"wp:attachment":[{"href":"https:\/\/boomer.pt\/raiodoblog\/wp-json\/wp\/v2\/media?parent=7289"}],"wp:term":[{"taxonomy":"category","embeddable":true,"href":"https:\/\/boomer.pt\/raiodoblog\/wp-json\/wp\/v2\/categories?post=7289"},{"taxonomy":"post_tag","embeddable":true,"href":"https:\/\/boomer.pt\/raiodoblog\/wp-json\/wp\/v2\/tags?post=7289"}],"curies":[{"name":"wp","href":"https:\/\/api.w.org\/{rel}","templated":true}]}}