{"id":7238,"date":"2021-06-24T22:13:56","date_gmt":"2021-06-24T21:13:56","guid":{"rendered":"http:\/\/boomer.pt\/ecodesign-design-sustentavel-por-uma-criatividade-consciente\/"},"modified":"2021-06-24T22:13:56","modified_gmt":"2021-06-24T21:13:56","slug":"ecodesign-design-sustentavel-por-uma-criatividade-consciente","status":"publish","type":"post","link":"https:\/\/boomer.pt\/raiodoblog\/ecodesign-design-sustentavel-por-uma-criatividade-consciente\/","title":{"rendered":"Ecodesign\/Design Sustent\u00e1vel: por uma criatividade consciente!"},"content":{"rendered":"\t\t<div data-elementor-type=\"wp-post\" data-elementor-id=\"7238\" class=\"elementor elementor-7238\" data-elementor-post-type=\"post\">\n\t\t\t\t\t\t<section class=\"elementor-section elementor-top-section elementor-element elementor-element-fbc834f elementor-section-boxed elementor-section-height-default elementor-section-height-default\" data-id=\"fbc834f\" data-element_type=\"section\" data-e-type=\"section\">\n\t\t\t\t\t\t<div class=\"elementor-container elementor-column-gap-default\">\n\t\t\t\t\t<div class=\"elementor-column elementor-col-100 elementor-top-column elementor-element elementor-element-a2df8e9\" data-id=\"a2df8e9\" data-element_type=\"column\" data-e-type=\"column\">\n\t\t\t<div class=\"elementor-widget-wrap elementor-element-populated\">\n\t\t\t\t\t\t<div class=\"elementor-element elementor-element-4920e09 elementor-widget elementor-widget-theme-post-title elementor-page-title elementor-widget-heading\" data-id=\"4920e09\" data-element_type=\"widget\" data-e-type=\"widget\" data-widget_type=\"theme-post-title.default\">\n\t\t\t\t<div class=\"elementor-widget-container\">\n\t\t\t\t\t<h1 class=\"elementor-heading-title elementor-size-default\">Ecodesign\/Design Sustent\u00e1vel: por uma criatividade consciente!<\/h1>\t\t\t\t<\/div>\n\t\t\t\t<\/div>\n\t\t\t\t<div class=\"elementor-element elementor-element-64f3d07 elementor-widget elementor-widget-text-editor\" data-id=\"64f3d07\" data-element_type=\"widget\" data-e-type=\"widget\" data-widget_type=\"text-editor.default\">\n\t\t\t\t<div class=\"elementor-widget-container\">\n\t\t\t\t\t\t\t\t\t<p>A\u00a0<span style=\"font-weight: bold;\">sustentabilidade<\/span>\u00a0\u00e9 um tema que est\u00e1 na ordem do dia e n\u00e3o \u00e9 novidade que as ind\u00fastrias dependem de recursos como a energia, a \u00e1gua, o papel e a tinta. O<span style=\"font-weight: bold;\">\u00a0Design Gr\u00e1fico<\/span>\u00a0e o\u00a0<span style=\"font-weight: bold;\">Marketing<\/span>\u00a0n\u00e3o s\u00e3o exce\u00e7\u00e3o.<\/p>\t\t\t\t\t\t\t\t<\/div>\n\t\t\t\t<\/div>\n\t\t\t\t\t<\/div>\n\t\t<\/div>\n\t\t\t\t\t<\/div>\n\t\t<\/section>\n\t\t\t\t<section class=\"elementor-section elementor-top-section elementor-element elementor-element-0ef4b7d elementor-section-boxed elementor-section-height-default elementor-section-height-default\" data-id=\"0ef4b7d\" data-element_type=\"section\" data-e-type=\"section\">\n\t\t\t\t\t\t<div class=\"elementor-container elementor-column-gap-default\">\n\t\t\t\t\t<div class=\"elementor-column elementor-col-100 elementor-top-column elementor-element elementor-element-20d0d35\" data-id=\"20d0d35\" data-element_type=\"column\" data-e-type=\"column\">\n\t\t\t<div class=\"elementor-widget-wrap elementor-element-populated\">\n\t\t\t\t\t\t<div class=\"elementor-element elementor-element-9df2fb6 elementor-widget elementor-widget-image\" data-id=\"9df2fb6\" data-element_type=\"widget\" data-e-type=\"widget\" data-widget_type=\"image.default\">\n\t\t\t\t<div class=\"elementor-widget-container\">\n\t\t\t\t\t\t\t\t\t\t\t\t\t\t\t<img fetchpriority=\"high\" decoding=\"async\" width=\"2001\" height=\"1001\" src=\"https:\/\/boomer.pt\/raiodoblog\/wp-content\/uploads\/2022\/05\/DesignSustentvel.png\" class=\"attachment-full size-full wp-image-7237\" alt=\"\" srcset=\"https:\/\/boomer.pt\/raiodoblog\/wp-content\/uploads\/2022\/05\/DesignSustentvel.png 2001w, https:\/\/boomer.pt\/raiodoblog\/wp-content\/uploads\/2022\/05\/DesignSustentvel-300x150.png 300w, https:\/\/boomer.pt\/raiodoblog\/wp-content\/uploads\/2022\/05\/DesignSustentvel-1024x512.png 1024w, https:\/\/boomer.pt\/raiodoblog\/wp-content\/uploads\/2022\/05\/DesignSustentvel-768x384.png 768w, https:\/\/boomer.pt\/raiodoblog\/wp-content\/uploads\/2022\/05\/DesignSustentvel-1536x768.png 1536w, https:\/\/boomer.pt\/raiodoblog\/wp-content\/uploads\/2022\/05\/DesignSustentvel-1568x784.png 1568w\" sizes=\"(max-width: 2001px) 100vw, 2001px\" \/>\t\t\t\t\t\t\t\t\t\t\t\t\t\t\t<\/div>\n\t\t\t\t<\/div>\n\t\t\t\t\t<\/div>\n\t\t<\/div>\n\t\t\t\t\t<\/div>\n\t\t<\/section>\n\t\t\t\t<section class=\"elementor-section elementor-top-section elementor-element elementor-element-5c8fc1f elementor-section-boxed elementor-section-height-default elementor-section-height-default\" data-id=\"5c8fc1f\" data-element_type=\"section\" data-e-type=\"section\">\n\t\t\t\t\t\t<div class=\"elementor-container elementor-column-gap-default\">\n\t\t\t\t\t<div class=\"elementor-column elementor-col-100 elementor-top-column elementor-element elementor-element-7530822\" data-id=\"7530822\" data-element_type=\"column\" data-e-type=\"column\">\n\t\t\t<div class=\"elementor-widget-wrap elementor-element-populated\">\n\t\t\t\t\t\t<div class=\"elementor-element elementor-element-1a26da6 elementor-widget elementor-widget-spacer\" data-id=\"1a26da6\" data-element_type=\"widget\" data-e-type=\"widget\" data-widget_type=\"spacer.default\">\n\t\t\t\t<div class=\"elementor-widget-container\">\n\t\t\t\t\t\t\t<div class=\"elementor-spacer\">\n\t\t\t<div class=\"elementor-spacer-inner\"><\/div>\n\t\t<\/div>\n\t\t\t\t\t\t<\/div>\n\t\t\t\t<\/div>\n\t\t\t\t<div class=\"elementor-element elementor-element-ec4c7f0 elementor-widget elementor-widget-text-editor\" data-id=\"ec4c7f0\" data-element_type=\"widget\" data-e-type=\"widget\" data-widget_type=\"text-editor.default\">\n\t\t\t\t<div class=\"elementor-widget-container\">\n\t\t\t\t\t\t\t\t\t<p>A\u00a0<strong>sustentabilidade<\/strong>\u00a0\u00e9 um assunto que est\u00e1 cada vez mais na ordem do dia e \u00e9 sabido que todas as ind\u00fastrias dependem de v\u00e1rios recursos, tais como energia, \u00e1gua, papel, tinta, entre outros materiais. O\u00a0<strong>Design<\/strong>\u00a0<strong>Gr\u00e1fico<\/strong>\u00a0e o\u00a0<strong>Marketing<\/strong>\u00a0n\u00e3o s\u00e3o\u00a0<strong>exce\u00e7\u00e3o<\/strong>!<\/p><p>Quando produzimos uma pe\u00e7a de comunica\u00e7\u00e3o que vai ser exibida por via digital ou f\u00edsica, as nossas decis\u00f5es como profissionais da \u00e1rea podem ter um impacto significativo no ambiente. Nesse sentido, podemos falar de\u00a0<strong>Ecodesign<\/strong>\u00a0(ou\u00a0<strong>Design<\/strong>\u00a0<strong>Sustent\u00e1vel<\/strong>), uma abordagem que considera o impacto que o\u00a0<strong>Design<\/strong>\u00a0tem no ambiente, desde o in\u00edcio da recolha dos materiais, passando pela produ\u00e7\u00e3o\/distribui\u00e7\u00e3o at\u00e9 ao seu fim de vida.<\/p><p>Tomar decis\u00f5es quanto \u00e0 forma, tamanho e cor de uma pe\u00e7a pode ter grandes implica\u00e7\u00f5es. Para trabalhos impressos, a escolha do papel, da tinta e dos materiais pode reduzir a pegada ecol\u00f3gica de forma significativa. Isto traduz-se na utiliza\u00e7\u00e3o mais eficiente dos recursos naturais e menos emiss\u00f5es de carbono para a atmosfera.<\/p><p>Al\u00e9m disso, existe tamb\u00e9m a preocupa\u00e7\u00e3o de analisarmos o nosso m\u00e9todo de trabalho, bem como o ambiente em que estamos, a energia consumida pelos equipamentos e a filosofia energ\u00e9tica das empresas das quais usamos os produtos.\u00a0<\/p><p>Como\u00a0<strong>designer<\/strong>\u00a0<strong>gr\u00e1fico<\/strong>\u00a0\u00e9 poss\u00edvel trabalhar de uma forma mais consciente, tendo em conta os gastos de recursos por parte do nosso trabalho e como reduzi-los. O\u00a0<strong>Ecodesign<\/strong>\u00a0\u00e9, assim, a forma de reduzirmos este impacto e, por isso, \u00e9 importante que os criativos pensem em\u00a0<strong>Design<\/strong>\u00a0<strong>Gr\u00e1fico<\/strong>\u00a0verdadeiramente sustent\u00e1vel!<\/p>\t\t\t\t\t\t\t\t<\/div>\n\t\t\t\t<\/div>\n\t\t\t\t\t<\/div>\n\t\t<\/div>\n\t\t\t\t\t<\/div>\n\t\t<\/section>\n\t\t\t\t<section class=\"elementor-section elementor-top-section elementor-element elementor-element-02479df elementor-section-boxed elementor-section-height-default elementor-section-height-default\" data-id=\"02479df\" data-element_type=\"section\" data-e-type=\"section\">\n\t\t\t\t\t\t<div class=\"elementor-container elementor-column-gap-default\">\n\t\t\t\t\t<div class=\"elementor-column elementor-col-100 elementor-top-column elementor-element elementor-element-158d2c0\" data-id=\"158d2c0\" data-element_type=\"column\" data-e-type=\"column\">\n\t\t\t<div class=\"elementor-widget-wrap elementor-element-populated\">\n\t\t\t\t\t\t<div class=\"elementor-element elementor-element-ab863f7 elementor-widget elementor-widget-spacer\" data-id=\"ab863f7\" data-element_type=\"widget\" data-e-type=\"widget\" data-widget_type=\"spacer.default\">\n\t\t\t\t<div class=\"elementor-widget-container\">\n\t\t\t\t\t\t\t<div class=\"elementor-spacer\">\n\t\t\t<div class=\"elementor-spacer-inner\"><\/div>\n\t\t<\/div>\n\t\t\t\t\t\t<\/div>\n\t\t\t\t<\/div>\n\t\t\t\t<div class=\"elementor-element elementor-element-574877d elementor-widget elementor-widget-heading\" data-id=\"574877d\" data-element_type=\"widget\" data-e-type=\"widget\" data-widget_type=\"heading.default\">\n\t\t\t\t<div class=\"elementor-widget-container\">\n\t\t\t\t\t<h2 class=\"elementor-heading-title elementor-size-default\">1. Trabalha com o mindset em Ecodesign (sustent\u00e1vel)<\/h2>\t\t\t\t<\/div>\n\t\t\t\t<\/div>\n\t\t\t\t<div class=\"elementor-element elementor-element-816f30f elementor-widget-divider--view-line elementor-widget elementor-widget-divider\" data-id=\"816f30f\" data-element_type=\"widget\" data-e-type=\"widget\" data-widget_type=\"divider.default\">\n\t\t\t\t<div class=\"elementor-widget-container\">\n\t\t\t\t\t\t\t<div class=\"elementor-divider\">\n\t\t\t<span class=\"elementor-divider-separator\">\n\t\t\t\t\t\t<\/span>\n\t\t<\/div>\n\t\t\t\t\t\t<\/div>\n\t\t\t\t<\/div>\n\t\t\t\t<div class=\"elementor-element elementor-element-47dbf12 elementor-widget elementor-widget-text-editor\" data-id=\"47dbf12\" data-element_type=\"widget\" data-e-type=\"widget\" data-widget_type=\"text-editor.default\">\n\t\t\t\t<div class=\"elementor-widget-container\">\n\t\t\t\t\t\t\t\t\t<p>Quando falamos de impress\u00e3o, a Pol\u00edtica dos\u00a0<strong>5R<\/strong>\u2019s \u2013\u00a0<strong>Reduzir<\/strong>,\u00a0<strong>Reutilizar<\/strong>,\u00a0<strong>Recuperar<\/strong>,\u00a0<strong>Renovar<\/strong>\u00a0e\u00a0<strong>Reciclar<\/strong>\u00a0\u2013 \u00e9 uma mais-valia para pensarmos em formas criativas de mantermos o\u00a0<strong>Design<\/strong>\u00a0mais sustent\u00e1vel e amigo do ambiente. Eis algumas ideias que podem ser implementadas em projetos futuros relativamente a:<\/p><p>\u00a0<\/p><p>\u2013 Dimens\u00e3o e formato: o flyer que est\u00e1s a desenvolver precisa de ser assim t\u00e3o grande? Em vez de optarmos por envelope e carta, ser\u00e1 que podemos ter um \u00fanico suporte com dobras, pass\u00edvel de ser fechado sem recurso a cola? J\u00e1 diz o velho ditado: menos \u00e9 mais!;<\/p><p>\u00a0<\/p><p>\u2013 Utiliza\u00e7\u00e3o do espa\u00e7o: usa o espa\u00e7o de forma eficiente, aproveitando todo o espa\u00e7o para comunicar a mensagem, o que reduz consideravelmente o papel necess\u00e1rio;<\/p><p>\u00a0<\/p><p>\u2013 Margens: n\u00e3o leves a cor\/conte\u00fado at\u00e9 aos limites do papel, e simplesmente deixa uma pequena margem branca \u00e0 volta, o que reduz o desperd\u00edcio de tinta e permite que uma maior quantidade de papel seja reciclado;<\/p><p>\u00a0<\/p><p>\u2013 Reinven\u00e7\u00e3o: E que tal dar ao produto uma nova vida? Em vez de o deitarmos ao lixo depois de finalizado o seu prop\u00f3sito, ser\u00e1 que ele n\u00e3o pode ser reaproveitado\/reutilizado?<\/p><p>\u00a0<\/p><p>\u2013 Websites \u201cprinter-firendly\u201d: opta pelo design de websites mais\u00a0<i>clean<\/i>\u00a0e \u201cprinter-friendly\u201d. Por exemplo, usar texto branco em fundo preto vai usar mais tinta, aquando da impress\u00e3o por parte do utilizador, do que texto negro em fundo branco.<\/p>\t\t\t\t\t\t\t\t<\/div>\n\t\t\t\t<\/div>\n\t\t\t\t\t<\/div>\n\t\t<\/div>\n\t\t\t\t\t<\/div>\n\t\t<\/section>\n\t\t\t\t<section class=\"elementor-section elementor-top-section elementor-element elementor-element-e7d1dae elementor-section-boxed elementor-section-height-default elementor-section-height-default\" data-id=\"e7d1dae\" data-element_type=\"section\" data-e-type=\"section\">\n\t\t\t\t\t\t<div class=\"elementor-container elementor-column-gap-default\">\n\t\t\t\t\t<div class=\"elementor-column elementor-col-100 elementor-top-column elementor-element elementor-element-4c8c2f1\" data-id=\"4c8c2f1\" data-element_type=\"column\" data-e-type=\"column\">\n\t\t\t<div class=\"elementor-widget-wrap elementor-element-populated\">\n\t\t\t\t\t\t<div class=\"elementor-element elementor-element-7e49f7a elementor-widget elementor-widget-spacer\" data-id=\"7e49f7a\" data-element_type=\"widget\" data-e-type=\"widget\" data-widget_type=\"spacer.default\">\n\t\t\t\t<div class=\"elementor-widget-container\">\n\t\t\t\t\t\t\t<div class=\"elementor-spacer\">\n\t\t\t<div class=\"elementor-spacer-inner\"><\/div>\n\t\t<\/div>\n\t\t\t\t\t\t<\/div>\n\t\t\t\t<\/div>\n\t\t\t\t<div class=\"elementor-element elementor-element-d9f3d3d elementor-widget elementor-widget-heading\" data-id=\"d9f3d3d\" data-element_type=\"widget\" data-e-type=\"widget\" data-widget_type=\"heading.default\">\n\t\t\t\t<div class=\"elementor-widget-container\">\n\t\t\t\t\t<h2 class=\"elementor-heading-title elementor-size-default\">2. Escolhe papel mais ecol\u00f3gico<\/h2>\t\t\t\t<\/div>\n\t\t\t\t<\/div>\n\t\t\t\t<div class=\"elementor-element elementor-element-4cb06dd elementor-widget-divider--view-line elementor-widget elementor-widget-divider\" data-id=\"4cb06dd\" data-element_type=\"widget\" data-e-type=\"widget\" data-widget_type=\"divider.default\">\n\t\t\t\t<div class=\"elementor-widget-container\">\n\t\t\t\t\t\t\t<div class=\"elementor-divider\">\n\t\t\t<span class=\"elementor-divider-separator\">\n\t\t\t\t\t\t<\/span>\n\t\t<\/div>\n\t\t\t\t\t\t<\/div>\n\t\t\t\t<\/div>\n\t\t\t\t<div class=\"elementor-element elementor-element-69185df elementor-widget elementor-widget-text-editor\" data-id=\"69185df\" data-element_type=\"widget\" data-e-type=\"widget\" data-widget_type=\"text-editor.default\">\n\t\t\t\t<div class=\"elementor-widget-container\">\n\t\t\t\t\t\t\t\t\t<p>O ciclo de vida do papel come\u00e7a pelo corte das \u00e1rvores, segue-se o transporte, a transforma\u00e7\u00e3o da madeira em polpa de celulose e, posteriormente, o branqueamento at\u00e9 ser finalmente transformado em papel. Todos estes processos utilizam metais e combust\u00edveis atrav\u00e9s de m\u00e1quinas que v\u00eam de outras ind\u00fastrias com os seus pr\u00f3prios impactos ambientais.<\/p><p>Procura considerar de forma consciente a escolha do papel, tendo em conta:\u00a0<\/p><p>\u00a0<\/p><p>\u2013\u00a0A fonte do papel, de forma a evitar o que tenha sido criado a partir de um processo t\u00f3xico;\u00a0<\/p><p>\u00a0<\/p><p>\u2013\u00a0A possibilidade de utilizares papel reciclado: quanto maior a percentagem de material reciclado, melhor!;<\/p><p>\u00a0<\/p><p>\u2013 Evita impress\u00f5es desnecess\u00e1rias, mesmo durante o processo de trabalho. Ser\u00e1 que \u00e9 necess\u00e1rio imprimir tantos rascunhos?;<\/p><p>\u00a0<\/p><p>\u2013 Considera a utiliza\u00e7\u00e3o de um \u00fanico material, evitando os comp\u00f3sitos, de forma a que estes possam ser reaproveitados mais facilmente;<\/p><p>\u00a0<\/p><p>\u2013\u00a0Pensa em formas inovadoras de minimizar o packaging;<\/p><p>\u00a0<\/p><p>\u2013 Utiliza apenas papel que tenha passado por processos de branqueamento livres de cloro elementar, como o ECF (Elemental Chlorine Free) ou TCF (Totally Chlorine Free).<\/p>\t\t\t\t\t\t\t\t<\/div>\n\t\t\t\t<\/div>\n\t\t\t\t\t<\/div>\n\t\t<\/div>\n\t\t\t\t\t<\/div>\n\t\t<\/section>\n\t\t\t\t<section class=\"elementor-section elementor-top-section elementor-element elementor-element-a1ee83b elementor-section-boxed elementor-section-height-default elementor-section-height-default\" data-id=\"a1ee83b\" data-element_type=\"section\" data-e-type=\"section\">\n\t\t\t\t\t\t<div class=\"elementor-container elementor-column-gap-default\">\n\t\t\t\t\t<div class=\"elementor-column elementor-col-100 elementor-top-column elementor-element elementor-element-4fb443f\" data-id=\"4fb443f\" data-element_type=\"column\" data-e-type=\"column\">\n\t\t\t<div class=\"elementor-widget-wrap elementor-element-populated\">\n\t\t\t\t\t\t<div class=\"elementor-element elementor-element-3d6119a elementor-widget elementor-widget-spacer\" data-id=\"3d6119a\" data-element_type=\"widget\" data-e-type=\"widget\" data-widget_type=\"spacer.default\">\n\t\t\t\t<div class=\"elementor-widget-container\">\n\t\t\t\t\t\t\t<div class=\"elementor-spacer\">\n\t\t\t<div class=\"elementor-spacer-inner\"><\/div>\n\t\t<\/div>\n\t\t\t\t\t\t<\/div>\n\t\t\t\t<\/div>\n\t\t\t\t<div class=\"elementor-element elementor-element-84129be elementor-widget elementor-widget-heading\" data-id=\"84129be\" data-element_type=\"widget\" data-e-type=\"widget\" data-widget_type=\"heading.default\">\n\t\t\t\t<div class=\"elementor-widget-container\">\n\t\t\t\t\t<h2 class=\"elementor-heading-title elementor-size-default\">3. D\u00e1 prefer\u00eancia a empresas\/gr\u00e1ficas sustent\u00e1veis<\/h2>\t\t\t\t<\/div>\n\t\t\t\t<\/div>\n\t\t\t\t<div class=\"elementor-element elementor-element-0e8e6f6 elementor-widget-divider--view-line elementor-widget elementor-widget-divider\" data-id=\"0e8e6f6\" data-element_type=\"widget\" data-e-type=\"widget\" data-widget_type=\"divider.default\">\n\t\t\t\t<div class=\"elementor-widget-container\">\n\t\t\t\t\t\t\t<div class=\"elementor-divider\">\n\t\t\t<span class=\"elementor-divider-separator\">\n\t\t\t\t\t\t<\/span>\n\t\t<\/div>\n\t\t\t\t\t\t<\/div>\n\t\t\t\t<\/div>\n\t\t\t\t<div class=\"elementor-element elementor-element-dc2106a elementor-widget elementor-widget-text-editor\" data-id=\"dc2106a\" data-element_type=\"widget\" data-e-type=\"widget\" data-widget_type=\"text-editor.default\">\n\t\t\t\t<div class=\"elementor-widget-container\">\n\t\t\t\t\t\t\t\t\t<p>A\u00a0<strong>ind\u00fastria<\/strong>\u00a0<strong>gr\u00e1fica<\/strong>\u00a0ainda tem um longo caminho a percorrer no que concerne \u00e0 sustentabilidade. No entanto, muitas empresas do setor gr\u00e1fico t\u00eam implementado uma s\u00e9rie de medidas que visam tornar os seus neg\u00f3cios mais sustent\u00e1veis. Por isso, na hora de escolher um parceiro para a impress\u00e3o dos teus materiais:<\/p><p>\u00a0<\/p><p>\u2013 Verifica se a empresa tem algum tipo de crepita\u00e7\u00e3o para impress\u00e3o e um sistema de gest\u00e3o de qualidade (certificado Ecolabel, FSC\u00ae-COC, PEFC-COC, entre outros);<\/p><p>\u00a0<\/p><p>\u2013 Pergunta \u00e0 gr\u00e1fica que a\u00e7\u00f5es toma quanto \u00e0 sustentabilidade, que medidas utiliza para reduzir as emiss\u00f5es para o ar e \u00e1gua e se est\u00e3o envolvidos em alguma atividade ecol\u00f3gica como, por exemplo, sociedades ou institui\u00e7\u00f5es de solidariedade ambientais;<\/p><p>\u00a0<\/p><p>\u2013 Considera se uma solu\u00e7\u00e3o digital consegue alcan\u00e7ar o mesmo (ou melhor) resultado do que um suporte f\u00edsico. Sempre que poss\u00edvel, tira proveito da via digital, pois tal reduz o impacto ambiental dos produtos em quest\u00e3o;<\/p><p>\u00a0<\/p><p>\u2013 Solicita tintas com n\u00edveis reduzidos de compostos org\u00e2nicos vol\u00e1teis (VOC). Embora seja mais caro do que as tintas convencionais, n\u00e3o s\u00e3o t\u00e3o nocivas para a sa\u00fade das pessoas que a trabalham e, consequentemente, para o ambiente. Algumas tintas utilizam tamb\u00e9m metais pesados como chumbo, o c\u00e1dmio e o b\u00e1rio, que podem ser uma amea\u00e7a com riscos para a sa\u00fade e ambiente se de alguma forma voltarem ao ambiente natural.<\/p>\t\t\t\t\t\t\t\t<\/div>\n\t\t\t\t<\/div>\n\t\t\t\t\t<\/div>\n\t\t<\/div>\n\t\t\t\t\t<\/div>\n\t\t<\/section>\n\t\t\t\t<section class=\"elementor-section elementor-top-section elementor-element elementor-element-64f2d2f elementor-section-boxed elementor-section-height-default elementor-section-height-default\" data-id=\"64f2d2f\" data-element_type=\"section\" data-e-type=\"section\">\n\t\t\t\t\t\t<div class=\"elementor-container elementor-column-gap-default\">\n\t\t\t\t\t<div class=\"elementor-column elementor-col-100 elementor-top-column elementor-element elementor-element-3af20d3\" data-id=\"3af20d3\" data-element_type=\"column\" data-e-type=\"column\">\n\t\t\t<div class=\"elementor-widget-wrap elementor-element-populated\">\n\t\t\t\t\t\t<div class=\"elementor-element elementor-element-6f88566 elementor-widget elementor-widget-spacer\" data-id=\"6f88566\" data-element_type=\"widget\" data-e-type=\"widget\" data-widget_type=\"spacer.default\">\n\t\t\t\t<div class=\"elementor-widget-container\">\n\t\t\t\t\t\t\t<div class=\"elementor-spacer\">\n\t\t\t<div class=\"elementor-spacer-inner\"><\/div>\n\t\t<\/div>\n\t\t\t\t\t\t<\/div>\n\t\t\t\t<\/div>\n\t\t\t\t<div class=\"elementor-element elementor-element-6282a06 elementor-widget elementor-widget-heading\" data-id=\"6282a06\" data-element_type=\"widget\" data-e-type=\"widget\" data-widget_type=\"heading.default\">\n\t\t\t\t<div class=\"elementor-widget-container\">\n\t\t\t\t\t<h2 class=\"elementor-heading-title elementor-size-default\">4. Tem em conta o consumo de energia<\/h2>\t\t\t\t<\/div>\n\t\t\t\t<\/div>\n\t\t\t\t<div class=\"elementor-element elementor-element-f83d77e elementor-widget-divider--view-line elementor-widget elementor-widget-divider\" data-id=\"f83d77e\" data-element_type=\"widget\" data-e-type=\"widget\" data-widget_type=\"divider.default\">\n\t\t\t\t<div class=\"elementor-widget-container\">\n\t\t\t\t\t\t\t<div class=\"elementor-divider\">\n\t\t\t<span class=\"elementor-divider-separator\">\n\t\t\t\t\t\t<\/span>\n\t\t<\/div>\n\t\t\t\t\t\t<\/div>\n\t\t\t\t<\/div>\n\t\t\t\t<div class=\"elementor-element elementor-element-6c601be elementor-widget elementor-widget-text-editor\" data-id=\"6c601be\" data-element_type=\"widget\" data-e-type=\"widget\" data-widget_type=\"text-editor.default\">\n\t\t\t\t<div class=\"elementor-widget-container\">\n\t\t\t\t\t\t\t\t\t<p>O consumo de energia inclui computadores, impressoras, monitores e outros equipamentos que possam ser utilizados. Para reduzir o consumo de energia, seria importante optarmos por produtos com maior efici\u00eancia energ\u00e9tica.<\/p><p>\u00a0<\/p><p>Um dos grandes problemas da tecnologia \u00e9 que o seu impacto no meio ambiente est\u00e1 escondido. Quando usamos um telem\u00f3vel, n\u00e3o parece que estamos a danificar o ambiente, no entanto, precisamos de energia para o carregar e aceder \u00e0 internet. Por isso, podes ter aten\u00e7\u00e3o a aspetos como:<\/p><p>\u00a0<\/p><p>\u2013\u00a0O tamanho dos ficheiros: quanto maior a imagem e a dimens\u00e3o de um ficheiro, maior o consumo de energia. Reduzir o seu tamanho \u00e9 uma pequena mudan\u00e7a que, cumulativamente, pode ter um efeito positivo no consumo energ\u00e9tico;<\/p><p>\u00a0<\/p><p>\u2013 Servi\u00e7o de alojamento remoto verde: procura utilizar uma \u201ccloud\u201d que, al\u00e9m de permitir partilhar ficheiros com o cliente mais facilmente, \u00e9 tamb\u00e9m mais eficiente do que trocar e-mails constantemente;<\/p><p>\u00a0<\/p><p>\u2013 Aceita que n\u00e3o existe uma solu\u00e7\u00e3o perfeita, pois tanto o design impresso como o digital produzem emiss\u00f5es, no entanto, o digital n\u00e3o requer recursos f\u00edsicos e, por esse motivo, \u00e9 mais ecol\u00f3gico.<\/p>\t\t\t\t\t\t\t\t<\/div>\n\t\t\t\t<\/div>\n\t\t\t\t\t<\/div>\n\t\t<\/div>\n\t\t\t\t\t<\/div>\n\t\t<\/section>\n\t\t\t\t<section class=\"elementor-section elementor-top-section elementor-element elementor-element-2ffbdc1 elementor-section-boxed elementor-section-height-default elementor-section-height-default\" data-id=\"2ffbdc1\" data-element_type=\"section\" data-e-type=\"section\">\n\t\t\t\t\t\t<div class=\"elementor-container elementor-column-gap-default\">\n\t\t\t\t\t<div class=\"elementor-column elementor-col-100 elementor-top-column elementor-element elementor-element-3fa4148\" data-id=\"3fa4148\" data-element_type=\"column\" data-e-type=\"column\">\n\t\t\t<div class=\"elementor-widget-wrap elementor-element-populated\">\n\t\t\t\t\t\t<div class=\"elementor-element elementor-element-ec55d7f elementor-widget elementor-widget-spacer\" data-id=\"ec55d7f\" data-element_type=\"widget\" data-e-type=\"widget\" data-widget_type=\"spacer.default\">\n\t\t\t\t<div class=\"elementor-widget-container\">\n\t\t\t\t\t\t\t<div class=\"elementor-spacer\">\n\t\t\t<div class=\"elementor-spacer-inner\"><\/div>\n\t\t<\/div>\n\t\t\t\t\t\t<\/div>\n\t\t\t\t<\/div>\n\t\t\t\t<div class=\"elementor-element elementor-element-caf5023 elementor-widget elementor-widget-heading\" data-id=\"caf5023\" data-element_type=\"widget\" data-e-type=\"widget\" data-widget_type=\"heading.default\">\n\t\t\t\t<div class=\"elementor-widget-container\">\n\t\t\t\t\t<h2 class=\"elementor-heading-title elementor-size-default\">5. S\u00ea respons\u00e1vel pelo teu pr\u00f3prio consumo e escolhe com quem trabalhas<\/h2>\t\t\t\t<\/div>\n\t\t\t\t<\/div>\n\t\t\t\t<div class=\"elementor-element elementor-element-aa44f31 elementor-widget-divider--view-line elementor-widget elementor-widget-divider\" data-id=\"aa44f31\" data-element_type=\"widget\" data-e-type=\"widget\" data-widget_type=\"divider.default\">\n\t\t\t\t<div class=\"elementor-widget-container\">\n\t\t\t\t\t\t\t<div class=\"elementor-divider\">\n\t\t\t<span class=\"elementor-divider-separator\">\n\t\t\t\t\t\t<\/span>\n\t\t<\/div>\n\t\t\t\t\t\t<\/div>\n\t\t\t\t<\/div>\n\t\t\t\t<div class=\"elementor-element elementor-element-520a546 elementor-widget elementor-widget-text-editor\" data-id=\"520a546\" data-element_type=\"widget\" data-e-type=\"widget\" data-widget_type=\"text-editor.default\">\n\t\t\t\t<div class=\"elementor-widget-container\">\n\t\t\t\t\t\t\t\t\t<p>Todas as tuas escolhas t\u00eam impacto no planeta. Aceita, sobretudo, que mudar comportamentos e h\u00e1bitos requer esfor\u00e7o, persist\u00eancia, o que nem sempre \u00e9 f\u00e1cil ou imediato. A m\u00e9dio prazo:<\/p><p>\u00a0<\/p><p>\u2013 Opta por um fornecedor de energia mais verde: todas as profiss\u00f5es que usam um computador para trabalhar o podem sempre procurar por fornecedores que usem uma menor percentagem de combust\u00edveis f\u00f3sseis;<\/p><p>\u00a0<\/p><p>\u2013 Analisa os equipamentos inform\u00e1ticos utilizados: os designers utilizam softwares que consomem bastantes recursos, o que causa um maior desgaste nos componentes dos computadores. No entanto, existe um custo na emiss\u00e3o de carbono para cada computador fabricado. Em vez de comprar um computador novo a cada 3 ou 4 anos, devemos tentar substituir pe\u00e7as ou ent\u00e3o fazer um upgrade, caso seja poss\u00edvel;<\/p><p>\u00a0<\/p><p>\u2013 Poupa energia: n\u00e3o s\u00f3 desligar os aparelhos eletr\u00f3nicos quando n\u00e3o est\u00e3o a ser utilizados, mas sim deslig\u00e1-los da corrente, de forma a eliminar o consumo de energia quando estes est\u00e3o em modo standby;<\/p><p>\u00a0<\/p><p>\u2013 Colabora com empresas que utilizem normas de gest\u00e3o ambiental, como o ISO 14001, que avalia a integra\u00e7\u00e3o dos aspectos ambientais no design e desenvolvimentos dos produtos.<\/p>\t\t\t\t\t\t\t\t<\/div>\n\t\t\t\t<\/div>\n\t\t\t\t\t<\/div>\n\t\t<\/div>\n\t\t\t\t\t<\/div>\n\t\t<\/section>\n\t\t\t\t<section class=\"elementor-section elementor-top-section elementor-element elementor-element-7e6ac33 elementor-section-boxed elementor-section-height-default elementor-section-height-default\" data-id=\"7e6ac33\" data-element_type=\"section\" data-e-type=\"section\">\n\t\t\t\t\t\t<div class=\"elementor-container elementor-column-gap-default\">\n\t\t\t\t\t<div class=\"elementor-column elementor-col-100 elementor-top-column elementor-element elementor-element-e9cde84\" data-id=\"e9cde84\" data-element_type=\"column\" data-e-type=\"column\">\n\t\t\t<div class=\"elementor-widget-wrap elementor-element-populated\">\n\t\t\t\t\t\t<div class=\"elementor-element elementor-element-8451d02 elementor-widget elementor-widget-spacer\" data-id=\"8451d02\" data-element_type=\"widget\" data-e-type=\"widget\" data-widget_type=\"spacer.default\">\n\t\t\t\t<div class=\"elementor-widget-container\">\n\t\t\t\t\t\t\t<div class=\"elementor-spacer\">\n\t\t\t<div class=\"elementor-spacer-inner\"><\/div>\n\t\t<\/div>\n\t\t\t\t\t\t<\/div>\n\t\t\t\t<\/div>\n\t\t\t\t<div class=\"elementor-element elementor-element-e01e4b1 elementor-widget elementor-widget-text-editor\" data-id=\"e01e4b1\" data-element_type=\"widget\" data-e-type=\"widget\" data-widget_type=\"text-editor.default\">\n\t\t\t\t<div class=\"elementor-widget-container\">\n\t\t\t\t\t\t\t\t\t<p>Como podemos ver, existem imensas formas de minimizar o impacto ambiental que o nosso trabalho tem no planeta.<\/p><p>E tu, o que pensas fazer para tornar o teu trabalho mais\u00a0<strong>sustent\u00e1vel<\/strong>\u00a0para o meio ambiente?<\/p>\t\t\t\t\t\t\t\t<\/div>\n\t\t\t\t<\/div>\n\t\t\t\t\t<\/div>\n\t\t<\/div>\n\t\t\t\t\t<\/div>\n\t\t<\/section>\n\t\t\t\t<section class=\"elementor-section elementor-top-section elementor-element elementor-element-b0fe335 elementor-section-boxed elementor-section-height-default elementor-section-height-default\" data-id=\"b0fe335\" data-element_type=\"section\" data-e-type=\"section\">\n\t\t\t\t\t\t<div class=\"elementor-container elementor-column-gap-default\">\n\t\t\t\t\t<div class=\"elementor-column elementor-col-100 elementor-top-column elementor-element elementor-element-c9b2841\" data-id=\"c9b2841\" data-element_type=\"column\" data-e-type=\"column\">\n\t\t\t<div class=\"elementor-widget-wrap elementor-element-populated\">\n\t\t\t\t\t\t<div class=\"elementor-element elementor-element-eac50b2 elementor-widget elementor-widget-template\" data-id=\"eac50b2\" data-element_type=\"widget\" data-e-type=\"widget\" data-widget_type=\"template.default\">\n\t\t\t\t<div class=\"elementor-widget-container\">\n\t\t\t\t\t\t\t<div class=\"elementor-template\">\n\t\t\t\t\t<div data-elementor-type=\"section\" data-elementor-id=\"17461\" class=\"elementor elementor-17461\" data-elementor-post-type=\"elementor_library\">\n\t\t\t\t\t<section class=\"elementor-section elementor-top-section elementor-element elementor-element-a19dc2b elementor-section-full_width elementor-section-stretched elementor-section-height-default elementor-section-height-default\" data-id=\"a19dc2b\" data-element_type=\"section\" data-e-type=\"section\" data-settings=\"{&quot;background_background&quot;:&quot;classic&quot;,&quot;stretch_section&quot;:&quot;section-stretched&quot;}\">\n\t\t\t\t\t\t<div class=\"elementor-container elementor-column-gap-default\">\n\t\t\t\t\t<div class=\"elementor-column elementor-col-100 elementor-top-column elementor-element elementor-element-6fc81c1\" data-id=\"6fc81c1\" data-element_type=\"column\" data-e-type=\"column\">\n\t\t\t<div class=\"elementor-widget-wrap elementor-element-populated\">\n\t\t\t\t\t\t<div class=\"elementor-element elementor-element-29625fc elementor-widget elementor-widget-heading\" data-id=\"29625fc\" data-element_type=\"widget\" data-e-type=\"widget\" data-widget_type=\"heading.default\">\n\t\t\t\t<div class=\"elementor-widget-container\">\n\t\t\t\t\t<h4 class=\"elementor-heading-title elementor-size-default\">V\u00ea mais artigos deste Autor<\/h4>\t\t\t\t<\/div>\n\t\t\t\t<\/div>\n\t\t\t\t\t<\/div>\n\t\t<\/div>\n\t\t\t\t\t<\/div>\n\t\t<\/section>\n\t\t\t\t<section class=\"elementor-section elementor-top-section elementor-element elementor-element-e0f60f1 elementor-section-full_width elementor-section-stretched elementor-section-height-default elementor-section-height-default\" data-id=\"e0f60f1\" data-element_type=\"section\" data-e-type=\"section\" data-settings=\"{&quot;background_background&quot;:&quot;gradient&quot;,&quot;stretch_section&quot;:&quot;section-stretched&quot;}\">\n\t\t\t\t\t\t<div class=\"elementor-container elementor-column-gap-extended\">\n\t\t\t\t\t<div class=\"elementor-column elementor-col-100 elementor-top-column elementor-element elementor-element-f312511\" data-id=\"f312511\" data-element_type=\"column\" data-e-type=\"column\">\n\t\t\t<div class=\"elementor-widget-wrap elementor-element-populated\">\n\t\t\t\t\t\t<section class=\"elementor-section elementor-inner-section elementor-element elementor-element-347d879 elementor-section-boxed elementor-section-height-default elementor-section-height-default\" data-id=\"347d879\" data-element_type=\"section\" data-e-type=\"section\">\n\t\t\t\t\t\t<div class=\"elementor-container elementor-column-gap-default\">\n\t\t\t\t\t<div class=\"elementor-column elementor-col-50 elementor-inner-column elementor-element elementor-element-7489df5\" data-id=\"7489df5\" data-element_type=\"column\" data-e-type=\"column\">\n\t\t\t<div class=\"elementor-widget-wrap elementor-element-populated\">\n\t\t\t\t\t\t<div class=\"elementor-element elementor-element-0bfe494 elementor-widget elementor-widget-premium-addon-person\" data-id=\"0bfe494\" data-element_type=\"widget\" data-e-type=\"widget\" data-settings=\"{&quot;persons_per_row&quot;:&quot;100%&quot;,&quot;persons_per_row_tablet&quot;:&quot;100%&quot;,&quot;persons_per_row_mobile&quot;:&quot;100%&quot;}\" data-widget_type=\"premium-addon-person.default\">\n\t\t\t\t<div class=\"elementor-widget-container\">\n\t\t\t\t\t\t\t<div class=\"premium-persons-container premium-person-style1 multiple-persons\" data-persons-equal=\"\">\n\t\t\t\t\t\t\t\t<div class=\"premium-person-container premium-person-none-effect\">\n\t\t\t\t\t\t<div class=\"premium-person-image-container\">\n\t\t\t\t\t\t<img decoding=\"async\" width=\"500\" height=\"700\" data-src=\"https:\/\/boomer.pt\/raiodoblog\/wp-content\/uploads\/2023\/11\/fotos_equipa_0004_TO_1.jpg\" class=\"attachment-full size-full wp-image-19982 lazyload\" alt=\"\" data-srcset=\"https:\/\/boomer.pt\/raiodoblog\/wp-content\/uploads\/2023\/11\/fotos_equipa_0004_TO_1.jpg 500w, https:\/\/boomer.pt\/raiodoblog\/wp-content\/uploads\/2023\/11\/fotos_equipa_0004_TO_1-214x300.jpg 214w\" data-sizes=\"(max-width: 500px) 100vw, 500px\" src=\"data:image\/gif;base64,R0lGODlhAQABAAAAACH5BAEKAAEALAAAAAABAAEAAAICTAEAOw==\" style=\"--smush-placeholder-width: 500px; --smush-placeholder-aspect-ratio: 500\/700;\" \/>\t\t\t\t\t\t\t\t\t\t\t\t\t<\/div>\n\t\t\t\t\t\t<div class=\"premium-person-info\">\n\t\t\t\t\t\t\t\t\t\t<div class=\"premium-person-info-container\">\n\t\t\t\t\t\t\t\t\t<h3 class=\"premium-person-name\">Tiago Oliveira<\/h3>\n\t\t\t\t\t\t\t\t\t\t\t<h5 class=\"premium-person-title\">\n\t\t\t\t\t\t\t<span>Designer<\/span>\n\t\t\t\t\t\t<\/h5>\n\t\t\t\t\t\t\t\t<\/div>\n\t\t\t\t\t\t\t\t\t<\/div>\n\t\t\t\t\t<\/div>\n\t\t\t\t\t\t\t<\/div>\n\t\t\t\t\t\t<\/div>\n\t\t\t\t<\/div>\n\t\t\t\t\t<\/div>\n\t\t<\/div>\n\t\t\t\t<div class=\"elementor-column elementor-col-50 elementor-inner-column elementor-element elementor-element-e032613\" data-id=\"e032613\" data-element_type=\"column\" data-e-type=\"column\">\n\t\t\t<div class=\"elementor-widget-wrap elementor-element-populated\">\n\t\t\t\t\t\t<div class=\"elementor-element elementor-element-25002f8 elementor-grid-3 elementor-grid-tablet-2 elementor-grid-mobile-1 elementor-posts--thumbnail-top elementor-card-shadow-yes elementor-posts__hover-gradient elementor-widget elementor-widget-posts\" data-id=\"25002f8\" data-element_type=\"widget\" data-e-type=\"widget\" data-settings=\"{&quot;cards_columns&quot;:&quot;3&quot;,&quot;cards_columns_tablet&quot;:&quot;2&quot;,&quot;cards_columns_mobile&quot;:&quot;1&quot;,&quot;cards_row_gap&quot;:{&quot;unit&quot;:&quot;px&quot;,&quot;size&quot;:35,&quot;sizes&quot;:[]},&quot;cards_row_gap_tablet&quot;:{&quot;unit&quot;:&quot;px&quot;,&quot;size&quot;:&quot;&quot;,&quot;sizes&quot;:[]},&quot;cards_row_gap_mobile&quot;:{&quot;unit&quot;:&quot;px&quot;,&quot;size&quot;:&quot;&quot;,&quot;sizes&quot;:[]}}\" data-widget_type=\"posts.cards\">\n\t\t\t\t<div class=\"elementor-widget-container\">\n\t\t\t\t\t\t\t<div class=\"elementor-posts-container elementor-posts elementor-posts--skin-cards elementor-grid\" role=\"list\">\n\t\t\t\t<article class=\"elementor-post elementor-grid-item post-19205 post type-post status-publish format-standard has-post-thumbnail hentry category-design category-marketing tag-agencia-digital tag-agenciademarketing tag-ai tag-boomer tag-boomer-academy tag-branding tag-design tag-formas tag-gestaoredesosciais tag-marca tag-marketingdigital tag-psicologia tag-redessociais tag-significado tag-vila-nova-de-famalicao\" role=\"listitem\">\n\t\t\t<div class=\"elementor-post__card\">\n\t\t\t\t<a class=\"elementor-post__thumbnail__link\" href=\"https:\/\/boomer.pt\/raiodoblog\/psicologia-das-formas-o-significado-das-formas-no-design\/\" tabindex=\"-1\" target=\"_blank\"><div class=\"elementor-post__thumbnail\"><img decoding=\"async\" width=\"2001\" height=\"1001\" data-src=\"https:\/\/boomer.pt\/raiodoblog\/wp-content\/uploads\/2023\/10\/w41_PsicologiaFormas_banner-blog.png\" class=\"attachment-full size-full wp-image-19206 lazyload\" alt=\"\" data-srcset=\"https:\/\/boomer.pt\/raiodoblog\/wp-content\/uploads\/2023\/10\/w41_PsicologiaFormas_banner-blog.png 2001w, https:\/\/boomer.pt\/raiodoblog\/wp-content\/uploads\/2023\/10\/w41_PsicologiaFormas_banner-blog-300x150.png 300w, https:\/\/boomer.pt\/raiodoblog\/wp-content\/uploads\/2023\/10\/w41_PsicologiaFormas_banner-blog-1024x512.png 1024w, https:\/\/boomer.pt\/raiodoblog\/wp-content\/uploads\/2023\/10\/w41_PsicologiaFormas_banner-blog-768x384.png 768w, https:\/\/boomer.pt\/raiodoblog\/wp-content\/uploads\/2023\/10\/w41_PsicologiaFormas_banner-blog-1536x768.png 1536w\" data-sizes=\"(max-width: 2001px) 100vw, 2001px\" src=\"data:image\/gif;base64,R0lGODlhAQABAAAAACH5BAEKAAEALAAAAAABAAEAAAICTAEAOw==\" style=\"--smush-placeholder-width: 2001px; --smush-placeholder-aspect-ratio: 2001\/1001;\" \/><\/div><\/a>\n\t\t\t\t<div class=\"elementor-post__text\">\n\t\t\t\t<h3 class=\"elementor-post__title\">\n\t\t\t<a href=\"https:\/\/boomer.pt\/raiodoblog\/psicologia-das-formas-o-significado-das-formas-no-design\/\" target=&quot;_blank&quot;>\n\t\t\t\tPsicologia das formas: O Significado das formas no design\t\t\t<\/a>\n\t\t<\/h3>\n\t\t\t\t<div class=\"elementor-post__excerpt\">\n\t\t\t<p>Cada elemento que escolhemos para uma pe\u00e7a gr\u00e1fica tem o poder de transmitir mensagens e influenciar a perce\u00e7\u00e3o do p\u00fablico.<\/p>\n<p>Entre esses elementos do design, as formas desempenham um papel fundamental na forma como percebemos e reagimos aos elementos visuais. <\/p>\n\t\t<\/div>\n\t\t\t\t\t<div class=\"elementor-post__read-more-wrapper\">\n\t\t\n\t\t<a class=\"elementor-post__read-more\" href=\"https:\/\/boomer.pt\/raiodoblog\/psicologia-das-formas-o-significado-das-formas-no-design\/\" aria-label=\"Read more about Psicologia das formas: O Significado das formas no design\" tabindex=\"-1\" target=\"_blank\">\n\t\t\tLER MAIS\t\t<\/a>\n\n\t\t\t\t\t<\/div>\n\t\t\t\t<\/div>\n\t\t\t\t<div class=\"elementor-post__meta-data\">\n\t\t\t\t\t<span class=\"elementor-post-date\">\n\t\t\t8 de March, 2025\t\t<\/span>\n\t\t\t\t<\/div>\n\t\t\t\t\t<\/div>\n\t\t<\/article>\n\t\t\t\t<article class=\"elementor-post elementor-grid-item post-16827 post type-post status-publish format-standard has-post-thumbnail hentry category-comunicacao category-criatividade category-design tag-branding tag-city tag-citybranding tag-design tag-urbanbranding\" role=\"listitem\">\n\t\t\t<div class=\"elementor-post__card\">\n\t\t\t\t<a class=\"elementor-post__thumbnail__link\" href=\"https:\/\/boomer.pt\/raiodoblog\/city-branding-transformar-cidades-em-marcas-vivas\/\" tabindex=\"-1\" target=\"_blank\"><div class=\"elementor-post__thumbnail\"><img decoding=\"async\" width=\"2001\" height=\"1001\" data-src=\"https:\/\/boomer.pt\/raiodoblog\/wp-content\/uploads\/2023\/08\/w31_CityBranding_banner-blog.png\" class=\"attachment-full size-full wp-image-16828 lazyload\" alt=\"\" data-srcset=\"https:\/\/boomer.pt\/raiodoblog\/wp-content\/uploads\/2023\/08\/w31_CityBranding_banner-blog.png 2001w, https:\/\/boomer.pt\/raiodoblog\/wp-content\/uploads\/2023\/08\/w31_CityBranding_banner-blog-300x150.png 300w, https:\/\/boomer.pt\/raiodoblog\/wp-content\/uploads\/2023\/08\/w31_CityBranding_banner-blog-1024x512.png 1024w, https:\/\/boomer.pt\/raiodoblog\/wp-content\/uploads\/2023\/08\/w31_CityBranding_banner-blog-768x384.png 768w, https:\/\/boomer.pt\/raiodoblog\/wp-content\/uploads\/2023\/08\/w31_CityBranding_banner-blog-1536x768.png 1536w, https:\/\/boomer.pt\/raiodoblog\/wp-content\/uploads\/2023\/08\/w31_CityBranding_banner-blog-1568x784.png 1568w\" data-sizes=\"(max-width: 2001px) 100vw, 2001px\" src=\"data:image\/gif;base64,R0lGODlhAQABAAAAACH5BAEKAAEALAAAAAABAAEAAAICTAEAOw==\" style=\"--smush-placeholder-width: 2001px; --smush-placeholder-aspect-ratio: 2001\/1001;\" \/><\/div><\/a>\n\t\t\t\t<div class=\"elementor-post__text\">\n\t\t\t\t<h3 class=\"elementor-post__title\">\n\t\t\t<a href=\"https:\/\/boomer.pt\/raiodoblog\/city-branding-transformar-cidades-em-marcas-vivas\/\" target=&quot;_blank&quot;>\n\t\t\t\tCity Branding: Transformar Cidades em Marcas Vivas\t\t\t<\/a>\n\t\t<\/h3>\n\t\t\t\t<div class=\"elementor-post__excerpt\">\n\t\t\t<p>No cen\u00e1rio global cada vez mais competitivo, onde as cidades se tornam centros de neg\u00f3cios, turismo e cultura, o conceito de &#8220;city branding&#8221; ou \u201cplace branding\u201d ganha relev\u00e2ncia. <\/p>\n\t\t<\/div>\n\t\t\t\t\t<div class=\"elementor-post__read-more-wrapper\">\n\t\t\n\t\t<a class=\"elementor-post__read-more\" href=\"https:\/\/boomer.pt\/raiodoblog\/city-branding-transformar-cidades-em-marcas-vivas\/\" aria-label=\"Read more about City Branding: Transformar Cidades em Marcas Vivas\" tabindex=\"-1\" target=\"_blank\">\n\t\t\tLER MAIS\t\t<\/a>\n\n\t\t\t\t\t<\/div>\n\t\t\t\t<\/div>\n\t\t\t\t<div class=\"elementor-post__meta-data\">\n\t\t\t\t\t<span class=\"elementor-post-date\">\n\t\t\t31 de August, 2024\t\t<\/span>\n\t\t\t\t<\/div>\n\t\t\t\t\t<\/div>\n\t\t<\/article>\n\t\t\t\t<article class=\"elementor-post elementor-grid-item post-20848 post type-post status-publish format-standard has-post-thumbnail hentry category-comunicacao category-design category-marketing tag-agencia-digital tag-agenciademarketing tag-ai tag-boomer tag-boomer-academy tag-branding tag-design tag-formas tag-gestaoredesosciais tag-marca tag-vila-nova-de-famalicao\" role=\"listitem\">\n\t\t\t<div class=\"elementor-post__card\">\n\t\t\t\t<a class=\"elementor-post__thumbnail__link\" href=\"https:\/\/boomer.pt\/raiodoblog\/principios-do-design-inclusivo\/\" tabindex=\"-1\" target=\"_blank\"><div class=\"elementor-post__thumbnail\"><img decoding=\"async\" width=\"1403\" height=\"702\" data-src=\"https:\/\/boomer.pt\/raiodoblog\/wp-content\/uploads\/2023\/12\/BLOG-INSTAGRAM-NEWSLETTER-parte-4_w49_DesignIclusivo_banner-blog.webp\" class=\"attachment-full size-full wp-image-20854 lazyload\" alt=\"\" data-srcset=\"https:\/\/boomer.pt\/raiodoblog\/wp-content\/uploads\/2023\/12\/BLOG-INSTAGRAM-NEWSLETTER-parte-4_w49_DesignIclusivo_banner-blog.webp 1403w, https:\/\/boomer.pt\/raiodoblog\/wp-content\/uploads\/2023\/12\/BLOG-INSTAGRAM-NEWSLETTER-parte-4_w49_DesignIclusivo_banner-blog-300x150.webp 300w, https:\/\/boomer.pt\/raiodoblog\/wp-content\/uploads\/2023\/12\/BLOG-INSTAGRAM-NEWSLETTER-parte-4_w49_DesignIclusivo_banner-blog-1024x512.webp 1024w, https:\/\/boomer.pt\/raiodoblog\/wp-content\/uploads\/2023\/12\/BLOG-INSTAGRAM-NEWSLETTER-parte-4_w49_DesignIclusivo_banner-blog-768x384.webp 768w\" data-sizes=\"(max-width: 1403px) 100vw, 1403px\" src=\"data:image\/gif;base64,R0lGODlhAQABAAAAACH5BAEKAAEALAAAAAABAAEAAAICTAEAOw==\" style=\"--smush-placeholder-width: 1403px; --smush-placeholder-aspect-ratio: 1403\/702;\" \/><\/div><\/a>\n\t\t\t\t<div class=\"elementor-post__text\">\n\t\t\t\t<h3 class=\"elementor-post__title\">\n\t\t\t<a href=\"https:\/\/boomer.pt\/raiodoblog\/principios-do-design-inclusivo\/\" target=&quot;_blank&quot;>\n\t\t\t\t5 princ\u00edpios do Design Inclusivo\t\t\t<\/a>\n\t\t<\/h3>\n\t\t\t\t<div class=\"elementor-post__excerpt\">\n\t\t\t<p>\u00c0 medida que as marcas procuram relacionar-se com uma audi\u00eancia cada vez mais diversificada, o design gr\u00e1fico inclusivo emerge como uma ferramenta poderosa para criar estrat\u00e9gias e produtos que transcendem barreiras. Este artigo explora cinco princ\u00edpios fundamentais do design gr\u00e1fico inclusivo e como as marcas os podem incorporar para ampliar o seu alcance e construir uma presen\u00e7a mais inclusiva e aut\u00eantica.<\/p>\n\t\t<\/div>\n\t\t\t\t\t<div class=\"elementor-post__read-more-wrapper\">\n\t\t\n\t\t<a class=\"elementor-post__read-more\" href=\"https:\/\/boomer.pt\/raiodoblog\/principios-do-design-inclusivo\/\" aria-label=\"Read more about 5 princ\u00edpios do Design Inclusivo\" tabindex=\"-1\" target=\"_blank\">\n\t\t\tLER MAIS\t\t<\/a>\n\n\t\t\t\t\t<\/div>\n\t\t\t\t<\/div>\n\t\t\t\t<div class=\"elementor-post__meta-data\">\n\t\t\t\t\t<span class=\"elementor-post-date\">\n\t\t\t8 de May, 2023\t\t<\/span>\n\t\t\t\t<\/div>\n\t\t\t\t\t<\/div>\n\t\t<\/article>\n\t\t\t\t<\/div>\n\t\t\n\t\t\t\t\t\t<\/div>\n\t\t\t\t<\/div>\n\t\t\t\t\t<\/div>\n\t\t<\/div>\n\t\t\t\t\t<\/div>\n\t\t<\/section>\n\t\t\t\t\t<\/div>\n\t\t<\/div>\n\t\t\t\t\t<\/div>\n\t\t<\/section>\n\t\t\t\t<\/div>\n\t\t\t\t<\/div>\n\t\t\t\t\t\t<\/div>\n\t\t\t\t<\/div>\n\t\t\t\t\t<\/div>\n\t\t<\/div>\n\t\t\t\t\t<\/div>\n\t\t<\/section>\n\t\t\t\t<\/div>\n\t\t","protected":false},"excerpt":{"rendered":"<p><img decoding=\"async\" style=\"display: block; margin-left: auto; margin-right: auto;\" data-src=\"images\/o_raio_do_blog\/25-06-21\/24_5-ferramentas-para-social-media-manager_1.png\" alt=\"\" src=\"data:image\/gif;base64,R0lGODlhAQABAAAAACH5BAEKAAEALAAAAAABAAEAAAICTAEAOw==\" class=\"lazyload\" \/><\/p>\n<p>A <strong>sustentabilidade<\/strong> \u00e9 um tema que est\u00e1 na ordem do dia e n\u00e3o \u00e9 novidade que as ind\u00fastrias dependem de recursos como a energia, a \u00e1gua, o papel e a tinta. O<strong> Design Gr\u00e1fico<\/strong> e o <strong>Marketing<\/strong> n\u00e3o s\u00e3o exce\u00e7\u00e3o.<\/p>\n","protected":false},"author":5,"featured_media":7237,"comment_status":"open","ping_status":"open","sticky":false,"template":"elementor_theme","format":"standard","meta":{"footnotes":""},"categories":[98],"tags":[131,130,156,197,198,140,154,250,249,151,139,148,133,132],"class_list":["post-7238","post","type-post","status-publish","format-standard","has-post-thumbnail","hentry","category-design","tag-agencia-digital","tag-agenciademarketing","tag-ai","tag-boomer","tag-boomer-academy","tag-branding","tag-design","tag-design-sustentavel","tag-ecodesign","tag-gestaoredesosciais","tag-marca","tag-marketingdigital","tag-redessociais","tag-vila-nova-de-famalicao"],"yoast_head":"<!-- This site is optimized with the Yoast SEO plugin v24.7 - https:\/\/yoast.com\/wordpress\/plugins\/seo\/ -->\n<title>Ecodesign\/Design Sustent\u00e1vel: por uma criatividade consciente! - BOOMER<\/title>\n<meta name=\"robots\" content=\"index, follow, max-snippet:-1, max-image-preview:large, max-video-preview:-1\" \/>\n<link rel=\"canonical\" href=\"https:\/\/boomer.pt\/raiodoblog\/ecodesign-design-sustentavel-por-uma-criatividade-consciente\/\" \/>\n<meta property=\"og:locale\" content=\"en_US\" \/>\n<meta property=\"og:type\" content=\"article\" \/>\n<meta property=\"og:title\" content=\"Ecodesign\/Design Sustent\u00e1vel: por uma criatividade consciente! - BOOMER\" \/>\n<meta property=\"og:description\" content=\"A sustentabilidade \u00e9 um tema que est\u00e1 na ordem do dia e n\u00e3o \u00e9 novidade que as ind\u00fastrias dependem de recursos como a energia, a \u00e1gua, o papel e a tinta. O Design Gr\u00e1fico e o Marketing n\u00e3o s\u00e3o exce\u00e7\u00e3o.\" \/>\n<meta property=\"og:url\" content=\"https:\/\/boomer.pt\/raiodoblog\/ecodesign-design-sustentavel-por-uma-criatividade-consciente\/\" \/>\n<meta property=\"og:site_name\" content=\"BOOMER\" \/>\n<meta property=\"article:publisher\" content=\"https:\/\/www.facebook.com\/boomer.pt\" \/>\n<meta property=\"article:published_time\" content=\"2021-06-24T21:13:56+00:00\" \/>\n<meta property=\"og:image\" content=\"https:\/\/boomer.pt\/raiodoblog\/wp-content\/uploads\/2022\/05\/DesignSustentvel.png\" \/>\n\t<meta property=\"og:image:width\" content=\"2001\" \/>\n\t<meta property=\"og:image:height\" content=\"1001\" \/>\n\t<meta property=\"og:image:type\" content=\"image\/png\" \/>\n<meta name=\"author\" content=\"Tiago Oliveira\" \/>\n<meta name=\"twitter:card\" content=\"summary_large_image\" \/>\n<meta name=\"twitter:label1\" content=\"Written by\" \/>\n\t<meta name=\"twitter:data1\" content=\"Tiago Oliveira\" \/>\n\t<meta name=\"twitter:label2\" content=\"Est. reading time\" \/>\n\t<meta name=\"twitter:data2\" content=\"12 minutes\" \/>\n<script type=\"application\/ld+json\" class=\"yoast-schema-graph\">{\"@context\":\"https:\/\/schema.org\",\"@graph\":[{\"@type\":\"Article\",\"@id\":\"https:\/\/boomer.pt\/raiodoblog\/ecodesign-design-sustentavel-por-uma-criatividade-consciente\/#article\",\"isPartOf\":{\"@id\":\"https:\/\/boomer.pt\/raiodoblog\/ecodesign-design-sustentavel-por-uma-criatividade-consciente\/\"},\"author\":{\"name\":\"Tiago Oliveira\",\"@id\":\"https:\/\/boomer.pt\/raiodoblog\/#\/schema\/person\/b3543747e5383f4bb8bbbfa21499bf37\"},\"headline\":\"Ecodesign\/Design Sustent\u00e1vel: por uma criatividade consciente!\",\"datePublished\":\"2021-06-24T21:13:56+00:00\",\"mainEntityOfPage\":{\"@id\":\"https:\/\/boomer.pt\/raiodoblog\/ecodesign-design-sustentavel-por-uma-criatividade-consciente\/\"},\"wordCount\":1453,\"commentCount\":0,\"publisher\":{\"@id\":\"https:\/\/boomer.pt\/raiodoblog\/#organization\"},\"image\":{\"@id\":\"https:\/\/boomer.pt\/raiodoblog\/ecodesign-design-sustentavel-por-uma-criatividade-consciente\/#primaryimage\"},\"thumbnailUrl\":\"https:\/\/boomer.pt\/raiodoblog\/wp-content\/uploads\/2022\/05\/DesignSustentvel.png\",\"keywords\":[\"agencia digital\",\"agenciademarketing\",\"ai\",\"Boomer\",\"Boomer Academy\",\"branding\",\"design\",\"Design Sustent\u00e1vel\",\"Ecodesign\",\"gestaoredesosciais\",\"marca\",\"marketingdigital\",\"redessociais\",\"vila nova de famalicao\"],\"articleSection\":[\"Design Gr\u00e1fico\"],\"inLanguage\":\"en-US\",\"potentialAction\":[{\"@type\":\"CommentAction\",\"name\":\"Comment\",\"target\":[\"https:\/\/boomer.pt\/raiodoblog\/ecodesign-design-sustentavel-por-uma-criatividade-consciente\/#respond\"]}]},{\"@type\":\"WebPage\",\"@id\":\"https:\/\/boomer.pt\/raiodoblog\/ecodesign-design-sustentavel-por-uma-criatividade-consciente\/\",\"url\":\"https:\/\/boomer.pt\/raiodoblog\/ecodesign-design-sustentavel-por-uma-criatividade-consciente\/\",\"name\":\"Ecodesign\/Design Sustent\u00e1vel: por uma criatividade consciente! - BOOMER\",\"isPartOf\":{\"@id\":\"https:\/\/boomer.pt\/raiodoblog\/#website\"},\"primaryImageOfPage\":{\"@id\":\"https:\/\/boomer.pt\/raiodoblog\/ecodesign-design-sustentavel-por-uma-criatividade-consciente\/#primaryimage\"},\"image\":{\"@id\":\"https:\/\/boomer.pt\/raiodoblog\/ecodesign-design-sustentavel-por-uma-criatividade-consciente\/#primaryimage\"},\"thumbnailUrl\":\"https:\/\/boomer.pt\/raiodoblog\/wp-content\/uploads\/2022\/05\/DesignSustentvel.png\",\"datePublished\":\"2021-06-24T21:13:56+00:00\",\"breadcrumb\":{\"@id\":\"https:\/\/boomer.pt\/raiodoblog\/ecodesign-design-sustentavel-por-uma-criatividade-consciente\/#breadcrumb\"},\"inLanguage\":\"en-US\",\"potentialAction\":[{\"@type\":\"ReadAction\",\"target\":[\"https:\/\/boomer.pt\/raiodoblog\/ecodesign-design-sustentavel-por-uma-criatividade-consciente\/\"]}]},{\"@type\":\"ImageObject\",\"inLanguage\":\"en-US\",\"@id\":\"https:\/\/boomer.pt\/raiodoblog\/ecodesign-design-sustentavel-por-uma-criatividade-consciente\/#primaryimage\",\"url\":\"https:\/\/boomer.pt\/raiodoblog\/wp-content\/uploads\/2022\/05\/DesignSustentvel.png\",\"contentUrl\":\"https:\/\/boomer.pt\/raiodoblog\/wp-content\/uploads\/2022\/05\/DesignSustentvel.png\",\"width\":2001,\"height\":1001},{\"@type\":\"BreadcrumbList\",\"@id\":\"https:\/\/boomer.pt\/raiodoblog\/ecodesign-design-sustentavel-por-uma-criatividade-consciente\/#breadcrumb\",\"itemListElement\":[{\"@type\":\"ListItem\",\"position\":1,\"name\":\"In\u00edcio\",\"item\":\"https:\/\/boomer.pt\/raiodoblog\/\"},{\"@type\":\"ListItem\",\"position\":2,\"name\":\"Ecodesign\/Design Sustent\u00e1vel: por uma criatividade consciente!\"}]},{\"@type\":\"WebSite\",\"@id\":\"https:\/\/boomer.pt\/raiodoblog\/#website\",\"url\":\"https:\/\/boomer.pt\/raiodoblog\/\",\"name\":\"BOOMER\",\"description\":\"Brand &amp; Digital Agency\",\"publisher\":{\"@id\":\"https:\/\/boomer.pt\/raiodoblog\/#organization\"},\"potentialAction\":[{\"@type\":\"SearchAction\",\"target\":{\"@type\":\"EntryPoint\",\"urlTemplate\":\"https:\/\/boomer.pt\/raiodoblog\/?s={search_term_string}\"},\"query-input\":{\"@type\":\"PropertyValueSpecification\",\"valueRequired\":true,\"valueName\":\"search_term_string\"}}],\"inLanguage\":\"en-US\"},{\"@type\":\"Organization\",\"@id\":\"https:\/\/boomer.pt\/raiodoblog\/#organization\",\"name\":\"BOOMER\",\"url\":\"https:\/\/boomer.pt\/raiodoblog\/\",\"logo\":{\"@type\":\"ImageObject\",\"inLanguage\":\"en-US\",\"@id\":\"https:\/\/boomer.pt\/raiodoblog\/#\/schema\/logo\/image\/\",\"url\":\"https:\/\/boomer.pt\/raiodoblog\/wp-content\/uploads\/2022\/10\/BoomerLogo-2.svg\",\"contentUrl\":\"https:\/\/boomer.pt\/raiodoblog\/wp-content\/uploads\/2022\/10\/BoomerLogo-2.svg\",\"width\":154,\"height\":40,\"caption\":\"BOOMER\"},\"image\":{\"@id\":\"https:\/\/boomer.pt\/raiodoblog\/#\/schema\/logo\/image\/\"},\"sameAs\":[\"https:\/\/www.facebook.com\/boomer.pt\",\"https:\/\/www.instagram.com\/boomerpt\/\",\"https:\/\/www.linkedin.com\/company\/2641069\/admin\/\",\"https:\/\/www.youtube.com\/channel\/UCJ4-FswWDdO5i1UVdIUqtGw\/feed\",\"https:\/\/www.behance.net\/boomer_pt\"]},{\"@type\":\"Person\",\"@id\":\"https:\/\/boomer.pt\/raiodoblog\/#\/schema\/person\/b3543747e5383f4bb8bbbfa21499bf37\",\"name\":\"Tiago Oliveira\",\"image\":{\"@type\":\"ImageObject\",\"inLanguage\":\"en-US\",\"@id\":\"https:\/\/boomer.pt\/raiodoblog\/#\/schema\/person\/image\/\",\"url\":\"https:\/\/secure.gravatar.com\/avatar\/6eb59808feba8e22cfa7ed2be6dbbcfdb382a8694f65786be3ab472eb52cb717?s=96&d=mm&r=g\",\"contentUrl\":\"https:\/\/secure.gravatar.com\/avatar\/6eb59808feba8e22cfa7ed2be6dbbcfdb382a8694f65786be3ab472eb52cb717?s=96&d=mm&r=g\",\"caption\":\"Tiago Oliveira\"},\"description\":\"Designer\",\"url\":\"https:\/\/boomer.pt\/raiodoblog\/author\/tiago-oliveira\/\"}]}<\/script>\n<!-- \/ Yoast SEO plugin. -->","yoast_head_json":{"title":"Ecodesign\/Design Sustent\u00e1vel: por uma criatividade consciente! - BOOMER","robots":{"index":"index","follow":"follow","max-snippet":"max-snippet:-1","max-image-preview":"max-image-preview:large","max-video-preview":"max-video-preview:-1"},"canonical":"https:\/\/boomer.pt\/raiodoblog\/ecodesign-design-sustentavel-por-uma-criatividade-consciente\/","og_locale":"en_US","og_type":"article","og_title":"Ecodesign\/Design Sustent\u00e1vel: por uma criatividade consciente! - BOOMER","og_description":"A sustentabilidade \u00e9 um tema que est\u00e1 na ordem do dia e n\u00e3o \u00e9 novidade que as ind\u00fastrias dependem de recursos como a energia, a \u00e1gua, o papel e a tinta. O Design Gr\u00e1fico e o Marketing n\u00e3o s\u00e3o exce\u00e7\u00e3o.","og_url":"https:\/\/boomer.pt\/raiodoblog\/ecodesign-design-sustentavel-por-uma-criatividade-consciente\/","og_site_name":"BOOMER","article_publisher":"https:\/\/www.facebook.com\/boomer.pt","article_published_time":"2021-06-24T21:13:56+00:00","og_image":[{"width":2001,"height":1001,"url":"https:\/\/boomer.pt\/raiodoblog\/wp-content\/uploads\/2022\/05\/DesignSustentvel.png","type":"image\/png"}],"author":"Tiago Oliveira","twitter_card":"summary_large_image","twitter_misc":{"Written by":"Tiago Oliveira","Est. reading time":"12 minutes"},"schema":{"@context":"https:\/\/schema.org","@graph":[{"@type":"Article","@id":"https:\/\/boomer.pt\/raiodoblog\/ecodesign-design-sustentavel-por-uma-criatividade-consciente\/#article","isPartOf":{"@id":"https:\/\/boomer.pt\/raiodoblog\/ecodesign-design-sustentavel-por-uma-criatividade-consciente\/"},"author":{"name":"Tiago Oliveira","@id":"https:\/\/boomer.pt\/raiodoblog\/#\/schema\/person\/b3543747e5383f4bb8bbbfa21499bf37"},"headline":"Ecodesign\/Design Sustent\u00e1vel: por uma criatividade consciente!","datePublished":"2021-06-24T21:13:56+00:00","mainEntityOfPage":{"@id":"https:\/\/boomer.pt\/raiodoblog\/ecodesign-design-sustentavel-por-uma-criatividade-consciente\/"},"wordCount":1453,"commentCount":0,"publisher":{"@id":"https:\/\/boomer.pt\/raiodoblog\/#organization"},"image":{"@id":"https:\/\/boomer.pt\/raiodoblog\/ecodesign-design-sustentavel-por-uma-criatividade-consciente\/#primaryimage"},"thumbnailUrl":"https:\/\/boomer.pt\/raiodoblog\/wp-content\/uploads\/2022\/05\/DesignSustentvel.png","keywords":["agencia digital","agenciademarketing","ai","Boomer","Boomer Academy","branding","design","Design Sustent\u00e1vel","Ecodesign","gestaoredesosciais","marca","marketingdigital","redessociais","vila nova de famalicao"],"articleSection":["Design Gr\u00e1fico"],"inLanguage":"en-US","potentialAction":[{"@type":"CommentAction","name":"Comment","target":["https:\/\/boomer.pt\/raiodoblog\/ecodesign-design-sustentavel-por-uma-criatividade-consciente\/#respond"]}]},{"@type":"WebPage","@id":"https:\/\/boomer.pt\/raiodoblog\/ecodesign-design-sustentavel-por-uma-criatividade-consciente\/","url":"https:\/\/boomer.pt\/raiodoblog\/ecodesign-design-sustentavel-por-uma-criatividade-consciente\/","name":"Ecodesign\/Design Sustent\u00e1vel: por uma criatividade consciente! - BOOMER","isPartOf":{"@id":"https:\/\/boomer.pt\/raiodoblog\/#website"},"primaryImageOfPage":{"@id":"https:\/\/boomer.pt\/raiodoblog\/ecodesign-design-sustentavel-por-uma-criatividade-consciente\/#primaryimage"},"image":{"@id":"https:\/\/boomer.pt\/raiodoblog\/ecodesign-design-sustentavel-por-uma-criatividade-consciente\/#primaryimage"},"thumbnailUrl":"https:\/\/boomer.pt\/raiodoblog\/wp-content\/uploads\/2022\/05\/DesignSustentvel.png","datePublished":"2021-06-24T21:13:56+00:00","breadcrumb":{"@id":"https:\/\/boomer.pt\/raiodoblog\/ecodesign-design-sustentavel-por-uma-criatividade-consciente\/#breadcrumb"},"inLanguage":"en-US","potentialAction":[{"@type":"ReadAction","target":["https:\/\/boomer.pt\/raiodoblog\/ecodesign-design-sustentavel-por-uma-criatividade-consciente\/"]}]},{"@type":"ImageObject","inLanguage":"en-US","@id":"https:\/\/boomer.pt\/raiodoblog\/ecodesign-design-sustentavel-por-uma-criatividade-consciente\/#primaryimage","url":"https:\/\/boomer.pt\/raiodoblog\/wp-content\/uploads\/2022\/05\/DesignSustentvel.png","contentUrl":"https:\/\/boomer.pt\/raiodoblog\/wp-content\/uploads\/2022\/05\/DesignSustentvel.png","width":2001,"height":1001},{"@type":"BreadcrumbList","@id":"https:\/\/boomer.pt\/raiodoblog\/ecodesign-design-sustentavel-por-uma-criatividade-consciente\/#breadcrumb","itemListElement":[{"@type":"ListItem","position":1,"name":"In\u00edcio","item":"https:\/\/boomer.pt\/raiodoblog\/"},{"@type":"ListItem","position":2,"name":"Ecodesign\/Design Sustent\u00e1vel: por uma criatividade consciente!"}]},{"@type":"WebSite","@id":"https:\/\/boomer.pt\/raiodoblog\/#website","url":"https:\/\/boomer.pt\/raiodoblog\/","name":"BOOMER","description":"Brand &amp; Digital Agency","publisher":{"@id":"https:\/\/boomer.pt\/raiodoblog\/#organization"},"potentialAction":[{"@type":"SearchAction","target":{"@type":"EntryPoint","urlTemplate":"https:\/\/boomer.pt\/raiodoblog\/?s={search_term_string}"},"query-input":{"@type":"PropertyValueSpecification","valueRequired":true,"valueName":"search_term_string"}}],"inLanguage":"en-US"},{"@type":"Organization","@id":"https:\/\/boomer.pt\/raiodoblog\/#organization","name":"BOOMER","url":"https:\/\/boomer.pt\/raiodoblog\/","logo":{"@type":"ImageObject","inLanguage":"en-US","@id":"https:\/\/boomer.pt\/raiodoblog\/#\/schema\/logo\/image\/","url":"https:\/\/boomer.pt\/raiodoblog\/wp-content\/uploads\/2022\/10\/BoomerLogo-2.svg","contentUrl":"https:\/\/boomer.pt\/raiodoblog\/wp-content\/uploads\/2022\/10\/BoomerLogo-2.svg","width":154,"height":40,"caption":"BOOMER"},"image":{"@id":"https:\/\/boomer.pt\/raiodoblog\/#\/schema\/logo\/image\/"},"sameAs":["https:\/\/www.facebook.com\/boomer.pt","https:\/\/www.instagram.com\/boomerpt\/","https:\/\/www.linkedin.com\/company\/2641069\/admin\/","https:\/\/www.youtube.com\/channel\/UCJ4-FswWDdO5i1UVdIUqtGw\/feed","https:\/\/www.behance.net\/boomer_pt"]},{"@type":"Person","@id":"https:\/\/boomer.pt\/raiodoblog\/#\/schema\/person\/b3543747e5383f4bb8bbbfa21499bf37","name":"Tiago Oliveira","image":{"@type":"ImageObject","inLanguage":"en-US","@id":"https:\/\/boomer.pt\/raiodoblog\/#\/schema\/person\/image\/","url":"https:\/\/secure.gravatar.com\/avatar\/6eb59808feba8e22cfa7ed2be6dbbcfdb382a8694f65786be3ab472eb52cb717?s=96&d=mm&r=g","contentUrl":"https:\/\/secure.gravatar.com\/avatar\/6eb59808feba8e22cfa7ed2be6dbbcfdb382a8694f65786be3ab472eb52cb717?s=96&d=mm&r=g","caption":"Tiago Oliveira"},"description":"Designer","url":"https:\/\/boomer.pt\/raiodoblog\/author\/tiago-oliveira\/"}]}},"_links":{"self":[{"href":"https:\/\/boomer.pt\/raiodoblog\/wp-json\/wp\/v2\/posts\/7238","targetHints":{"allow":["GET"]}}],"collection":[{"href":"https:\/\/boomer.pt\/raiodoblog\/wp-json\/wp\/v2\/posts"}],"about":[{"href":"https:\/\/boomer.pt\/raiodoblog\/wp-json\/wp\/v2\/types\/post"}],"author":[{"embeddable":true,"href":"https:\/\/boomer.pt\/raiodoblog\/wp-json\/wp\/v2\/users\/5"}],"replies":[{"embeddable":true,"href":"https:\/\/boomer.pt\/raiodoblog\/wp-json\/wp\/v2\/comments?post=7238"}],"version-history":[{"count":1,"href":"https:\/\/boomer.pt\/raiodoblog\/wp-json\/wp\/v2\/posts\/7238\/revisions"}],"predecessor-version":[{"id":26101,"href":"https:\/\/boomer.pt\/raiodoblog\/wp-json\/wp\/v2\/posts\/7238\/revisions\/26101"}],"wp:featuredmedia":[{"embeddable":true,"href":"https:\/\/boomer.pt\/raiodoblog\/wp-json\/wp\/v2\/media\/7237"}],"wp:attachment":[{"href":"https:\/\/boomer.pt\/raiodoblog\/wp-json\/wp\/v2\/media?parent=7238"}],"wp:term":[{"taxonomy":"category","embeddable":true,"href":"https:\/\/boomer.pt\/raiodoblog\/wp-json\/wp\/v2\/categories?post=7238"},{"taxonomy":"post_tag","embeddable":true,"href":"https:\/\/boomer.pt\/raiodoblog\/wp-json\/wp\/v2\/tags?post=7238"}],"curies":[{"name":"wp","href":"https:\/\/api.w.org\/{rel}","templated":true}]}}