{"id":7232,"date":"2020-07-01T22:41:08","date_gmt":"2020-07-01T21:41:08","guid":{"rendered":"http:\/\/boomer.pt\/cor-e-cultura\/"},"modified":"2020-07-01T22:41:08","modified_gmt":"2020-07-01T21:41:08","slug":"cor-e-cultura","status":"publish","type":"post","link":"https:\/\/boomer.pt\/raiodoblog\/cor-e-cultura\/","title":{"rendered":"Cor e Cultura"},"content":{"rendered":"\t\t<div data-elementor-type=\"wp-post\" data-elementor-id=\"7232\" class=\"elementor elementor-7232\" data-elementor-post-type=\"post\">\n\t\t\t\t\t\t<section class=\"elementor-section elementor-top-section elementor-element elementor-element-b75fb39 elementor-section-boxed elementor-section-height-default elementor-section-height-default\" data-id=\"b75fb39\" data-element_type=\"section\" data-e-type=\"section\">\n\t\t\t\t\t\t<div class=\"elementor-container elementor-column-gap-default\">\n\t\t\t\t\t<div class=\"elementor-column elementor-col-100 elementor-top-column elementor-element elementor-element-dd17325\" data-id=\"dd17325\" data-element_type=\"column\" data-e-type=\"column\">\n\t\t\t<div class=\"elementor-widget-wrap elementor-element-populated\">\n\t\t\t\t\t\t<div class=\"elementor-element elementor-element-002e189 elementor-widget elementor-widget-theme-post-title elementor-page-title elementor-widget-heading\" data-id=\"002e189\" data-element_type=\"widget\" data-e-type=\"widget\" data-widget_type=\"theme-post-title.default\">\n\t\t\t\t<div class=\"elementor-widget-container\">\n\t\t\t\t\t<h1 class=\"elementor-heading-title elementor-size-default\">Cor e Cultura<\/h1>\t\t\t\t<\/div>\n\t\t\t\t<\/div>\n\t\t\t\t<div class=\"elementor-element elementor-element-ba84ada elementor-widget elementor-widget-text-editor\" data-id=\"ba84ada\" data-element_type=\"widget\" data-e-type=\"widget\" data-widget_type=\"text-editor.default\">\n\t\t\t\t<div class=\"elementor-widget-container\">\n\t\t\t\t\t\t\t\t\t<p>Ser\u00e1 que as cores t\u00eam o mesmo significado em toda a parte do mundo? Ser\u00e1 o preto\u00a0uma cor sempre associada ao luto e o branco \u00e0 paz?<\/p>\t\t\t\t\t\t\t\t<\/div>\n\t\t\t\t<\/div>\n\t\t\t\t\t<\/div>\n\t\t<\/div>\n\t\t\t\t\t<\/div>\n\t\t<\/section>\n\t\t\t\t<section class=\"elementor-section elementor-top-section elementor-element elementor-element-d59a53c elementor-section-boxed elementor-section-height-default elementor-section-height-default\" data-id=\"d59a53c\" data-element_type=\"section\" data-e-type=\"section\">\n\t\t\t\t\t\t<div class=\"elementor-container elementor-column-gap-default\">\n\t\t\t\t\t<div class=\"elementor-column elementor-col-100 elementor-top-column elementor-element elementor-element-ebc71d6\" data-id=\"ebc71d6\" data-element_type=\"column\" data-e-type=\"column\">\n\t\t\t<div class=\"elementor-widget-wrap elementor-element-populated\">\n\t\t\t\t\t\t<div class=\"elementor-element elementor-element-47be58f elementor-widget elementor-widget-image\" data-id=\"47be58f\" data-element_type=\"widget\" data-e-type=\"widget\" data-widget_type=\"image.default\">\n\t\t\t\t<div class=\"elementor-widget-container\">\n\t\t\t\t\t\t\t\t\t\t\t\t\t\t\t<img fetchpriority=\"high\" decoding=\"async\" width=\"4167\" height=\"2084\" src=\"https:\/\/boomer.pt\/raiodoblog\/wp-content\/uploads\/2022\/04\/Blog_Cor_e_Cultura_designTemposGuerra_blog_copy.png\" class=\"attachment-full size-full wp-image-7231\" alt=\"\" srcset=\"https:\/\/boomer.pt\/raiodoblog\/wp-content\/uploads\/2022\/04\/Blog_Cor_e_Cultura_designTemposGuerra_blog_copy.png 4167w, https:\/\/boomer.pt\/raiodoblog\/wp-content\/uploads\/2022\/04\/Blog_Cor_e_Cultura_designTemposGuerra_blog_copy-300x150.png 300w, https:\/\/boomer.pt\/raiodoblog\/wp-content\/uploads\/2022\/04\/Blog_Cor_e_Cultura_designTemposGuerra_blog_copy-1024x512.png 1024w, https:\/\/boomer.pt\/raiodoblog\/wp-content\/uploads\/2022\/04\/Blog_Cor_e_Cultura_designTemposGuerra_blog_copy-768x384.png 768w, https:\/\/boomer.pt\/raiodoblog\/wp-content\/uploads\/2022\/04\/Blog_Cor_e_Cultura_designTemposGuerra_blog_copy-1536x768.png 1536w, https:\/\/boomer.pt\/raiodoblog\/wp-content\/uploads\/2022\/04\/Blog_Cor_e_Cultura_designTemposGuerra_blog_copy-2048x1024.png 2048w, https:\/\/boomer.pt\/raiodoblog\/wp-content\/uploads\/2022\/04\/Blog_Cor_e_Cultura_designTemposGuerra_blog_copy-1568x784.png 1568w\" sizes=\"(max-width: 4167px) 100vw, 4167px\" \/>\t\t\t\t\t\t\t\t\t\t\t\t\t\t\t<\/div>\n\t\t\t\t<\/div>\n\t\t\t\t\t<\/div>\n\t\t<\/div>\n\t\t\t\t\t<\/div>\n\t\t<\/section>\n\t\t\t\t<section class=\"elementor-section elementor-top-section elementor-element elementor-element-dd43f88 elementor-section-boxed elementor-section-height-default elementor-section-height-default\" data-id=\"dd43f88\" data-element_type=\"section\" data-e-type=\"section\">\n\t\t\t\t\t\t<div class=\"elementor-container elementor-column-gap-default\">\n\t\t\t\t\t<div class=\"elementor-column elementor-col-100 elementor-top-column elementor-element elementor-element-25898e4\" data-id=\"25898e4\" data-element_type=\"column\" data-e-type=\"column\">\n\t\t\t<div class=\"elementor-widget-wrap elementor-element-populated\">\n\t\t\t\t\t\t<div class=\"elementor-element elementor-element-ae460aa elementor-widget elementor-widget-spacer\" data-id=\"ae460aa\" data-element_type=\"widget\" data-e-type=\"widget\" data-widget_type=\"spacer.default\">\n\t\t\t\t<div class=\"elementor-widget-container\">\n\t\t\t\t\t\t\t<div class=\"elementor-spacer\">\n\t\t\t<div class=\"elementor-spacer-inner\"><\/div>\n\t\t<\/div>\n\t\t\t\t\t\t<\/div>\n\t\t\t\t<\/div>\n\t\t\t\t<div class=\"elementor-element elementor-element-f14f98f elementor-widget elementor-widget-text-editor\" data-id=\"f14f98f\" data-element_type=\"widget\" data-e-type=\"widget\" data-widget_type=\"text-editor.default\">\n\t\t\t\t<div class=\"elementor-widget-container\">\n\t\t\t\t\t\t\t\t\t<p>As 11 cores b\u00e1sicas podem ser chamadas, segundo uma pesquisa, de 98 maneiras diferentes, mas ser\u00e1 que o que elas representam \u00e9 igual em toda a parte do mundo? Ser\u00e1 que a cor preta significa sempre luto ou devo\u00e7\u00e3o? E o branco, ser\u00e1 sempre identificado como a cor da paz ou da morte? Neste artigo, procuraremos responder a estas e mais algumas perguntas sobre as cores e os seus significados.<\/p><p>\u00a0<\/p><p>\u00a0<\/p><h1>O Significado cultural das cores<\/h1><div>\u00a0<\/div><p>J\u00e1 aqui falamos das diferen\u00e7as entre\u00a0<a href=\"http:\/\/boomer.pt\/pt\/o-raio-do-blog\/o-raio-do-blog\/item\/180-a-cor-diferenca-entre-cor-luz-e-cor-pigmento\">cor, luz e cor pigmento<\/a>, mas o mundo da cor n\u00e3o fica por aqui. A utiliza\u00e7\u00e3o da cor na \u00e1rea do Marketing e do Design \u00e9 um dos elementos fundamentais para uma boa comunica\u00e7\u00e3o, tentando assim eliminar qualquer tipo de segundas interpreta\u00e7\u00f5es.<\/p><p>Tal s\u00f3 \u00e9 poss\u00edvel se tivermos bem a no\u00e7\u00e3o do que as cores representam e para quem ser\u00e3o apresentadas, pois num mundo com tanta cultura, tantos costumes e tantos significados, a cor n\u00e3o pode ser aplicada da mesma maneira em todos os contextos.<\/p>\t\t\t\t\t\t\t\t<\/div>\n\t\t\t\t<\/div>\n\t\t\t\t\t<\/div>\n\t\t<\/div>\n\t\t\t\t\t<\/div>\n\t\t<\/section>\n\t\t\t\t<section class=\"elementor-section elementor-top-section elementor-element elementor-element-cb214ea elementor-section-boxed elementor-section-height-default elementor-section-height-default\" data-id=\"cb214ea\" data-element_type=\"section\" data-e-type=\"section\">\n\t\t\t\t\t\t<div class=\"elementor-container elementor-column-gap-default\">\n\t\t\t\t\t<div class=\"elementor-column elementor-col-100 elementor-top-column elementor-element elementor-element-896c3fd\" data-id=\"896c3fd\" data-element_type=\"column\" data-e-type=\"column\">\n\t\t\t<div class=\"elementor-widget-wrap elementor-element-populated\">\n\t\t\t\t\t\t<div class=\"elementor-element elementor-element-917ea7a elementor-widget elementor-widget-spacer\" data-id=\"917ea7a\" data-element_type=\"widget\" data-e-type=\"widget\" data-widget_type=\"spacer.default\">\n\t\t\t\t<div class=\"elementor-widget-container\">\n\t\t\t\t\t\t\t<div class=\"elementor-spacer\">\n\t\t\t<div class=\"elementor-spacer-inner\"><\/div>\n\t\t<\/div>\n\t\t\t\t\t\t<\/div>\n\t\t\t\t<\/div>\n\t\t\t\t<div class=\"elementor-element elementor-element-bc052b4 elementor-widget elementor-widget-heading\" data-id=\"bc052b4\" data-element_type=\"widget\" data-e-type=\"widget\" data-widget_type=\"heading.default\">\n\t\t\t\t<div class=\"elementor-widget-container\">\n\t\t\t\t\t<h2 class=\"elementor-heading-title elementor-size-default\">Amarelo<\/h2>\t\t\t\t<\/div>\n\t\t\t\t<\/div>\n\t\t\t\t<div class=\"elementor-element elementor-element-55cd68f elementor-widget-divider--view-line elementor-widget elementor-widget-divider\" data-id=\"55cd68f\" data-element_type=\"widget\" data-e-type=\"widget\" data-widget_type=\"divider.default\">\n\t\t\t\t<div class=\"elementor-widget-container\">\n\t\t\t\t\t\t\t<div class=\"elementor-divider\">\n\t\t\t<span class=\"elementor-divider-separator\">\n\t\t\t\t\t\t<\/span>\n\t\t<\/div>\n\t\t\t\t\t\t<\/div>\n\t\t\t\t<\/div>\n\t\t\t\t<div class=\"elementor-element elementor-element-0d7f05c elementor-widget elementor-widget-text-editor\" data-id=\"0d7f05c\" data-element_type=\"widget\" data-e-type=\"widget\" data-widget_type=\"text-editor.default\">\n\t\t\t\t<div class=\"elementor-widget-container\">\n\t\t\t\t\t\t\t\t\t<p>A cor amarela significa luz, calor, descontra\u00e7\u00e3o, otimismo e alegria. O amarelo simboliza o sol, o ver\u00e3o, a prosperidade e a felicidade. \u00c9 uma cor inspiradora, que desperta a criatividade e estimula as atividades mentais e o racioc\u00ednio. A cor amarela \u00e9 a mais vis\u00edvel \u00e0 dist\u00e2ncia, da\u00ed a utiliza\u00e7\u00e3o em sinais de perigo e de chamada de aten\u00e7\u00e3o. Na \u00c1sia, o amarelo n\u00e3o s\u00f3 \u00e9 uma cor sagrada como imperial. Na China, durante a dinastia Qing, s\u00f3 os membros da casa imperial tinham permiss\u00e3o para usar o amarelo. Para o Vaticano o amarelo simboliza o ouro, sendo assim uma das cores da igreja cat\u00f3lica.<\/p><p>Nas Filipinas, por exemplo, em 1986, a Revolu\u00e7\u00e3o do Poder Popular ficou conhecida tamb\u00e9m por Revolu\u00e7\u00e3o Amarela devido \u00e0 presen\u00e7a de fitas amarelas durante as manifesta\u00e7\u00f5es depois do assassinato do senador filipino Benigno Aquino Jr.<\/p>\t\t\t\t\t\t\t\t<\/div>\n\t\t\t\t<\/div>\n\t\t\t\t\t<\/div>\n\t\t<\/div>\n\t\t\t\t\t<\/div>\n\t\t<\/section>\n\t\t\t\t<section class=\"elementor-section elementor-top-section elementor-element elementor-element-f419681 elementor-section-boxed elementor-section-height-default elementor-section-height-default\" data-id=\"f419681\" data-element_type=\"section\" data-e-type=\"section\">\n\t\t\t\t\t\t<div class=\"elementor-container elementor-column-gap-default\">\n\t\t\t\t\t<div class=\"elementor-column elementor-col-100 elementor-top-column elementor-element elementor-element-3d74079\" data-id=\"3d74079\" data-element_type=\"column\" data-e-type=\"column\">\n\t\t\t<div class=\"elementor-widget-wrap elementor-element-populated\">\n\t\t\t\t\t\t<div class=\"elementor-element elementor-element-390a3fe elementor-widget elementor-widget-spacer\" data-id=\"390a3fe\" data-element_type=\"widget\" data-e-type=\"widget\" data-widget_type=\"spacer.default\">\n\t\t\t\t<div class=\"elementor-widget-container\">\n\t\t\t\t\t\t\t<div class=\"elementor-spacer\">\n\t\t\t<div class=\"elementor-spacer-inner\"><\/div>\n\t\t<\/div>\n\t\t\t\t\t\t<\/div>\n\t\t\t\t<\/div>\n\t\t\t\t<div class=\"elementor-element elementor-element-f74b97e elementor-widget elementor-widget-heading\" data-id=\"f74b97e\" data-element_type=\"widget\" data-e-type=\"widget\" data-widget_type=\"heading.default\">\n\t\t\t\t<div class=\"elementor-widget-container\">\n\t\t\t\t\t<h2 class=\"elementor-heading-title elementor-size-default\">Azul<\/h2>\t\t\t\t<\/div>\n\t\t\t\t<\/div>\n\t\t\t\t<div class=\"elementor-element elementor-element-f79fa27 elementor-widget-divider--view-line elementor-widget elementor-widget-divider\" data-id=\"f79fa27\" data-element_type=\"widget\" data-e-type=\"widget\" data-widget_type=\"divider.default\">\n\t\t\t\t<div class=\"elementor-widget-container\">\n\t\t\t\t\t\t\t<div class=\"elementor-divider\">\n\t\t\t<span class=\"elementor-divider-separator\">\n\t\t\t\t\t\t<\/span>\n\t\t<\/div>\n\t\t\t\t\t\t<\/div>\n\t\t\t\t<\/div>\n\t\t\t\t<div class=\"elementor-element elementor-element-e2eb71c elementor-widget elementor-widget-text-editor\" data-id=\"e2eb71c\" data-element_type=\"widget\" data-e-type=\"widget\" data-widget_type=\"text-editor.default\">\n\t\t\t\t<div class=\"elementor-widget-container\">\n\t\t\t\t\t\t\t\t\t<p>A cor azul significa tranquilidade, serenidade, harmonia e espiritualidade, mas tamb\u00e9m est\u00e1 associada \u00e0 frieza, \u00e0 monotonia e \u00e0 depress\u00e3o. Em muitas culturas, a cor azul \u00e9 a preferida e, por isso, tornou-se predominante entre os neg\u00f3cios internacionais. A cor azul \u00e9, por exemplo, utilizada pelas Na\u00e7\u00f5es Unidas.<\/p><p>No norte da \u00c1frica, os imuagues (Imuhagh) \u2013 um povo berbere constitu\u00eddo por pastores semin\u00f4mades, agricultores e comerciantes \u2013 utilizam uns turbantes azuis pintados com a cor \u00edndigo. Na It\u00e1lia, a sele\u00e7\u00e3o italiana \u00e9 conhecida como os\u00a0<em>Azzurri<\/em>. Em v\u00e1rias l\u00ednguas como o japon\u00eas, o tailand\u00eas, o coreano e o sioux dacota, usa-se a mesma palavra para descrever azul e verde.<\/p>\t\t\t\t\t\t\t\t<\/div>\n\t\t\t\t<\/div>\n\t\t\t\t\t<\/div>\n\t\t<\/div>\n\t\t\t\t\t<\/div>\n\t\t<\/section>\n\t\t\t\t<section class=\"elementor-section elementor-top-section elementor-element elementor-element-acdf099 elementor-section-boxed elementor-section-height-default elementor-section-height-default\" data-id=\"acdf099\" data-element_type=\"section\" data-e-type=\"section\">\n\t\t\t\t\t\t<div class=\"elementor-container elementor-column-gap-default\">\n\t\t\t\t\t<div class=\"elementor-column elementor-col-100 elementor-top-column elementor-element elementor-element-ea77818\" data-id=\"ea77818\" data-element_type=\"column\" data-e-type=\"column\">\n\t\t\t<div class=\"elementor-widget-wrap elementor-element-populated\">\n\t\t\t\t\t\t<div class=\"elementor-element elementor-element-b5a753e elementor-widget elementor-widget-spacer\" data-id=\"b5a753e\" data-element_type=\"widget\" data-e-type=\"widget\" data-widget_type=\"spacer.default\">\n\t\t\t\t<div class=\"elementor-widget-container\">\n\t\t\t\t\t\t\t<div class=\"elementor-spacer\">\n\t\t\t<div class=\"elementor-spacer-inner\"><\/div>\n\t\t<\/div>\n\t\t\t\t\t\t<\/div>\n\t\t\t\t<\/div>\n\t\t\t\t<div class=\"elementor-element elementor-element-8ee7c9a elementor-widget elementor-widget-heading\" data-id=\"8ee7c9a\" data-element_type=\"widget\" data-e-type=\"widget\" data-widget_type=\"heading.default\">\n\t\t\t\t<div class=\"elementor-widget-container\">\n\t\t\t\t\t<h2 class=\"elementor-heading-title elementor-size-default\">Branco<\/h2>\t\t\t\t<\/div>\n\t\t\t\t<\/div>\n\t\t\t\t<div class=\"elementor-element elementor-element-ff39838 elementor-widget-divider--view-line elementor-widget elementor-widget-divider\" data-id=\"ff39838\" data-element_type=\"widget\" data-e-type=\"widget\" data-widget_type=\"divider.default\">\n\t\t\t\t<div class=\"elementor-widget-container\">\n\t\t\t\t\t\t\t<div class=\"elementor-divider\">\n\t\t\t<span class=\"elementor-divider-separator\">\n\t\t\t\t\t\t<\/span>\n\t\t<\/div>\n\t\t\t\t\t\t<\/div>\n\t\t\t\t<\/div>\n\t\t\t\t<div class=\"elementor-element elementor-element-5eab8c5 elementor-widget elementor-widget-text-editor\" data-id=\"5eab8c5\" data-element_type=\"widget\" data-e-type=\"widget\" data-widget_type=\"text-editor.default\">\n\t\t\t\t<div class=\"elementor-widget-container\">\n\t\t\t\t\t\t\t\t\t<p>A cor branca significa paz, pureza e limpeza. \u00c9 tamb\u00e9m chamada de \u201ccor da luz\u201d porque reflete todas as cores do espectro. Na China, no Vietname e na pen\u00ednsula coreana, o branco \u00e9 a cor da morte e do luto. Na \u00cdndia, a cor branca \u00e9 utilizada tamb\u00e9m aquando da perda de um membro da fam\u00edlia.<\/p><p>O branco \u00e9 a cor representativa de pureza, castidade, virgindade e paz em religi\u00f5es como a crist\u00e3, sendo mesmo usado tradicionalmente nos vestidos de noiva pois, tradicionalmente, para o casamento a mulher teria de seguir esses mesmo princ\u00edpios.<\/p><p>A pomba branca simboliza a paz e a bandeira branca \u00e9 tamb\u00e9m um s\u00edmbolo internacional para a rendi\u00e7\u00e3o.<\/p>\t\t\t\t\t\t\t\t<\/div>\n\t\t\t\t<\/div>\n\t\t\t\t\t<\/div>\n\t\t<\/div>\n\t\t\t\t\t<\/div>\n\t\t<\/section>\n\t\t\t\t<section class=\"elementor-section elementor-top-section elementor-element elementor-element-0f2859a elementor-section-boxed elementor-section-height-default elementor-section-height-default\" data-id=\"0f2859a\" data-element_type=\"section\" data-e-type=\"section\">\n\t\t\t\t\t\t<div class=\"elementor-container elementor-column-gap-default\">\n\t\t\t\t\t<div class=\"elementor-column elementor-col-100 elementor-top-column elementor-element elementor-element-d72530b\" data-id=\"d72530b\" data-element_type=\"column\" data-e-type=\"column\">\n\t\t\t<div class=\"elementor-widget-wrap elementor-element-populated\">\n\t\t\t\t\t\t<div class=\"elementor-element elementor-element-49c7bf2 elementor-widget elementor-widget-spacer\" data-id=\"49c7bf2\" data-element_type=\"widget\" data-e-type=\"widget\" data-widget_type=\"spacer.default\">\n\t\t\t\t<div class=\"elementor-widget-container\">\n\t\t\t\t\t\t\t<div class=\"elementor-spacer\">\n\t\t\t<div class=\"elementor-spacer-inner\"><\/div>\n\t\t<\/div>\n\t\t\t\t\t\t<\/div>\n\t\t\t\t<\/div>\n\t\t\t\t<div class=\"elementor-element elementor-element-655c49f elementor-widget elementor-widget-heading\" data-id=\"655c49f\" data-element_type=\"widget\" data-e-type=\"widget\" data-widget_type=\"heading.default\">\n\t\t\t\t<div class=\"elementor-widget-container\">\n\t\t\t\t\t<h2 class=\"elementor-heading-title elementor-size-default\">Laranja<\/h2>\t\t\t\t<\/div>\n\t\t\t\t<\/div>\n\t\t\t\t<div class=\"elementor-element elementor-element-7e617aa elementor-widget-divider--view-line elementor-widget elementor-widget-divider\" data-id=\"7e617aa\" data-element_type=\"widget\" data-e-type=\"widget\" data-widget_type=\"divider.default\">\n\t\t\t\t<div class=\"elementor-widget-container\">\n\t\t\t\t\t\t\t<div class=\"elementor-divider\">\n\t\t\t<span class=\"elementor-divider-separator\">\n\t\t\t\t\t\t<\/span>\n\t\t<\/div>\n\t\t\t\t\t\t<\/div>\n\t\t\t\t<\/div>\n\t\t\t\t<div class=\"elementor-element elementor-element-3e37764 elementor-widget elementor-widget-text-editor\" data-id=\"3e37764\" data-element_type=\"widget\" data-e-type=\"widget\" data-widget_type=\"text-editor.default\">\n\t\t\t\t<div class=\"elementor-widget-container\">\n\t\t\t\t\t\t\t\t\t<p>A cor laranja significa alegria, vitalidade, prosperidade e sucesso. Est\u00e1 associada \u00e0 criatividade, pois o seu uso desperta a mente e auxilia no processo de assimila\u00e7\u00e3o de novas ideias. Na cultura asi\u00e1tica, a cor laranja \u00e9 conhecida como cor a\u00e7afr\u00e3o por causa das especiarias. A deusa Krishna, no hindu\u00edsmo, \u00e9 retratada com um vestido laranja em representa\u00e7\u00e3o da ilumina\u00e7\u00e3o, o estado mais alto da perfei\u00e7\u00e3o.<\/p><p>A cor laranja teve a sua import\u00e2ncia durante o apartheid, onde os prisioneiros muitas vezes utilizavam a cor laranja para facilitar a sua localiza\u00e7\u00e3o em tentativas de fuga.<\/p>\t\t\t\t\t\t\t\t<\/div>\n\t\t\t\t<\/div>\n\t\t\t\t\t<\/div>\n\t\t<\/div>\n\t\t\t\t\t<\/div>\n\t\t<\/section>\n\t\t\t\t<section class=\"elementor-section elementor-top-section elementor-element elementor-element-d768593 elementor-section-boxed elementor-section-height-default elementor-section-height-default\" data-id=\"d768593\" data-element_type=\"section\" data-e-type=\"section\">\n\t\t\t\t\t\t<div class=\"elementor-container elementor-column-gap-default\">\n\t\t\t\t\t<div class=\"elementor-column elementor-col-100 elementor-top-column elementor-element elementor-element-ec1f709\" data-id=\"ec1f709\" data-element_type=\"column\" data-e-type=\"column\">\n\t\t\t<div class=\"elementor-widget-wrap elementor-element-populated\">\n\t\t\t\t\t\t<div class=\"elementor-element elementor-element-9485e15 elementor-widget elementor-widget-spacer\" data-id=\"9485e15\" data-element_type=\"widget\" data-e-type=\"widget\" data-widget_type=\"spacer.default\">\n\t\t\t\t<div class=\"elementor-widget-container\">\n\t\t\t\t\t\t\t<div class=\"elementor-spacer\">\n\t\t\t<div class=\"elementor-spacer-inner\"><\/div>\n\t\t<\/div>\n\t\t\t\t\t\t<\/div>\n\t\t\t\t<\/div>\n\t\t\t\t<div class=\"elementor-element elementor-element-0d41f4e elementor-widget elementor-widget-heading\" data-id=\"0d41f4e\" data-element_type=\"widget\" data-e-type=\"widget\" data-widget_type=\"heading.default\">\n\t\t\t\t<div class=\"elementor-widget-container\">\n\t\t\t\t\t<h2 class=\"elementor-heading-title elementor-size-default\">Preto<\/h2>\t\t\t\t<\/div>\n\t\t\t\t<\/div>\n\t\t\t\t<div class=\"elementor-element elementor-element-c0f97eb elementor-widget-divider--view-line elementor-widget elementor-widget-divider\" data-id=\"c0f97eb\" data-element_type=\"widget\" data-e-type=\"widget\" data-widget_type=\"divider.default\">\n\t\t\t\t<div class=\"elementor-widget-container\">\n\t\t\t\t\t\t\t<div class=\"elementor-divider\">\n\t\t\t<span class=\"elementor-divider-separator\">\n\t\t\t\t\t\t<\/span>\n\t\t<\/div>\n\t\t\t\t\t\t<\/div>\n\t\t\t\t<\/div>\n\t\t\t\t<div class=\"elementor-element elementor-element-ba6ba6b elementor-widget elementor-widget-text-editor\" data-id=\"ba6ba6b\" data-element_type=\"widget\" data-e-type=\"widget\" data-widget_type=\"text-editor.default\">\n\t\t\t\t<div class=\"elementor-widget-container\">\n\t\t\t\t\t\t\t\t\t<p>A palavra preto tem origem no latim\u00a0<em>pressus<\/em>, que remete para o ato da compress\u00e3o. Isto significa que na cor preta existem v\u00e1rios pigmentos que est\u00e3o comprimidos. Esta foi uma cor associada ao luto durante o imp\u00e9rio Romano e continua a s\u00ea-lo em algumas religi\u00f5es, como o cristianismo e o juda\u00edsmo. Por\u00e9m, no xiismo isl\u00e2mico, o preto \u00e9 uma cor de devo\u00e7\u00e3o. Maom\u00e9, no islamismo, usou um estandarte preto como s\u00edmbolo.<\/p><p>No s\u00e9culo XX, a cor preta ficou associada a regimes fascistas como o italiano e o alem\u00e3o, e as pessoas eram chamadas de camisas-negras. Mesmo antes, no s\u00e9culo XIX, o Ex\u00e9rcito Negro era o apelido dos anarquistas russos.<\/p>\t\t\t\t\t\t\t\t<\/div>\n\t\t\t\t<\/div>\n\t\t\t\t\t<\/div>\n\t\t<\/div>\n\t\t\t\t\t<\/div>\n\t\t<\/section>\n\t\t\t\t<section class=\"elementor-section elementor-top-section elementor-element elementor-element-b12835b elementor-section-boxed elementor-section-height-default elementor-section-height-default\" data-id=\"b12835b\" data-element_type=\"section\" data-e-type=\"section\">\n\t\t\t\t\t\t<div class=\"elementor-container elementor-column-gap-default\">\n\t\t\t\t\t<div class=\"elementor-column elementor-col-100 elementor-top-column elementor-element elementor-element-2cd7329\" data-id=\"2cd7329\" data-element_type=\"column\" data-e-type=\"column\">\n\t\t\t<div class=\"elementor-widget-wrap elementor-element-populated\">\n\t\t\t\t\t\t<div class=\"elementor-element elementor-element-acc6086 elementor-widget elementor-widget-spacer\" data-id=\"acc6086\" data-element_type=\"widget\" data-e-type=\"widget\" data-widget_type=\"spacer.default\">\n\t\t\t\t<div class=\"elementor-widget-container\">\n\t\t\t\t\t\t\t<div class=\"elementor-spacer\">\n\t\t\t<div class=\"elementor-spacer-inner\"><\/div>\n\t\t<\/div>\n\t\t\t\t\t\t<\/div>\n\t\t\t\t<\/div>\n\t\t\t\t<div class=\"elementor-element elementor-element-a977e65 elementor-widget elementor-widget-heading\" data-id=\"a977e65\" data-element_type=\"widget\" data-e-type=\"widget\" data-widget_type=\"heading.default\">\n\t\t\t\t<div class=\"elementor-widget-container\">\n\t\t\t\t\t<h2 class=\"elementor-heading-title elementor-size-default\">Roxo<\/h2>\t\t\t\t<\/div>\n\t\t\t\t<\/div>\n\t\t\t\t<div class=\"elementor-element elementor-element-de09fdb elementor-widget-divider--view-line elementor-widget elementor-widget-divider\" data-id=\"de09fdb\" data-element_type=\"widget\" data-e-type=\"widget\" data-widget_type=\"divider.default\">\n\t\t\t\t<div class=\"elementor-widget-container\">\n\t\t\t\t\t\t\t<div class=\"elementor-divider\">\n\t\t\t<span class=\"elementor-divider-separator\">\n\t\t\t\t\t\t<\/span>\n\t\t<\/div>\n\t\t\t\t\t\t<\/div>\n\t\t\t\t<\/div>\n\t\t\t\t<div class=\"elementor-element elementor-element-c511096 elementor-widget elementor-widget-text-editor\" data-id=\"c511096\" data-element_type=\"widget\" data-e-type=\"widget\" data-widget_type=\"text-editor.default\">\n\t\t\t\t<div class=\"elementor-widget-container\">\n\t\t\t\t\t\t\t\t\t<p>O roxo \u00e9 uma das cores lit\u00fargicas na Igreja Cat\u00f3lica que se usa no per\u00edodo da Quaresma ou nas missas em homenagem aos mortos. Para os cat\u00f3licos, o roxo tem o significado de melancolia e penit\u00eancia.<\/p><p>No per\u00edodo romano, o roxo era o pigmento mais caro, por isso, s\u00f3 era trajado por magistrados, imperadores e l\u00edderes. No reinado de Elizabeth I, em toda a Inglaterra, s\u00f3 a realeza \u00e9 que podia utilizar o roxo. Na Tail\u00e2ndia, em vez de preto, a cor roxa \u00e9 a que representa o luto nas vi\u00favas.<\/p><p>Na pol\u00edtica ocidental, o roxo \u00e9 considerado uma cor neutra e \u00e9 usado em coliga\u00e7\u00f5es entre partidos de esquerda e direita. O roxo e o rosa s\u00e3o as cores associadas \u00e0 comunidade LGBT, e tamb\u00e9m foi a cor escolhida, em 1970, pelo movimento de liberta\u00e7\u00e3o das mulheres.<\/p>\t\t\t\t\t\t\t\t<\/div>\n\t\t\t\t<\/div>\n\t\t\t\t\t<\/div>\n\t\t<\/div>\n\t\t\t\t\t<\/div>\n\t\t<\/section>\n\t\t\t\t<section class=\"elementor-section elementor-top-section elementor-element elementor-element-cb0d5fb elementor-section-boxed elementor-section-height-default elementor-section-height-default\" data-id=\"cb0d5fb\" data-element_type=\"section\" data-e-type=\"section\">\n\t\t\t\t\t\t<div class=\"elementor-container elementor-column-gap-default\">\n\t\t\t\t\t<div class=\"elementor-column elementor-col-100 elementor-top-column elementor-element elementor-element-2169107\" data-id=\"2169107\" data-element_type=\"column\" data-e-type=\"column\">\n\t\t\t<div class=\"elementor-widget-wrap elementor-element-populated\">\n\t\t\t\t\t\t<div class=\"elementor-element elementor-element-c869fa4 elementor-widget elementor-widget-spacer\" data-id=\"c869fa4\" data-element_type=\"widget\" data-e-type=\"widget\" data-widget_type=\"spacer.default\">\n\t\t\t\t<div class=\"elementor-widget-container\">\n\t\t\t\t\t\t\t<div class=\"elementor-spacer\">\n\t\t\t<div class=\"elementor-spacer-inner\"><\/div>\n\t\t<\/div>\n\t\t\t\t\t\t<\/div>\n\t\t\t\t<\/div>\n\t\t\t\t<div class=\"elementor-element elementor-element-f2c6383 elementor-widget elementor-widget-heading\" data-id=\"f2c6383\" data-element_type=\"widget\" data-e-type=\"widget\" data-widget_type=\"heading.default\">\n\t\t\t\t<div class=\"elementor-widget-container\">\n\t\t\t\t\t<h2 class=\"elementor-heading-title elementor-size-default\">Verde<\/h2>\t\t\t\t<\/div>\n\t\t\t\t<\/div>\n\t\t\t\t<div class=\"elementor-element elementor-element-2bfd382 elementor-widget-divider--view-line elementor-widget elementor-widget-divider\" data-id=\"2bfd382\" data-element_type=\"widget\" data-e-type=\"widget\" data-widget_type=\"divider.default\">\n\t\t\t\t<div class=\"elementor-widget-container\">\n\t\t\t\t\t\t\t<div class=\"elementor-divider\">\n\t\t\t<span class=\"elementor-divider-separator\">\n\t\t\t\t\t\t<\/span>\n\t\t<\/div>\n\t\t\t\t\t\t<\/div>\n\t\t\t\t<\/div>\n\t\t\t\t<div class=\"elementor-element elementor-element-97272a9 elementor-widget elementor-widget-text-editor\" data-id=\"97272a9\" data-element_type=\"widget\" data-e-type=\"widget\" data-widget_type=\"text-editor.default\">\n\t\t\t\t<div class=\"elementor-widget-container\">\n\t\t\t\t\t\t\t\t\t<p>\u00c9 cor da natureza viva. Est\u00e1 associada ao crescimento, \u00e0 renova\u00e7\u00e3o e \u00e0 plenitude. O verde acalma e traz equil\u00edbrio ao corpo e ao esp\u00edrito. O seu uso em momentos de depress\u00e3o e tristeza pode ser reconfortante e estimulante. O \u201cquarto verde\u201d \u00e9 usado na televis\u00e3o e no teatro para acalmar atores nervosos.<\/p><p>Verde \u00e9 tamb\u00e9m a cor tradicional do Islamismo, por isso vemos muitas bandeiras dessa mesma cor.<\/p><p>Desde 1980, a cor verde \u00e9 associada ao ambiente, pelo que \u00e9 comum vermos o verde em partidos pol\u00edticos e organiza\u00e7\u00f5es ambientais.<\/p>\t\t\t\t\t\t\t\t<\/div>\n\t\t\t\t<\/div>\n\t\t\t\t\t<\/div>\n\t\t<\/div>\n\t\t\t\t\t<\/div>\n\t\t<\/section>\n\t\t\t\t<section class=\"elementor-section elementor-top-section elementor-element elementor-element-1b78a77 elementor-section-boxed elementor-section-height-default elementor-section-height-default\" data-id=\"1b78a77\" data-element_type=\"section\" data-e-type=\"section\">\n\t\t\t\t\t\t<div class=\"elementor-container elementor-column-gap-default\">\n\t\t\t\t\t<div class=\"elementor-column elementor-col-100 elementor-top-column elementor-element elementor-element-c95ebbc\" data-id=\"c95ebbc\" data-element_type=\"column\" data-e-type=\"column\">\n\t\t\t<div class=\"elementor-widget-wrap elementor-element-populated\">\n\t\t\t\t\t\t<div class=\"elementor-element elementor-element-afb752f elementor-widget elementor-widget-spacer\" data-id=\"afb752f\" data-element_type=\"widget\" data-e-type=\"widget\" data-widget_type=\"spacer.default\">\n\t\t\t\t<div class=\"elementor-widget-container\">\n\t\t\t\t\t\t\t<div class=\"elementor-spacer\">\n\t\t\t<div class=\"elementor-spacer-inner\"><\/div>\n\t\t<\/div>\n\t\t\t\t\t\t<\/div>\n\t\t\t\t<\/div>\n\t\t\t\t<div class=\"elementor-element elementor-element-c805b35 elementor-widget elementor-widget-heading\" data-id=\"c805b35\" data-element_type=\"widget\" data-e-type=\"widget\" data-widget_type=\"heading.default\">\n\t\t\t\t<div class=\"elementor-widget-container\">\n\t\t\t\t\t<h2 class=\"elementor-heading-title elementor-size-default\">Vermelho<\/h2>\t\t\t\t<\/div>\n\t\t\t\t<\/div>\n\t\t\t\t<div class=\"elementor-element elementor-element-e91d791 elementor-widget-divider--view-line elementor-widget elementor-widget-divider\" data-id=\"e91d791\" data-element_type=\"widget\" data-e-type=\"widget\" data-widget_type=\"divider.default\">\n\t\t\t\t<div class=\"elementor-widget-container\">\n\t\t\t\t\t\t\t<div class=\"elementor-divider\">\n\t\t\t<span class=\"elementor-divider-separator\">\n\t\t\t\t\t\t<\/span>\n\t\t<\/div>\n\t\t\t\t\t\t<\/div>\n\t\t\t\t<\/div>\n\t\t\t\t<div class=\"elementor-element elementor-element-2af6ca1 elementor-widget elementor-widget-text-editor\" data-id=\"2af6ca1\" data-element_type=\"widget\" data-e-type=\"widget\" data-widget_type=\"text-editor.default\">\n\t\t\t\t<div class=\"elementor-widget-container\">\n\t\t\t\t\t\t\t\t\t<p>No contexto religioso, o vermelho \u00e9 a cor da carne, do pecado, do diabo, da tenta\u00e7\u00e3o. \u00c9 a cor que provoca a paix\u00e3o carnal e o desejo. Na pol\u00edtica, a cor vermelha est\u00e1 associada ao esp\u00edrito revolucion\u00e1rio. \u00c9 a cor do Comunismo e da ideologia pol\u00edtica de esquerda.<\/p><p>Na mitologia grega, era a cor do Deus da guerra, Marte. Na China, \u00e9 a cor mais importante, significando vida e felicidade, e \u00e9 sempre usada nas celebra\u00e7\u00f5es do ano novo chin\u00eas.<\/p><p>Com um simbolismo diferente, no Nepal e na \u00cdndia, a noiva, tradicionalmente, tem o seu vestido em tons de vermelho.<\/p><p>Assim como nas Filipinas a cor vermelha serviu de cor estandarte para todos os que se opunham ao golpe militar de 2006 na Tail\u00e2ndia.<\/p><p>Em suma, a maneira como as pessoas interpretam as cores est\u00e1 muito ligada \u00e0s suas ra\u00edzes, aos seus sentimentos, mas tamb\u00e9m \u00e0 sua cultura, sendo assim imperativo conhecer e perceber a origem das cores e o simbolismo que religi\u00f5es e culturas lhes atribuem.<\/p>\t\t\t\t\t\t\t\t<\/div>\n\t\t\t\t<\/div>\n\t\t\t\t\t<\/div>\n\t\t<\/div>\n\t\t\t\t\t<\/div>\n\t\t<\/section>\n\t\t\t\t<section class=\"elementor-section elementor-top-section elementor-element elementor-element-c9f86b3 elementor-section-boxed elementor-section-height-default elementor-section-height-default\" data-id=\"c9f86b3\" data-element_type=\"section\" data-e-type=\"section\">\n\t\t\t\t\t\t<div class=\"elementor-container elementor-column-gap-default\">\n\t\t\t\t\t<div class=\"elementor-column elementor-col-100 elementor-top-column elementor-element elementor-element-a893003\" data-id=\"a893003\" data-element_type=\"column\" data-e-type=\"column\">\n\t\t\t<div class=\"elementor-widget-wrap elementor-element-populated\">\n\t\t\t\t\t\t<div class=\"elementor-element elementor-element-02f266c elementor-widget elementor-widget-spacer\" data-id=\"02f266c\" data-element_type=\"widget\" data-e-type=\"widget\" data-widget_type=\"spacer.default\">\n\t\t\t\t<div class=\"elementor-widget-container\">\n\t\t\t\t\t\t\t<div class=\"elementor-spacer\">\n\t\t\t<div class=\"elementor-spacer-inner\"><\/div>\n\t\t<\/div>\n\t\t\t\t\t\t<\/div>\n\t\t\t\t<\/div>\n\t\t\t\t<div class=\"elementor-element elementor-element-6c5b8d8 elementor-widget elementor-widget-text-editor\" data-id=\"6c5b8d8\" data-element_type=\"widget\" data-e-type=\"widget\" data-widget_type=\"text-editor.default\">\n\t\t\t\t<div class=\"elementor-widget-container\">\n\t\t\t\t\t\t\t\t\t<p>Alguns estudos da\u00a0<a href=\"http:\/\/boomer.pt\/pt\/o-raio-do-blog\/o-raio-do-blog\/item\/110-psicologia-das-cores-uma-ferramenta-fundamental-para-o-marketing\">psicologia das cores<\/a>\u00a0coincidem com a teoria das cores de modo geral, mas associa\u00e7\u00f5es como \u201ccor vermelha para a beleza\u201d, \u201camarelo para o bem\u201d, o \u201cverde para o \u00fatil\u201d e o \u201cazul para o comum\u201d podem n\u00e3o ser iguais em todas as culturas.<\/p><p>Depois deste artigo d\u2019 O Raio do Blog vamos olhar para algumas cores de maneira diferente? O importante \u00e9 respeitar (sempre!)\u00a0todas as culturas e aprender com elas, pois, como se costuma dizer, se todos gost\u00e1ssemos do amarelo o que seria do azul!<\/p>\t\t\t\t\t\t\t\t<\/div>\n\t\t\t\t<\/div>\n\t\t\t\t\t<\/div>\n\t\t<\/div>\n\t\t\t\t\t<\/div>\n\t\t<\/section>\n\t\t\t\t<\/div>\n\t\t","protected":false},"excerpt":{"rendered":"<p><img decoding=\"async\" style=\"display: block; margin-left: auto; margin-right: auto;\" data-src=\"images\/o_raio_do_blog\/25-06-21\/24_5-ferramentas-para-social-media-manager_1.png\" alt=\"\" src=\"data:image\/gif;base64,R0lGODlhAQABAAAAACH5BAEKAAEALAAAAAABAAEAAAICTAEAOw==\" class=\"lazyload\" \/><\/p>\n<p>Ser\u00e1 que as cores t\u00eam o mesmo significado em toda a parte do mundo? Ser\u00e1 o preto\u00a0uma cor sempre associada ao luto e o branco \u00e0 paz?<\/p>\n","protected":false},"author":2,"featured_media":7231,"comment_status":"open","ping_status":"open","sticky":false,"template":"elementor_theme","format":"standard","meta":{"footnotes":""},"categories":[98],"tags":[131,130,197,140,254,257,154,151,139,148,133,132],"class_list":["post-7232","post","type-post","status-publish","format-standard","has-post-thumbnail","hentry","category-design","tag-agencia-digital","tag-agenciademarketing","tag-boomer","tag-branding","tag-cor-e-cultura","tag-cultura","tag-design","tag-gestaoredesosciais","tag-marca","tag-marketingdigital","tag-redessociais","tag-vila-nova-de-famalicao"],"yoast_head":"<!-- This site is optimized with the Yoast SEO plugin v24.7 - https:\/\/yoast.com\/wordpress\/plugins\/seo\/ -->\n<title>Cor e Cultura - BOOMER<\/title>\n<meta name=\"description\" content=\"Ser\u00e1 que as cores t\u00eam o mesmo significado em toda a parte do mundo? Ser\u00e1 o preto uma cor sempre associada ao luto e o branco \u00e0 paz...\" \/>\n<meta name=\"robots\" content=\"index, follow, max-snippet:-1, max-image-preview:large, max-video-preview:-1\" \/>\n<link rel=\"canonical\" href=\"https:\/\/boomer.pt\/raiodoblog\/cor-e-cultura\/\" \/>\n<meta property=\"og:locale\" content=\"en_US\" \/>\n<meta property=\"og:type\" content=\"article\" \/>\n<meta property=\"og:title\" content=\"Cor e Cultura - BOOMER\" \/>\n<meta property=\"og:description\" content=\"Ser\u00e1 que as cores t\u00eam o mesmo significado em toda a parte do mundo? Ser\u00e1 o preto uma cor sempre associada ao luto e o branco \u00e0 paz...\" \/>\n<meta property=\"og:url\" content=\"https:\/\/boomer.pt\/raiodoblog\/cor-e-cultura\/\" \/>\n<meta property=\"og:site_name\" content=\"BOOMER\" \/>\n<meta property=\"article:publisher\" content=\"https:\/\/www.facebook.com\/boomer.pt\" \/>\n<meta property=\"article:published_time\" content=\"2020-07-01T21:41:08+00:00\" \/>\n<meta property=\"og:image\" content=\"https:\/\/boomer.pt\/raiodoblog\/wp-content\/uploads\/2022\/04\/Blog_Cor_e_Cultura_designTemposGuerra_blog_copy-1024x512.png\" \/>\n\t<meta property=\"og:image:width\" content=\"1024\" \/>\n\t<meta property=\"og:image:height\" content=\"512\" \/>\n\t<meta property=\"og:image:type\" content=\"image\/png\" \/>\n<meta name=\"author\" content=\"Pedro Santos\" \/>\n<meta name=\"twitter:card\" content=\"summary_large_image\" \/>\n<meta name=\"twitter:label1\" content=\"Written by\" \/>\n\t<meta name=\"twitter:data1\" content=\"Pedro Santos\" \/>\n\t<meta name=\"twitter:label2\" content=\"Est. reading time\" \/>\n\t<meta name=\"twitter:data2\" content=\"7 minutes\" \/>\n<script type=\"application\/ld+json\" class=\"yoast-schema-graph\">{\"@context\":\"https:\/\/schema.org\",\"@graph\":[{\"@type\":\"Article\",\"@id\":\"https:\/\/boomer.pt\/raiodoblog\/cor-e-cultura\/#article\",\"isPartOf\":{\"@id\":\"https:\/\/boomer.pt\/raiodoblog\/cor-e-cultura\/\"},\"author\":{\"name\":\"Pedro Santos\",\"@id\":\"https:\/\/boomer.pt\/raiodoblog\/#\/schema\/person\/95ab929bda16e84d1e2383c7934138a5\"},\"headline\":\"Cor e Cultura\",\"datePublished\":\"2020-07-01T21:41:08+00:00\",\"mainEntityOfPage\":{\"@id\":\"https:\/\/boomer.pt\/raiodoblog\/cor-e-cultura\/\"},\"wordCount\":1311,\"commentCount\":0,\"publisher\":{\"@id\":\"https:\/\/boomer.pt\/raiodoblog\/#organization\"},\"image\":{\"@id\":\"https:\/\/boomer.pt\/raiodoblog\/cor-e-cultura\/#primaryimage\"},\"thumbnailUrl\":\"https:\/\/boomer.pt\/raiodoblog\/wp-content\/uploads\/2022\/04\/Blog_Cor_e_Cultura_designTemposGuerra_blog_copy.png\",\"keywords\":[\"agencia digital\",\"agenciademarketing\",\"Boomer\",\"branding\",\"Cor e Cultura\",\"Cultura\",\"design\",\"gestaoredesosciais\",\"marca\",\"marketingdigital\",\"redessociais\",\"vila nova de famalicao\"],\"articleSection\":[\"Design Gr\u00e1fico\"],\"inLanguage\":\"en-US\",\"potentialAction\":[{\"@type\":\"CommentAction\",\"name\":\"Comment\",\"target\":[\"https:\/\/boomer.pt\/raiodoblog\/cor-e-cultura\/#respond\"]}]},{\"@type\":\"WebPage\",\"@id\":\"https:\/\/boomer.pt\/raiodoblog\/cor-e-cultura\/\",\"url\":\"https:\/\/boomer.pt\/raiodoblog\/cor-e-cultura\/\",\"name\":\"Cor e Cultura - BOOMER\",\"isPartOf\":{\"@id\":\"https:\/\/boomer.pt\/raiodoblog\/#website\"},\"primaryImageOfPage\":{\"@id\":\"https:\/\/boomer.pt\/raiodoblog\/cor-e-cultura\/#primaryimage\"},\"image\":{\"@id\":\"https:\/\/boomer.pt\/raiodoblog\/cor-e-cultura\/#primaryimage\"},\"thumbnailUrl\":\"https:\/\/boomer.pt\/raiodoblog\/wp-content\/uploads\/2022\/04\/Blog_Cor_e_Cultura_designTemposGuerra_blog_copy.png\",\"datePublished\":\"2020-07-01T21:41:08+00:00\",\"description\":\"Ser\u00e1 que as cores t\u00eam o mesmo significado em toda a parte do mundo? Ser\u00e1 o preto uma cor sempre associada ao luto e o branco \u00e0 paz...\",\"breadcrumb\":{\"@id\":\"https:\/\/boomer.pt\/raiodoblog\/cor-e-cultura\/#breadcrumb\"},\"inLanguage\":\"en-US\",\"potentialAction\":[{\"@type\":\"ReadAction\",\"target\":[\"https:\/\/boomer.pt\/raiodoblog\/cor-e-cultura\/\"]}]},{\"@type\":\"ImageObject\",\"inLanguage\":\"en-US\",\"@id\":\"https:\/\/boomer.pt\/raiodoblog\/cor-e-cultura\/#primaryimage\",\"url\":\"https:\/\/boomer.pt\/raiodoblog\/wp-content\/uploads\/2022\/04\/Blog_Cor_e_Cultura_designTemposGuerra_blog_copy.png\",\"contentUrl\":\"https:\/\/boomer.pt\/raiodoblog\/wp-content\/uploads\/2022\/04\/Blog_Cor_e_Cultura_designTemposGuerra_blog_copy.png\",\"width\":4167,\"height\":2084},{\"@type\":\"BreadcrumbList\",\"@id\":\"https:\/\/boomer.pt\/raiodoblog\/cor-e-cultura\/#breadcrumb\",\"itemListElement\":[{\"@type\":\"ListItem\",\"position\":1,\"name\":\"In\u00edcio\",\"item\":\"https:\/\/boomer.pt\/raiodoblog\/\"},{\"@type\":\"ListItem\",\"position\":2,\"name\":\"Cor e Cultura\"}]},{\"@type\":\"WebSite\",\"@id\":\"https:\/\/boomer.pt\/raiodoblog\/#website\",\"url\":\"https:\/\/boomer.pt\/raiodoblog\/\",\"name\":\"BOOMER\",\"description\":\"Brand &amp; Digital Agency\",\"publisher\":{\"@id\":\"https:\/\/boomer.pt\/raiodoblog\/#organization\"},\"potentialAction\":[{\"@type\":\"SearchAction\",\"target\":{\"@type\":\"EntryPoint\",\"urlTemplate\":\"https:\/\/boomer.pt\/raiodoblog\/?s={search_term_string}\"},\"query-input\":{\"@type\":\"PropertyValueSpecification\",\"valueRequired\":true,\"valueName\":\"search_term_string\"}}],\"inLanguage\":\"en-US\"},{\"@type\":\"Organization\",\"@id\":\"https:\/\/boomer.pt\/raiodoblog\/#organization\",\"name\":\"BOOMER\",\"url\":\"https:\/\/boomer.pt\/raiodoblog\/\",\"logo\":{\"@type\":\"ImageObject\",\"inLanguage\":\"en-US\",\"@id\":\"https:\/\/boomer.pt\/raiodoblog\/#\/schema\/logo\/image\/\",\"url\":\"https:\/\/boomer.pt\/raiodoblog\/wp-content\/uploads\/2022\/10\/BoomerLogo-2.svg\",\"contentUrl\":\"https:\/\/boomer.pt\/raiodoblog\/wp-content\/uploads\/2022\/10\/BoomerLogo-2.svg\",\"width\":154,\"height\":40,\"caption\":\"BOOMER\"},\"image\":{\"@id\":\"https:\/\/boomer.pt\/raiodoblog\/#\/schema\/logo\/image\/\"},\"sameAs\":[\"https:\/\/www.facebook.com\/boomer.pt\",\"https:\/\/www.instagram.com\/boomerpt\/\",\"https:\/\/www.linkedin.com\/company\/2641069\/admin\/\",\"https:\/\/www.youtube.com\/channel\/UCJ4-FswWDdO5i1UVdIUqtGw\/feed\",\"https:\/\/www.behance.net\/boomer_pt\"]},{\"@type\":\"Person\",\"@id\":\"https:\/\/boomer.pt\/raiodoblog\/#\/schema\/person\/95ab929bda16e84d1e2383c7934138a5\",\"name\":\"Pedro Santos\",\"image\":{\"@type\":\"ImageObject\",\"inLanguage\":\"en-US\",\"@id\":\"https:\/\/boomer.pt\/raiodoblog\/#\/schema\/person\/image\/\",\"url\":\"https:\/\/secure.gravatar.com\/avatar\/29064e2ffd89dbe09bcc4ffc9ab2cbe0342db9e454b72b522f0d5852f58417eb?s=96&d=mm&r=g\",\"contentUrl\":\"https:\/\/secure.gravatar.com\/avatar\/29064e2ffd89dbe09bcc4ffc9ab2cbe0342db9e454b72b522f0d5852f58417eb?s=96&d=mm&r=g\",\"caption\":\"Pedro Santos\"},\"description\":\"Designer\",\"url\":\"https:\/\/boomer.pt\/raiodoblog\/author\/pedro-santos\/\"}]}<\/script>\n<!-- \/ Yoast SEO plugin. -->","yoast_head_json":{"title":"Cor e Cultura - BOOMER","description":"Ser\u00e1 que as cores t\u00eam o mesmo significado em toda a parte do mundo? Ser\u00e1 o preto uma cor sempre associada ao luto e o branco \u00e0 paz...","robots":{"index":"index","follow":"follow","max-snippet":"max-snippet:-1","max-image-preview":"max-image-preview:large","max-video-preview":"max-video-preview:-1"},"canonical":"https:\/\/boomer.pt\/raiodoblog\/cor-e-cultura\/","og_locale":"en_US","og_type":"article","og_title":"Cor e Cultura - BOOMER","og_description":"Ser\u00e1 que as cores t\u00eam o mesmo significado em toda a parte do mundo? Ser\u00e1 o preto uma cor sempre associada ao luto e o branco \u00e0 paz...","og_url":"https:\/\/boomer.pt\/raiodoblog\/cor-e-cultura\/","og_site_name":"BOOMER","article_publisher":"https:\/\/www.facebook.com\/boomer.pt","article_published_time":"2020-07-01T21:41:08+00:00","og_image":[{"width":1024,"height":512,"url":"https:\/\/boomer.pt\/raiodoblog\/wp-content\/uploads\/2022\/04\/Blog_Cor_e_Cultura_designTemposGuerra_blog_copy-1024x512.png","type":"image\/png"}],"author":"Pedro Santos","twitter_card":"summary_large_image","twitter_misc":{"Written by":"Pedro Santos","Est. reading time":"7 minutes"},"schema":{"@context":"https:\/\/schema.org","@graph":[{"@type":"Article","@id":"https:\/\/boomer.pt\/raiodoblog\/cor-e-cultura\/#article","isPartOf":{"@id":"https:\/\/boomer.pt\/raiodoblog\/cor-e-cultura\/"},"author":{"name":"Pedro Santos","@id":"https:\/\/boomer.pt\/raiodoblog\/#\/schema\/person\/95ab929bda16e84d1e2383c7934138a5"},"headline":"Cor e Cultura","datePublished":"2020-07-01T21:41:08+00:00","mainEntityOfPage":{"@id":"https:\/\/boomer.pt\/raiodoblog\/cor-e-cultura\/"},"wordCount":1311,"commentCount":0,"publisher":{"@id":"https:\/\/boomer.pt\/raiodoblog\/#organization"},"image":{"@id":"https:\/\/boomer.pt\/raiodoblog\/cor-e-cultura\/#primaryimage"},"thumbnailUrl":"https:\/\/boomer.pt\/raiodoblog\/wp-content\/uploads\/2022\/04\/Blog_Cor_e_Cultura_designTemposGuerra_blog_copy.png","keywords":["agencia digital","agenciademarketing","Boomer","branding","Cor e Cultura","Cultura","design","gestaoredesosciais","marca","marketingdigital","redessociais","vila nova de famalicao"],"articleSection":["Design Gr\u00e1fico"],"inLanguage":"en-US","potentialAction":[{"@type":"CommentAction","name":"Comment","target":["https:\/\/boomer.pt\/raiodoblog\/cor-e-cultura\/#respond"]}]},{"@type":"WebPage","@id":"https:\/\/boomer.pt\/raiodoblog\/cor-e-cultura\/","url":"https:\/\/boomer.pt\/raiodoblog\/cor-e-cultura\/","name":"Cor e Cultura - BOOMER","isPartOf":{"@id":"https:\/\/boomer.pt\/raiodoblog\/#website"},"primaryImageOfPage":{"@id":"https:\/\/boomer.pt\/raiodoblog\/cor-e-cultura\/#primaryimage"},"image":{"@id":"https:\/\/boomer.pt\/raiodoblog\/cor-e-cultura\/#primaryimage"},"thumbnailUrl":"https:\/\/boomer.pt\/raiodoblog\/wp-content\/uploads\/2022\/04\/Blog_Cor_e_Cultura_designTemposGuerra_blog_copy.png","datePublished":"2020-07-01T21:41:08+00:00","description":"Ser\u00e1 que as cores t\u00eam o mesmo significado em toda a parte do mundo? Ser\u00e1 o preto uma cor sempre associada ao luto e o branco \u00e0 paz...","breadcrumb":{"@id":"https:\/\/boomer.pt\/raiodoblog\/cor-e-cultura\/#breadcrumb"},"inLanguage":"en-US","potentialAction":[{"@type":"ReadAction","target":["https:\/\/boomer.pt\/raiodoblog\/cor-e-cultura\/"]}]},{"@type":"ImageObject","inLanguage":"en-US","@id":"https:\/\/boomer.pt\/raiodoblog\/cor-e-cultura\/#primaryimage","url":"https:\/\/boomer.pt\/raiodoblog\/wp-content\/uploads\/2022\/04\/Blog_Cor_e_Cultura_designTemposGuerra_blog_copy.png","contentUrl":"https:\/\/boomer.pt\/raiodoblog\/wp-content\/uploads\/2022\/04\/Blog_Cor_e_Cultura_designTemposGuerra_blog_copy.png","width":4167,"height":2084},{"@type":"BreadcrumbList","@id":"https:\/\/boomer.pt\/raiodoblog\/cor-e-cultura\/#breadcrumb","itemListElement":[{"@type":"ListItem","position":1,"name":"In\u00edcio","item":"https:\/\/boomer.pt\/raiodoblog\/"},{"@type":"ListItem","position":2,"name":"Cor e Cultura"}]},{"@type":"WebSite","@id":"https:\/\/boomer.pt\/raiodoblog\/#website","url":"https:\/\/boomer.pt\/raiodoblog\/","name":"BOOMER","description":"Brand &amp; Digital Agency","publisher":{"@id":"https:\/\/boomer.pt\/raiodoblog\/#organization"},"potentialAction":[{"@type":"SearchAction","target":{"@type":"EntryPoint","urlTemplate":"https:\/\/boomer.pt\/raiodoblog\/?s={search_term_string}"},"query-input":{"@type":"PropertyValueSpecification","valueRequired":true,"valueName":"search_term_string"}}],"inLanguage":"en-US"},{"@type":"Organization","@id":"https:\/\/boomer.pt\/raiodoblog\/#organization","name":"BOOMER","url":"https:\/\/boomer.pt\/raiodoblog\/","logo":{"@type":"ImageObject","inLanguage":"en-US","@id":"https:\/\/boomer.pt\/raiodoblog\/#\/schema\/logo\/image\/","url":"https:\/\/boomer.pt\/raiodoblog\/wp-content\/uploads\/2022\/10\/BoomerLogo-2.svg","contentUrl":"https:\/\/boomer.pt\/raiodoblog\/wp-content\/uploads\/2022\/10\/BoomerLogo-2.svg","width":154,"height":40,"caption":"BOOMER"},"image":{"@id":"https:\/\/boomer.pt\/raiodoblog\/#\/schema\/logo\/image\/"},"sameAs":["https:\/\/www.facebook.com\/boomer.pt","https:\/\/www.instagram.com\/boomerpt\/","https:\/\/www.linkedin.com\/company\/2641069\/admin\/","https:\/\/www.youtube.com\/channel\/UCJ4-FswWDdO5i1UVdIUqtGw\/feed","https:\/\/www.behance.net\/boomer_pt"]},{"@type":"Person","@id":"https:\/\/boomer.pt\/raiodoblog\/#\/schema\/person\/95ab929bda16e84d1e2383c7934138a5","name":"Pedro Santos","image":{"@type":"ImageObject","inLanguage":"en-US","@id":"https:\/\/boomer.pt\/raiodoblog\/#\/schema\/person\/image\/","url":"https:\/\/secure.gravatar.com\/avatar\/29064e2ffd89dbe09bcc4ffc9ab2cbe0342db9e454b72b522f0d5852f58417eb?s=96&d=mm&r=g","contentUrl":"https:\/\/secure.gravatar.com\/avatar\/29064e2ffd89dbe09bcc4ffc9ab2cbe0342db9e454b72b522f0d5852f58417eb?s=96&d=mm&r=g","caption":"Pedro Santos"},"description":"Designer","url":"https:\/\/boomer.pt\/raiodoblog\/author\/pedro-santos\/"}]}},"_links":{"self":[{"href":"https:\/\/boomer.pt\/raiodoblog\/wp-json\/wp\/v2\/posts\/7232","targetHints":{"allow":["GET"]}}],"collection":[{"href":"https:\/\/boomer.pt\/raiodoblog\/wp-json\/wp\/v2\/posts"}],"about":[{"href":"https:\/\/boomer.pt\/raiodoblog\/wp-json\/wp\/v2\/types\/post"}],"author":[{"embeddable":true,"href":"https:\/\/boomer.pt\/raiodoblog\/wp-json\/wp\/v2\/users\/2"}],"replies":[{"embeddable":true,"href":"https:\/\/boomer.pt\/raiodoblog\/wp-json\/wp\/v2\/comments?post=7232"}],"version-history":[{"count":1,"href":"https:\/\/boomer.pt\/raiodoblog\/wp-json\/wp\/v2\/posts\/7232\/revisions"}],"predecessor-version":[{"id":26088,"href":"https:\/\/boomer.pt\/raiodoblog\/wp-json\/wp\/v2\/posts\/7232\/revisions\/26088"}],"wp:featuredmedia":[{"embeddable":true,"href":"https:\/\/boomer.pt\/raiodoblog\/wp-json\/wp\/v2\/media\/7231"}],"wp:attachment":[{"href":"https:\/\/boomer.pt\/raiodoblog\/wp-json\/wp\/v2\/media?parent=7232"}],"wp:term":[{"taxonomy":"category","embeddable":true,"href":"https:\/\/boomer.pt\/raiodoblog\/wp-json\/wp\/v2\/categories?post=7232"},{"taxonomy":"post_tag","embeddable":true,"href":"https:\/\/boomer.pt\/raiodoblog\/wp-json\/wp\/v2\/tags?post=7232"}],"curies":[{"name":"wp","href":"https:\/\/api.w.org\/{rel}","templated":true}]}}