{"id":7230,"date":"2019-08-18T10:38:38","date_gmt":"2019-08-18T09:38:38","guid":{"rendered":"http:\/\/boomer.pt\/design-grafico-em-tempos-de-guerra\/"},"modified":"2019-08-18T10:38:38","modified_gmt":"2019-08-18T09:38:38","slug":"design-grafico-em-tempos-de-guerra","status":"publish","type":"post","link":"https:\/\/boomer.pt\/raiodoblog\/design-grafico-em-tempos-de-guerra\/","title":{"rendered":"Design Gr\u00e1fico em tempos de Guerra"},"content":{"rendered":"\t\t<div data-elementor-type=\"wp-post\" data-elementor-id=\"7230\" class=\"elementor elementor-7230\" data-elementor-post-type=\"post\">\n\t\t\t\t\t\t<section class=\"elementor-section elementor-top-section elementor-element elementor-element-5c8350ba elementor-section-boxed elementor-section-height-default elementor-section-height-default\" data-id=\"5c8350ba\" data-element_type=\"section\" data-e-type=\"section\">\n\t\t\t\t\t\t<div class=\"elementor-container elementor-column-gap-default\">\n\t\t\t\t\t<div class=\"elementor-column elementor-col-100 elementor-top-column elementor-element elementor-element-1b613349\" data-id=\"1b613349\" data-element_type=\"column\" data-e-type=\"column\">\n\t\t\t<div class=\"elementor-widget-wrap elementor-element-populated\">\n\t\t\t\t\t\t<div class=\"elementor-element elementor-element-d1bc5a4 elementor-widget elementor-widget-theme-post-title elementor-page-title elementor-widget-heading\" data-id=\"d1bc5a4\" data-element_type=\"widget\" data-e-type=\"widget\" data-widget_type=\"theme-post-title.default\">\n\t\t\t\t<div class=\"elementor-widget-container\">\n\t\t\t\t\t<h1 class=\"elementor-heading-title elementor-size-default\">Design Gr\u00e1fico em tempos de Guerra<\/h1>\t\t\t\t<\/div>\n\t\t\t\t<\/div>\n\t\t\t\t<div class=\"elementor-element elementor-element-5a3f04cf elementor-widget elementor-widget-text-editor\" data-id=\"5a3f04cf\" data-element_type=\"widget\" data-e-type=\"widget\" data-widget_type=\"text-editor.default\">\n\t\t\t\t<div class=\"elementor-widget-container\">\n\t\t\t\t\t\t\t\t\t<p><img decoding=\"async\" style=\"display: block; margin-left: auto; margin-right: auto;\" data-src=\"images\/o_raio_do_blog\/25-06-21\/24_5-ferramentas-para-social-media-manager_1.png\" alt=\"\" src=\"data:image\/gif;base64,R0lGODlhAQABAAAAACH5BAEKAAEALAAAAAABAAEAAAICTAEAOw==\" class=\"lazyload\" \/><\/p><p>Como a criatividade e a imagina\u00e7\u00e3o t\u00eam sido mais uma vez fonte de apoio e protesto em tempos de guerra!\u00a0<\/p><p style=\"text-align: justify;\"><span style=\"font-size: 12pt;\">\u00a0<\/span><\/p><p style=\"text-align: justify;\"><img fetchpriority=\"high\" decoding=\"async\" class=\"size-full wp-image-7211 aligncenter\" src=\"http:\/\/boomer.pt\/wp-content\/uploads\/2022\/04\/Blog_designTemposGuerra.png\" alt=\"\" width=\"2001\" height=\"1001\" srcset=\"https:\/\/boomer.pt\/raiodoblog\/wp-content\/uploads\/2022\/04\/Blog_designTemposGuerra.png 2001w, https:\/\/boomer.pt\/raiodoblog\/wp-content\/uploads\/2022\/04\/Blog_designTemposGuerra-300x150.png 300w, https:\/\/boomer.pt\/raiodoblog\/wp-content\/uploads\/2022\/04\/Blog_designTemposGuerra-1024x512.png 1024w, https:\/\/boomer.pt\/raiodoblog\/wp-content\/uploads\/2022\/04\/Blog_designTemposGuerra-768x384.png 768w, https:\/\/boomer.pt\/raiodoblog\/wp-content\/uploads\/2022\/04\/Blog_designTemposGuerra-1536x768.png 1536w, https:\/\/boomer.pt\/raiodoblog\/wp-content\/uploads\/2022\/04\/Blog_designTemposGuerra-1568x784.png 1568w\" sizes=\"(max-width: 2001px) 100vw, 2001px\" \/><\/p><p>\u00a0<\/p><p>A criatividade humana sempre foi uma poderosa arma, seja de revolu\u00e7\u00e3o contra os costumes, de contesta\u00e7\u00e3o perante as regras ou mesmo de propaganda pr\u00f3 ou contra as diversas guerras ideol\u00f3gicas ou concretas.<\/p><p><strong>Nas Primeira e Segunda Guerras Mundiais<\/strong>, o design de propaganda foi fundamental para alistar soldados, conseguir apoios financeiros para os ex\u00e9rcitos e, claro, para moldar a opini\u00e3o p\u00fablica acerca dos conflitos.<\/p><p>\u00a0<\/p><p><img decoding=\"async\" class=\"size-full wp-image-7212 alignnone lazyload\" data-src=\"http:\/\/boomer.pt\/wp-content\/uploads\/2022\/04\/01_abramAdams_01.jpeg\" alt=\"\" width=\"257\" height=\"380\" data-srcset=\"https:\/\/boomer.pt\/raiodoblog\/wp-content\/uploads\/2022\/04\/01_abramAdams_01.jpeg 750w, https:\/\/boomer.pt\/raiodoblog\/wp-content\/uploads\/2022\/04\/01_abramAdams_01-203x300.jpeg 203w, https:\/\/boomer.pt\/raiodoblog\/wp-content\/uploads\/2022\/04\/01_abramAdams_01-693x1024.jpeg 693w\" data-sizes=\"(max-width: 257px) 100vw, 257px\" src=\"data:image\/gif;base64,R0lGODlhAQABAAAAACH5BAEKAAEALAAAAAABAAEAAAICTAEAOw==\" style=\"--smush-placeholder-width: 257px; --smush-placeholder-aspect-ratio: 257\/380;\" \/>\u00a0<img decoding=\"async\" class=\"size-full wp-image-7213 alignnone lazyload\" data-src=\"http:\/\/boomer.pt\/wp-content\/uploads\/2022\/04\/01_abramAdams_02.jpeg\" alt=\"\" width=\"255\" height=\"376\" data-srcset=\"https:\/\/boomer.pt\/raiodoblog\/wp-content\/uploads\/2022\/04\/01_abramAdams_02.jpeg 750w, https:\/\/boomer.pt\/raiodoblog\/wp-content\/uploads\/2022\/04\/01_abramAdams_02-203x300.jpeg 203w, https:\/\/boomer.pt\/raiodoblog\/wp-content\/uploads\/2022\/04\/01_abramAdams_02-694x1024.jpeg 694w\" data-sizes=\"(max-width: 255px) 100vw, 255px\" src=\"data:image\/gif;base64,R0lGODlhAQABAAAAACH5BAEKAAEALAAAAAABAAEAAAICTAEAOw==\" style=\"--smush-placeholder-width: 255px; --smush-placeholder-aspect-ratio: 255\/376;\" \/>\u00a0<img decoding=\"async\" class=\"size-full wp-image-7214 alignnone lazyload\" data-src=\"http:\/\/boomer.pt\/wp-content\/uploads\/2022\/04\/01_abramAdams_03.jpeg\" alt=\"\" width=\"252\" height=\"375\" data-srcset=\"https:\/\/boomer.pt\/raiodoblog\/wp-content\/uploads\/2022\/04\/01_abramAdams_03.jpeg 750w, https:\/\/boomer.pt\/raiodoblog\/wp-content\/uploads\/2022\/04\/01_abramAdams_03-202x300.jpeg 202w, https:\/\/boomer.pt\/raiodoblog\/wp-content\/uploads\/2022\/04\/01_abramAdams_03-689x1024.jpeg 689w\" data-sizes=\"(max-width: 252px) 100vw, 252px\" src=\"data:image\/gif;base64,R0lGODlhAQABAAAAACH5BAEKAAEALAAAAAABAAEAAAICTAEAOw==\" style=\"--smush-placeholder-width: 252px; --smush-placeholder-aspect-ratio: 252\/375;\" \/><\/p><p>\u00a0<\/p><p>Exemplos de cartazes criados por Abram Games, um designer gr\u00e1fico ingl\u00eas que trabalhou com um Governo brit\u00e2nico de 1941 a 1945<\/p><p>Este estilo de design \u00e9, por vezes, chamado de <strong>\u201crealismo heroico\u201d<\/strong>, j\u00e1 que todos os temas s\u00e3o retratados de forma exacerbada e excecional. Esta forma de comunicar \u00e9, claro, intencional: se o objetivo \u00e9 recrutar ou ganhar apoio para determinada causa, uma forma eficaz de o conseguir \u00e9 ilustrar essa causa como sendo algo grandioso, importante, \u201cde vida ou morte\u201d.<\/p><p>\u00a0<\/p><p>\u00a0<img decoding=\"async\" class=\"size-full wp-image-7215 lazyload\" data-src=\"http:\/\/boomer.pt\/wp-content\/uploads\/2022\/04\/02_realismoHeroico_01.jpeg\" alt=\"\" width=\"259\" height=\"392\" data-srcset=\"https:\/\/boomer.pt\/raiodoblog\/wp-content\/uploads\/2022\/04\/02_realismoHeroico_01.jpeg 679w, https:\/\/boomer.pt\/raiodoblog\/wp-content\/uploads\/2022\/04\/02_realismoHeroico_01-198x300.jpeg 198w, https:\/\/boomer.pt\/raiodoblog\/wp-content\/uploads\/2022\/04\/02_realismoHeroico_01-677x1024.jpeg 677w\" data-sizes=\"(max-width: 259px) 100vw, 259px\" src=\"data:image\/gif;base64,R0lGODlhAQABAAAAACH5BAEKAAEALAAAAAABAAEAAAICTAEAOw==\" style=\"--smush-placeholder-width: 259px; --smush-placeholder-aspect-ratio: 259\/392;\" \/>\u00a0<img decoding=\"async\" class=\"size-full wp-image-7216 lazyload\" data-src=\"http:\/\/boomer.pt\/wp-content\/uploads\/2022\/04\/02_realismoHeroico_02.jpeg\" alt=\"\" width=\"292\" height=\"391\" data-srcset=\"https:\/\/boomer.pt\/raiodoblog\/wp-content\/uploads\/2022\/04\/02_realismoHeroico_02.jpeg 623w, https:\/\/boomer.pt\/raiodoblog\/wp-content\/uploads\/2022\/04\/02_realismoHeroico_02-224x300.jpeg 224w\" data-sizes=\"(max-width: 292px) 100vw, 292px\" src=\"data:image\/gif;base64,R0lGODlhAQABAAAAACH5BAEKAAEALAAAAAABAAEAAAICTAEAOw==\" style=\"--smush-placeholder-width: 292px; --smush-placeholder-aspect-ratio: 292\/391;\" \/><\/p><p>\u00a0<\/p><p>Cartazes como <em>\u201c<strong>I Want You\u201d<\/strong>,<\/em>\u00a0uma imagem de recrutamento para o ex\u00e9rcito criado por James Montgomery Flagg, ou o inesquec\u00edvel <strong>\u201cWe can do it\u201d<\/strong>, um apelo \u00e0s mulheres que se juntassem ao esfor\u00e7o de guerra tomando o lugar dos homens em f\u00e1bricas a necessitar de m\u00e3o de obra, s\u00e3o ic\u00f3nicos e continuam a ser utilizados e reutilizados numa grande variedade de contextos (nem sempre respeitando a mensagem original).<\/p><p>\u00a0<\/p><p><img decoding=\"async\" class=\"size-full wp-image-7217 lazyload\" data-src=\"http:\/\/boomer.pt\/wp-content\/uploads\/2022\/04\/03_iWantYou.jpg\" alt=\"\" width=\"271\" height=\"366\" data-srcset=\"https:\/\/boomer.pt\/raiodoblog\/wp-content\/uploads\/2022\/04\/03_iWantYou.jpg 593w, https:\/\/boomer.pt\/raiodoblog\/wp-content\/uploads\/2022\/04\/03_iWantYou-222x300.jpg 222w\" data-sizes=\"(max-width: 271px) 100vw, 271px\" src=\"data:image\/gif;base64,R0lGODlhAQABAAAAACH5BAEKAAEALAAAAAABAAEAAAICTAEAOw==\" style=\"--smush-placeholder-width: 271px; --smush-placeholder-aspect-ratio: 271\/366;\" \/>\u00a0<img decoding=\"async\" class=\"size-full wp-image-7218 lazyload\" data-src=\"http:\/\/boomer.pt\/wp-content\/uploads\/2022\/04\/03_WeCanDoIt.jpeg\" alt=\"\" width=\"277\" height=\"360\" data-srcset=\"https:\/\/boomer.pt\/raiodoblog\/wp-content\/uploads\/2022\/04\/03_WeCanDoIt.jpeg 610w, https:\/\/boomer.pt\/raiodoblog\/wp-content\/uploads\/2022\/04\/03_WeCanDoIt-230x300.jpeg 230w\" data-sizes=\"(max-width: 277px) 100vw, 277px\" src=\"data:image\/gif;base64,R0lGODlhAQABAAAAACH5BAEKAAEALAAAAAABAAEAAAICTAEAOw==\" style=\"--smush-placeholder-width: 277px; --smush-placeholder-aspect-ratio: 277\/360;\" \/><\/p><p>\u00a0<\/p><p>Outro curioso exemplo \u00e9 o cartaz <strong>\u201cKeep Calm and Carry On\u201d<\/strong>, criado pelo Governo brit\u00e2nico em 1939, no in\u00edcio da Segunda Guerra Mundial.<\/p><p>De autor desconhecido, esta mensagem foi proposta pelo Minist\u00e9rio da Informa\u00e7\u00e3o (uma refer\u00eancia ao <em>Minist\u00e9rio da Verdade<\/em> do livro \u201c<em>1984<\/em>\u201d, de George Orwell) e pretendia acalmar e refor\u00e7ar a moral caso os alem\u00e3es invadissem territ\u00f3rio ingl\u00eas. Foi distribu\u00eddo de forma muito limitada e, por isso, n\u00e3o ganhou muita visibilidade, vindo a ser recuperado d\u00e9cadas depois e reproduzido m\u00faltiplas vezes tanto em merchandising como <em>meme<\/em>, com diversas vers\u00f5es.<\/p><p>\u00a0<\/p><p>\u00a0<img decoding=\"async\" class=\"size-full wp-image-7219 aligncenter lazyload\" data-src=\"http:\/\/boomer.pt\/wp-content\/uploads\/2022\/04\/04_KeepCalm.png\" alt=\"\" width=\"312\" height=\"468\" data-srcset=\"https:\/\/boomer.pt\/raiodoblog\/wp-content\/uploads\/2022\/04\/04_KeepCalm.png 1200w, https:\/\/boomer.pt\/raiodoblog\/wp-content\/uploads\/2022\/04\/04_KeepCalm-200x300.png 200w, https:\/\/boomer.pt\/raiodoblog\/wp-content\/uploads\/2022\/04\/04_KeepCalm-683x1024.png 683w, https:\/\/boomer.pt\/raiodoblog\/wp-content\/uploads\/2022\/04\/04_KeepCalm-768x1151.png 768w, https:\/\/boomer.pt\/raiodoblog\/wp-content\/uploads\/2022\/04\/04_KeepCalm-1025x1536.png 1025w\" data-sizes=\"(max-width: 312px) 100vw, 312px\" src=\"data:image\/gif;base64,R0lGODlhAQABAAAAACH5BAEKAAEALAAAAAABAAEAAAICTAEAOw==\" style=\"--smush-placeholder-width: 312px; --smush-placeholder-aspect-ratio: 312\/468;\" \/><\/p><h3>\u00a0<\/h3><p>Ainda recentemente, temos assistido ao importante impacto da arte e da comunica\u00e7\u00e3o em acontecimentos mundiais como a <a href=\"pt\/o-raio-do-blog\/o-raio-do-blog\/item\/141-design-grafico-em-tempos-de-covid\">pandemia de COVID-19,<\/a> o movimento <strong>Black Lives Matter,<\/strong> os protestos contra movimentos extremistas ou a luta contra as altera\u00e7\u00f5es clim\u00e1ticas.<\/p><p>\u00a0<img decoding=\"async\" class=\"size-full wp-image-7220 aligncenter lazyload\" data-src=\"http:\/\/boomer.pt\/wp-content\/uploads\/2022\/04\/05_BlackLivesMatter.png\" alt=\"\" width=\"761\" height=\"429\" data-srcset=\"https:\/\/boomer.pt\/raiodoblog\/wp-content\/uploads\/2022\/04\/05_BlackLivesMatter.png 1321w, https:\/\/boomer.pt\/raiodoblog\/wp-content\/uploads\/2022\/04\/05_BlackLivesMatter-300x169.png 300w, https:\/\/boomer.pt\/raiodoblog\/wp-content\/uploads\/2022\/04\/05_BlackLivesMatter-1024x578.png 1024w, https:\/\/boomer.pt\/raiodoblog\/wp-content\/uploads\/2022\/04\/05_BlackLivesMatter-768x433.png 768w\" data-sizes=\"(max-width: 761px) 100vw, 761px\" src=\"data:image\/gif;base64,R0lGODlhAQABAAAAACH5BAEKAAEALAAAAAABAAEAAAICTAEAOw==\" style=\"--smush-placeholder-width: 761px; --smush-placeholder-aspect-ratio: 761\/429;\" \/><\/p><p>\u00a0<\/p><p>Cartazes de\u00a0L-R Gia Graham, Adrian Meadows e Hust Wilson<\/p><p>Este conflito n\u00e3o \u00e9 exce\u00e7\u00e3o: desde o primeiro momento da <strong>invas\u00e3o da Ucr\u00e2nia pela R\u00fassia<\/strong> que se multiplicam os protestos e movimentos de apoio das comunidades art\u00edsticas, seja atrav\u00e9s da m\u00fasica, da moda, das artes pl\u00e1sticas, da ilustra\u00e7\u00e3o e do design.<\/p><p>\u00a0<\/p><p><img decoding=\"async\" class=\"size-full wp-image-7221 aligncenter lazyload\" data-src=\"http:\/\/boomer.pt\/wp-content\/uploads\/2022\/04\/06_EDAwards.png\" alt=\"\" width=\"308\" height=\"369\" data-srcset=\"https:\/\/boomer.pt\/raiodoblog\/wp-content\/uploads\/2022\/04\/06_EDAwards.png 465w, https:\/\/boomer.pt\/raiodoblog\/wp-content\/uploads\/2022\/04\/06_EDAwards-250x300.png 250w\" data-sizes=\"(max-width: 308px) 100vw, 308px\" src=\"data:image\/gif;base64,R0lGODlhAQABAAAAACH5BAEKAAEALAAAAAABAAEAAAICTAEAOw==\" style=\"--smush-placeholder-width: 308px; --smush-placeholder-aspect-ratio: 308\/369;\" \/><\/p><p>\u00a0<\/p><p>No in\u00edcio do m\u00eas de mar\u00e7o foi noticiado q<span style=\"color: var(--global--color-primary);\">ue <\/span><strong style=\"color: var(--global--color-primary);\">os <\/strong><a style=\"background-color: #ffffff;\" href=\"https:\/\/europeandesign.org\/european-design-awards-stand-by-ukraine\/\"><strong>European Design Awards (EDAWARDS)<\/strong><\/a><strong style=\"color: var(--global--color-primary);\">,<\/strong><span style=\"color: var(--global--color-primary);\"> que se realizam em Tallinn, na Est\u00f3nia, n\u00e3o iriam cobrar o <\/span><em style=\"color: var(--global--color-primary);\">fee<\/em><span style=\"color: var(--global--color-primary);\"> de entrada a designers provenientes da Ucr\u00e2nia, numa tentativa de apoiar estes profissionais e dar-lhes voz num palco internacional. Quanto aos participantes de origem russa, este foi o comunicado dado pela organiza\u00e7\u00e3o:<\/span><\/p><p><span style=\"color: var(--global--color-primary);\">\u00a0<\/span><\/p><p>\u00a0<em>E em rela\u00e7\u00e3o aos participantes russos? Queremos garantir que todos entendam que tamb\u00e9m temos empatia por eles. O seu pa\u00eds \u00e9, certamente, o agressor, mas, na realidade, esta n\u00e3o \u00e9 uma guerra entre a R\u00fassia e a Ucr\u00e2nia. Vamos ser claros sobre isso: esta \u00e9 a guerra de Putin. Estamos orgulhosos de ver a comunidade criativa russa a levantar-se em un\u00edssono contra o regime e defender a paz. E \u00e9 importante lembrar que esta posi\u00e7\u00e3o da comunidade contra a injusti\u00e7a, crueldade e tirania vem com o perigo de persegui\u00e7\u00e3o e poss\u00edveis graves consequ\u00eancias por se manifestar! Apesar desse facto, que reconhecemos e honramos em rela\u00e7\u00e3o \u00e0 comunidade de design russa, decidimos tomar algum tipo de a\u00e7\u00e3o para mostrar a nossa desaprova\u00e7\u00e3o do regime russo. O nome \u201cR\u00fassia\u201d n\u00e3o ser\u00e1 vis\u00edvel no nosso site. \u00c9 apenas um movimento simb\u00f3lico, mas queremos ter certeza de que \u00e9 compreens\u00edvel por todos que um crime est\u00e1 a ser cometido e nem tudo \u00e9 &#8220;business as usual&#8221;.<\/em><\/p><p><em>\u00a0<\/em><\/p><p><span style=\"color: var(--global--color-primary);\">Por seu lado, a <\/span><strong style=\"color: var(--global--color-primary);\">Depositphotos<\/strong><span style=\"color: var(--global--color-primary);\">, uma plataforma de conte\u00fados (fotos, v\u00eddeos e gr\u00e1ficos) royalty free, fundada por Dmitry Sergeev em novembro de 2009, em Kiev, Ucr\u00e2nia, disponibiliza aos utilizadores <\/span><a style=\"background-color: #ffffff;\" href=\"https:\/\/pt.depositphotos.com\/folder\/A%20verdade%20sobre%20a%20guerra%20da%20R%C3%BAssia%20na%20Ucr%C3%A2nia-299150880.html\">imagens gratuitas que mostram a dura realidade do que est\u00e1 a acontecer no pa\u00eds<\/a><span style=\"color: var(--global--color-primary);\">, para al\u00e9m de uma <\/span><a style=\"background-color: #ffffff;\" href=\"https:\/\/pt.depositphotos.com\/folder\/Protestos%20internacionais%20em%20apoio%20da%20Ucr%C3%A2nia-299149664.html\">cole\u00e7\u00e3o que agrega criativos e fotos de protesto<\/a><span style=\"color: var(--global--color-primary);\"> contra a invas\u00e3o criadas por utilizadores de todos os cantos do mundo.<\/span><\/p><p><span style=\"color: var(--global--color-primary);\">\u00a0<\/span><\/p><p><img decoding=\"async\" class=\"size-full wp-image-7222 aligncenter lazyload\" data-src=\"http:\/\/boomer.pt\/wp-content\/uploads\/2022\/04\/07_Depositphotos.png\" alt=\"\" width=\"802\" height=\"414\" data-srcset=\"https:\/\/boomer.pt\/raiodoblog\/wp-content\/uploads\/2022\/04\/07_Depositphotos.png 1884w, https:\/\/boomer.pt\/raiodoblog\/wp-content\/uploads\/2022\/04\/07_Depositphotos-300x155.png 300w, https:\/\/boomer.pt\/raiodoblog\/wp-content\/uploads\/2022\/04\/07_Depositphotos-1024x528.png 1024w, https:\/\/boomer.pt\/raiodoblog\/wp-content\/uploads\/2022\/04\/07_Depositphotos-768x396.png 768w, https:\/\/boomer.pt\/raiodoblog\/wp-content\/uploads\/2022\/04\/07_Depositphotos-1536x792.png 1536w, https:\/\/boomer.pt\/raiodoblog\/wp-content\/uploads\/2022\/04\/07_Depositphotos-1568x809.png 1568w\" data-sizes=\"(max-width: 802px) 100vw, 802px\" src=\"data:image\/gif;base64,R0lGODlhAQABAAAAACH5BAEKAAEALAAAAAABAAEAAAICTAEAOw==\" style=\"--smush-placeholder-width: 802px; --smush-placeholder-aspect-ratio: 802\/414;\" \/><\/p><p>\u00a0<\/p><p>Ainda em mar\u00e7o foi criada uma plataforma aberta \u2013 a <a href=\"https:\/\/creativesforukraine.com\/\">Creatives for Ukraine<\/a> \u2013 que apela a designers ou outros criativos que submetam obras de protesto e que contou com j\u00e1 com <strong>mais de 400 mil submiss\u00f5es<\/strong>. Algumas dessas obras foram selecionadas e exibidas em outdoors em seis cidades lituanas.<\/p><p>\u00a0<\/p><p><img decoding=\"async\" class=\"size-full wp-image-7223 alignnone lazyload\" data-src=\"http:\/\/boomer.pt\/wp-content\/uploads\/2022\/04\/08_CreativesForUkraine_00.png\" alt=\"\" width=\"804\" height=\"293\" data-srcset=\"https:\/\/boomer.pt\/raiodoblog\/wp-content\/uploads\/2022\/04\/08_CreativesForUkraine_00.png 1882w, https:\/\/boomer.pt\/raiodoblog\/wp-content\/uploads\/2022\/04\/08_CreativesForUkraine_00-300x109.png 300w, https:\/\/boomer.pt\/raiodoblog\/wp-content\/uploads\/2022\/04\/08_CreativesForUkraine_00-1024x373.png 1024w, https:\/\/boomer.pt\/raiodoblog\/wp-content\/uploads\/2022\/04\/08_CreativesForUkraine_00-768x280.png 768w, https:\/\/boomer.pt\/raiodoblog\/wp-content\/uploads\/2022\/04\/08_CreativesForUkraine_00-1536x560.png 1536w, https:\/\/boomer.pt\/raiodoblog\/wp-content\/uploads\/2022\/04\/08_CreativesForUkraine_00-1568x572.png 1568w\" data-sizes=\"(max-width: 804px) 100vw, 804px\" src=\"data:image\/gif;base64,R0lGODlhAQABAAAAACH5BAEKAAEALAAAAAABAAEAAAICTAEAOw==\" style=\"--smush-placeholder-width: 804px; --smush-placeholder-aspect-ratio: 804\/293;\" \/><\/p><p><img decoding=\"async\" class=\"size-full wp-image-7224 lazyload\" data-src=\"http:\/\/boomer.pt\/wp-content\/uploads\/2022\/04\/08_CreativesForUkraine_01.png\" alt=\"\" width=\"211\" height=\"295\" data-srcset=\"https:\/\/boomer.pt\/raiodoblog\/wp-content\/uploads\/2022\/04\/08_CreativesForUkraine_01.png 568w, https:\/\/boomer.pt\/raiodoblog\/wp-content\/uploads\/2022\/04\/08_CreativesForUkraine_01-214x300.png 214w\" data-sizes=\"(max-width: 211px) 100vw, 211px\" src=\"data:image\/gif;base64,R0lGODlhAQABAAAAACH5BAEKAAEALAAAAAABAAEAAAICTAEAOw==\" style=\"--smush-placeholder-width: 211px; --smush-placeholder-aspect-ratio: 211\/295;\" \/>\u00a0<img decoding=\"async\" class=\"size-full wp-image-7225 lazyload\" data-src=\"http:\/\/boomer.pt\/wp-content\/uploads\/2022\/04\/08_CreativesForUkraine_02.jpeg\" alt=\"\" width=\"211\" height=\"298\" data-srcset=\"https:\/\/boomer.pt\/raiodoblog\/wp-content\/uploads\/2022\/04\/08_CreativesForUkraine_02.jpeg 568w, https:\/\/boomer.pt\/raiodoblog\/wp-content\/uploads\/2022\/04\/08_CreativesForUkraine_02-212x300.jpeg 212w\" data-sizes=\"(max-width: 211px) 100vw, 211px\" src=\"data:image\/gif;base64,R0lGODlhAQABAAAAACH5BAEKAAEALAAAAAABAAEAAAICTAEAOw==\" style=\"--smush-placeholder-width: 211px; --smush-placeholder-aspect-ratio: 211\/298;\" \/>\u00a0<img decoding=\"async\" class=\"size-full wp-image-7226 lazyload\" data-src=\"http:\/\/boomer.pt\/wp-content\/uploads\/2022\/04\/08_CreativesForUkraine_03.png\" alt=\"\" width=\"245\" height=\"297\" data-srcset=\"https:\/\/boomer.pt\/raiodoblog\/wp-content\/uploads\/2022\/04\/08_CreativesForUkraine_03.png 568w, https:\/\/boomer.pt\/raiodoblog\/wp-content\/uploads\/2022\/04\/08_CreativesForUkraine_03-248x300.png 248w\" data-sizes=\"(max-width: 245px) 100vw, 245px\" src=\"data:image\/gif;base64,R0lGODlhAQABAAAAACH5BAEKAAEALAAAAAABAAEAAAICTAEAOw==\" style=\"--smush-placeholder-width: 245px; --smush-placeholder-aspect-ratio: 245\/297;\" \/><\/p><p><img decoding=\"async\" class=\"size-full wp-image-7227 lazyload\" data-src=\"http:\/\/boomer.pt\/wp-content\/uploads\/2022\/04\/08_CreativesForUkraine_04.png\" alt=\"\" width=\"211\" height=\"296\" data-srcset=\"https:\/\/boomer.pt\/raiodoblog\/wp-content\/uploads\/2022\/04\/08_CreativesForUkraine_04.png 568w, https:\/\/boomer.pt\/raiodoblog\/wp-content\/uploads\/2022\/04\/08_CreativesForUkraine_04-214x300.png 214w\" data-sizes=\"(max-width: 211px) 100vw, 211px\" src=\"data:image\/gif;base64,R0lGODlhAQABAAAAACH5BAEKAAEALAAAAAABAAEAAAICTAEAOw==\" style=\"--smush-placeholder-width: 211px; --smush-placeholder-aspect-ratio: 211\/296;\" \/>\u00a0<img decoding=\"async\" class=\"size-full wp-image-7228 lazyload\" data-src=\"http:\/\/boomer.pt\/wp-content\/uploads\/2022\/04\/08_CreativesForUkraine_05.jpeg\" alt=\"\" width=\"236\" height=\"295\" data-srcset=\"https:\/\/boomer.pt\/raiodoblog\/wp-content\/uploads\/2022\/04\/08_CreativesForUkraine_05.jpeg 568w, https:\/\/boomer.pt\/raiodoblog\/wp-content\/uploads\/2022\/04\/08_CreativesForUkraine_05-240x300.jpeg 240w\" data-sizes=\"(max-width: 236px) 100vw, 236px\" src=\"data:image\/gif;base64,R0lGODlhAQABAAAAACH5BAEKAAEALAAAAAABAAEAAAICTAEAOw==\" style=\"--smush-placeholder-width: 236px; --smush-placeholder-aspect-ratio: 236\/295;\" \/>\u00a0<img decoding=\"async\" class=\"size-full wp-image-7229 lazyload\" data-src=\"http:\/\/boomer.pt\/wp-content\/uploads\/2022\/04\/08_CreativesForUkraine_06.png\" alt=\"\" width=\"210\" height=\"297\" data-srcset=\"https:\/\/boomer.pt\/raiodoblog\/wp-content\/uploads\/2022\/04\/08_CreativesForUkraine_06.png 568w, https:\/\/boomer.pt\/raiodoblog\/wp-content\/uploads\/2022\/04\/08_CreativesForUkraine_06-212x300.png 212w\" data-sizes=\"(max-width: 210px) 100vw, 210px\" src=\"data:image\/gif;base64,R0lGODlhAQABAAAAACH5BAEKAAEALAAAAAABAAEAAAICTAEAOw==\" style=\"--smush-placeholder-width: 210px; --smush-placeholder-aspect-ratio: 210\/297;\" \/><\/p><h3>\u00a0<\/h3><p>Tal como em conflitos anteriores, as artes, o design gr\u00e1fico, a propaganda ou qualquer forma de express\u00e3o art\u00edstica e de comunica\u00e7\u00e3o s\u00e3o fundamentais para transmitir as <strong>mensagens de apoio ou protesto perante a guerra na Ucr\u00e2nia<\/strong>. A propaganda russa \u00e9 apontada como o principal fator de divis\u00e3o do pa\u00eds (e deste para com o mundo), angariando apoiantes para a causa de Putin atrav\u00e9s da manipula\u00e7\u00e3o da informa\u00e7\u00e3o e da oculta\u00e7\u00e3o de dados e opini\u00f5es contr\u00e1rias, incluindo at\u00e9 a pris\u00e3o ou assassinatos de dissidentes.<\/p><p>As <strong>diversas manifesta\u00e7\u00f5es de apoio \u00e0 Ucr\u00e2nia<\/strong> e de protesto do conflito, como os exemplos mostrados acima, s\u00e3o apenas uma gota num oceano do que seria necess\u00e1rio fazer para terminar este conflito, mas ajudam a manter esta realidade no nosso campo de vis\u00e3o.<\/p><p>A Hist\u00f3ria mostra-nos a influ\u00eancia do design gr\u00e1fico e da propaganda para o sucesso dos conflitos armados ou dos grandes movimentos de revolu\u00e7\u00e3o. A n\u00f3s, cabe-nos garantir que estamos do lado certo da Hist\u00f3ria!<\/p><p>\u00a0<\/p>\t\t\t\t\t\t\t\t<\/div>\n\t\t\t\t<\/div>\n\t\t\t\t\t<\/div>\n\t\t<\/div>\n\t\t\t\t\t<\/div>\n\t\t<\/section>\n\t\t\t\t<\/div>\n\t\t","protected":false},"excerpt":{"rendered":"<p><img decoding=\"async\" style=\"display: block; margin-left: auto; margin-right: auto;\" data-src=\"images\/o_raio_do_blog\/25-06-21\/24_5-ferramentas-para-social-media-manager_1.png\" alt=\"\" src=\"data:image\/gif;base64,R0lGODlhAQABAAAAACH5BAEKAAEALAAAAAABAAEAAAICTAEAOw==\" class=\"lazyload\" \/><\/p>\n<p>Como a criatividade e a imagina\u00e7\u00e3o t\u00eam sido mais uma vez fonte de apoio e protesto em tempos de guerra!\u00a0<\/p>\n","protected":false},"author":1,"featured_media":7211,"comment_status":"open","ping_status":"open","sticky":false,"template":"elementor_theme","format":"standard","meta":{"footnotes":""},"categories":[98],"tags":[131,130,156,197,198,140,154,258,151,139,148,133,132],"class_list":["post-7230","post","type-post","status-publish","format-standard","has-post-thumbnail","hentry","category-design","tag-agencia-digital","tag-agenciademarketing","tag-ai","tag-boomer","tag-boomer-academy","tag-branding","tag-design","tag-design-grafico-em-tempos-de-guerra","tag-gestaoredesosciais","tag-marca","tag-marketingdigital","tag-redessociais","tag-vila-nova-de-famalicao"],"yoast_head":"<!-- This site is optimized with the Yoast SEO plugin v24.7 - https:\/\/yoast.com\/wordpress\/plugins\/seo\/ -->\n<title>Design Gr\u00e1fico em tempos de Guerra - BOOMER<\/title>\n<meta name=\"description\" content=\"A criatividade humana sempre foi uma poderosa arma, seja de revolu\u00e7\u00e3o contra os costumes, de contesta\u00e7\u00e3o perante as regras ou mesmo de...\" \/>\n<meta name=\"robots\" content=\"index, follow, max-snippet:-1, max-image-preview:large, max-video-preview:-1\" \/>\n<link rel=\"canonical\" href=\"https:\/\/boomer.pt\/raiodoblog\/design-grafico-em-tempos-de-guerra\/\" \/>\n<meta property=\"og:locale\" content=\"en_US\" \/>\n<meta property=\"og:type\" content=\"article\" \/>\n<meta property=\"og:title\" content=\"Design Gr\u00e1fico em tempos de Guerra - BOOMER\" \/>\n<meta property=\"og:description\" content=\"A criatividade humana sempre foi uma poderosa arma, seja de revolu\u00e7\u00e3o contra os costumes, de contesta\u00e7\u00e3o perante as regras ou mesmo de...\" \/>\n<meta property=\"og:url\" content=\"https:\/\/boomer.pt\/raiodoblog\/design-grafico-em-tempos-de-guerra\/\" \/>\n<meta property=\"og:site_name\" content=\"BOOMER\" \/>\n<meta property=\"article:publisher\" content=\"https:\/\/www.facebook.com\/boomer.pt\" \/>\n<meta property=\"article:published_time\" content=\"2019-08-18T09:38:38+00:00\" \/>\n<meta property=\"og:image\" content=\"https:\/\/boomer.pt\/raiodoblog\/wp-content\/uploads\/2022\/04\/Blog_designTemposGuerra-1024x512.png\" \/>\n\t<meta property=\"og:image:width\" content=\"1024\" \/>\n\t<meta property=\"og:image:height\" content=\"512\" \/>\n\t<meta property=\"og:image:type\" content=\"image\/png\" \/>\n<meta name=\"author\" content=\"Vera Oliveira\" \/>\n<meta name=\"twitter:card\" content=\"summary_large_image\" \/>\n<meta name=\"twitter:label1\" content=\"Written by\" \/>\n\t<meta name=\"twitter:data1\" content=\"Vera Oliveira\" \/>\n\t<meta name=\"twitter:label2\" content=\"Est. reading time\" \/>\n\t<meta name=\"twitter:data2\" content=\"10 minutes\" \/>\n<script type=\"application\/ld+json\" class=\"yoast-schema-graph\">{\"@context\":\"https:\/\/schema.org\",\"@graph\":[{\"@type\":\"Article\",\"@id\":\"https:\/\/boomer.pt\/raiodoblog\/design-grafico-em-tempos-de-guerra\/#article\",\"isPartOf\":{\"@id\":\"https:\/\/boomer.pt\/raiodoblog\/design-grafico-em-tempos-de-guerra\/\"},\"author\":{\"name\":\"Vera Oliveira\",\"@id\":\"https:\/\/boomer.pt\/raiodoblog\/#\/schema\/person\/6cdc1fb5ce8d2bed7d6b684648d4c36b\"},\"headline\":\"Design Gr\u00e1fico em tempos de Guerra\",\"datePublished\":\"2019-08-18T09:38:38+00:00\",\"mainEntityOfPage\":{\"@id\":\"https:\/\/boomer.pt\/raiodoblog\/design-grafico-em-tempos-de-guerra\/\"},\"wordCount\":1000,\"commentCount\":0,\"publisher\":{\"@id\":\"https:\/\/boomer.pt\/raiodoblog\/#organization\"},\"image\":{\"@id\":\"https:\/\/boomer.pt\/raiodoblog\/design-grafico-em-tempos-de-guerra\/#primaryimage\"},\"thumbnailUrl\":\"https:\/\/boomer.pt\/raiodoblog\/wp-content\/uploads\/2022\/04\/Blog_designTemposGuerra.png\",\"keywords\":[\"agencia digital\",\"agenciademarketing\",\"ai\",\"Boomer\",\"Boomer Academy\",\"branding\",\"design\",\"Design Gr\u00e1fico em tempos de Guerra\",\"gestaoredesosciais\",\"marca\",\"marketingdigital\",\"redessociais\",\"vila nova de famalicao\"],\"articleSection\":[\"Design Gr\u00e1fico\"],\"inLanguage\":\"en-US\",\"potentialAction\":[{\"@type\":\"CommentAction\",\"name\":\"Comment\",\"target\":[\"https:\/\/boomer.pt\/raiodoblog\/design-grafico-em-tempos-de-guerra\/#respond\"]}]},{\"@type\":\"WebPage\",\"@id\":\"https:\/\/boomer.pt\/raiodoblog\/design-grafico-em-tempos-de-guerra\/\",\"url\":\"https:\/\/boomer.pt\/raiodoblog\/design-grafico-em-tempos-de-guerra\/\",\"name\":\"Design Gr\u00e1fico em tempos de Guerra - BOOMER\",\"isPartOf\":{\"@id\":\"https:\/\/boomer.pt\/raiodoblog\/#website\"},\"primaryImageOfPage\":{\"@id\":\"https:\/\/boomer.pt\/raiodoblog\/design-grafico-em-tempos-de-guerra\/#primaryimage\"},\"image\":{\"@id\":\"https:\/\/boomer.pt\/raiodoblog\/design-grafico-em-tempos-de-guerra\/#primaryimage\"},\"thumbnailUrl\":\"https:\/\/boomer.pt\/raiodoblog\/wp-content\/uploads\/2022\/04\/Blog_designTemposGuerra.png\",\"datePublished\":\"2019-08-18T09:38:38+00:00\",\"description\":\"A criatividade humana sempre foi uma poderosa arma, seja de revolu\u00e7\u00e3o contra os costumes, de contesta\u00e7\u00e3o perante as regras ou mesmo de...\",\"breadcrumb\":{\"@id\":\"https:\/\/boomer.pt\/raiodoblog\/design-grafico-em-tempos-de-guerra\/#breadcrumb\"},\"inLanguage\":\"en-US\",\"potentialAction\":[{\"@type\":\"ReadAction\",\"target\":[\"https:\/\/boomer.pt\/raiodoblog\/design-grafico-em-tempos-de-guerra\/\"]}]},{\"@type\":\"ImageObject\",\"inLanguage\":\"en-US\",\"@id\":\"https:\/\/boomer.pt\/raiodoblog\/design-grafico-em-tempos-de-guerra\/#primaryimage\",\"url\":\"https:\/\/boomer.pt\/raiodoblog\/wp-content\/uploads\/2022\/04\/Blog_designTemposGuerra.png\",\"contentUrl\":\"https:\/\/boomer.pt\/raiodoblog\/wp-content\/uploads\/2022\/04\/Blog_designTemposGuerra.png\",\"width\":2001,\"height\":1001},{\"@type\":\"BreadcrumbList\",\"@id\":\"https:\/\/boomer.pt\/raiodoblog\/design-grafico-em-tempos-de-guerra\/#breadcrumb\",\"itemListElement\":[{\"@type\":\"ListItem\",\"position\":1,\"name\":\"In\u00edcio\",\"item\":\"https:\/\/boomer.pt\/raiodoblog\/\"},{\"@type\":\"ListItem\",\"position\":2,\"name\":\"Design Gr\u00e1fico em tempos de Guerra\"}]},{\"@type\":\"WebSite\",\"@id\":\"https:\/\/boomer.pt\/raiodoblog\/#website\",\"url\":\"https:\/\/boomer.pt\/raiodoblog\/\",\"name\":\"BOOMER\",\"description\":\"Brand &amp; Digital Agency\",\"publisher\":{\"@id\":\"https:\/\/boomer.pt\/raiodoblog\/#organization\"},\"potentialAction\":[{\"@type\":\"SearchAction\",\"target\":{\"@type\":\"EntryPoint\",\"urlTemplate\":\"https:\/\/boomer.pt\/raiodoblog\/?s={search_term_string}\"},\"query-input\":{\"@type\":\"PropertyValueSpecification\",\"valueRequired\":true,\"valueName\":\"search_term_string\"}}],\"inLanguage\":\"en-US\"},{\"@type\":\"Organization\",\"@id\":\"https:\/\/boomer.pt\/raiodoblog\/#organization\",\"name\":\"BOOMER\",\"url\":\"https:\/\/boomer.pt\/raiodoblog\/\",\"logo\":{\"@type\":\"ImageObject\",\"inLanguage\":\"en-US\",\"@id\":\"https:\/\/boomer.pt\/raiodoblog\/#\/schema\/logo\/image\/\",\"url\":\"https:\/\/boomer.pt\/raiodoblog\/wp-content\/uploads\/2022\/10\/BoomerLogo-2.svg\",\"contentUrl\":\"https:\/\/boomer.pt\/raiodoblog\/wp-content\/uploads\/2022\/10\/BoomerLogo-2.svg\",\"width\":154,\"height\":40,\"caption\":\"BOOMER\"},\"image\":{\"@id\":\"https:\/\/boomer.pt\/raiodoblog\/#\/schema\/logo\/image\/\"},\"sameAs\":[\"https:\/\/www.facebook.com\/boomer.pt\",\"https:\/\/www.instagram.com\/boomerpt\/\",\"https:\/\/www.linkedin.com\/company\/2641069\/admin\/\",\"https:\/\/www.youtube.com\/channel\/UCJ4-FswWDdO5i1UVdIUqtGw\/feed\",\"https:\/\/www.behance.net\/boomer_pt\"]},{\"@type\":\"Person\",\"@id\":\"https:\/\/boomer.pt\/raiodoblog\/#\/schema\/person\/6cdc1fb5ce8d2bed7d6b684648d4c36b\",\"name\":\"Vera Oliveira\",\"image\":{\"@type\":\"ImageObject\",\"inLanguage\":\"en-US\",\"@id\":\"https:\/\/boomer.pt\/raiodoblog\/#\/schema\/person\/image\/\",\"url\":\"https:\/\/secure.gravatar.com\/avatar\/c663de2e261bf1f6f4b5d10da88c048afb46763caa66ae37b6eb2d65a9f2a2fe?s=96&d=mm&r=g\",\"contentUrl\":\"https:\/\/secure.gravatar.com\/avatar\/c663de2e261bf1f6f4b5d10da88c048afb46763caa66ae37b6eb2d65a9f2a2fe?s=96&d=mm&r=g\",\"caption\":\"Vera Oliveira\"},\"description\":\"Project Manager\",\"sameAs\":[\"http:\/\/boomer.pt\"],\"url\":\"https:\/\/boomer.pt\/raiodoblog\/author\/boomer2022\/\"}]}<\/script>\n<!-- \/ Yoast SEO plugin. -->","yoast_head_json":{"title":"Design Gr\u00e1fico em tempos de Guerra - BOOMER","description":"A criatividade humana sempre foi uma poderosa arma, seja de revolu\u00e7\u00e3o contra os costumes, de contesta\u00e7\u00e3o perante as regras ou mesmo de...","robots":{"index":"index","follow":"follow","max-snippet":"max-snippet:-1","max-image-preview":"max-image-preview:large","max-video-preview":"max-video-preview:-1"},"canonical":"https:\/\/boomer.pt\/raiodoblog\/design-grafico-em-tempos-de-guerra\/","og_locale":"en_US","og_type":"article","og_title":"Design Gr\u00e1fico em tempos de Guerra - BOOMER","og_description":"A criatividade humana sempre foi uma poderosa arma, seja de revolu\u00e7\u00e3o contra os costumes, de contesta\u00e7\u00e3o perante as regras ou mesmo de...","og_url":"https:\/\/boomer.pt\/raiodoblog\/design-grafico-em-tempos-de-guerra\/","og_site_name":"BOOMER","article_publisher":"https:\/\/www.facebook.com\/boomer.pt","article_published_time":"2019-08-18T09:38:38+00:00","og_image":[{"width":1024,"height":512,"url":"https:\/\/boomer.pt\/raiodoblog\/wp-content\/uploads\/2022\/04\/Blog_designTemposGuerra-1024x512.png","type":"image\/png"}],"author":"Vera Oliveira","twitter_card":"summary_large_image","twitter_misc":{"Written by":"Vera Oliveira","Est. reading time":"10 minutes"},"schema":{"@context":"https:\/\/schema.org","@graph":[{"@type":"Article","@id":"https:\/\/boomer.pt\/raiodoblog\/design-grafico-em-tempos-de-guerra\/#article","isPartOf":{"@id":"https:\/\/boomer.pt\/raiodoblog\/design-grafico-em-tempos-de-guerra\/"},"author":{"name":"Vera Oliveira","@id":"https:\/\/boomer.pt\/raiodoblog\/#\/schema\/person\/6cdc1fb5ce8d2bed7d6b684648d4c36b"},"headline":"Design Gr\u00e1fico em tempos de Guerra","datePublished":"2019-08-18T09:38:38+00:00","mainEntityOfPage":{"@id":"https:\/\/boomer.pt\/raiodoblog\/design-grafico-em-tempos-de-guerra\/"},"wordCount":1000,"commentCount":0,"publisher":{"@id":"https:\/\/boomer.pt\/raiodoblog\/#organization"},"image":{"@id":"https:\/\/boomer.pt\/raiodoblog\/design-grafico-em-tempos-de-guerra\/#primaryimage"},"thumbnailUrl":"https:\/\/boomer.pt\/raiodoblog\/wp-content\/uploads\/2022\/04\/Blog_designTemposGuerra.png","keywords":["agencia digital","agenciademarketing","ai","Boomer","Boomer Academy","branding","design","Design Gr\u00e1fico em tempos de Guerra","gestaoredesosciais","marca","marketingdigital","redessociais","vila nova de famalicao"],"articleSection":["Design Gr\u00e1fico"],"inLanguage":"en-US","potentialAction":[{"@type":"CommentAction","name":"Comment","target":["https:\/\/boomer.pt\/raiodoblog\/design-grafico-em-tempos-de-guerra\/#respond"]}]},{"@type":"WebPage","@id":"https:\/\/boomer.pt\/raiodoblog\/design-grafico-em-tempos-de-guerra\/","url":"https:\/\/boomer.pt\/raiodoblog\/design-grafico-em-tempos-de-guerra\/","name":"Design Gr\u00e1fico em tempos de Guerra - BOOMER","isPartOf":{"@id":"https:\/\/boomer.pt\/raiodoblog\/#website"},"primaryImageOfPage":{"@id":"https:\/\/boomer.pt\/raiodoblog\/design-grafico-em-tempos-de-guerra\/#primaryimage"},"image":{"@id":"https:\/\/boomer.pt\/raiodoblog\/design-grafico-em-tempos-de-guerra\/#primaryimage"},"thumbnailUrl":"https:\/\/boomer.pt\/raiodoblog\/wp-content\/uploads\/2022\/04\/Blog_designTemposGuerra.png","datePublished":"2019-08-18T09:38:38+00:00","description":"A criatividade humana sempre foi uma poderosa arma, seja de revolu\u00e7\u00e3o contra os costumes, de contesta\u00e7\u00e3o perante as regras ou mesmo de...","breadcrumb":{"@id":"https:\/\/boomer.pt\/raiodoblog\/design-grafico-em-tempos-de-guerra\/#breadcrumb"},"inLanguage":"en-US","potentialAction":[{"@type":"ReadAction","target":["https:\/\/boomer.pt\/raiodoblog\/design-grafico-em-tempos-de-guerra\/"]}]},{"@type":"ImageObject","inLanguage":"en-US","@id":"https:\/\/boomer.pt\/raiodoblog\/design-grafico-em-tempos-de-guerra\/#primaryimage","url":"https:\/\/boomer.pt\/raiodoblog\/wp-content\/uploads\/2022\/04\/Blog_designTemposGuerra.png","contentUrl":"https:\/\/boomer.pt\/raiodoblog\/wp-content\/uploads\/2022\/04\/Blog_designTemposGuerra.png","width":2001,"height":1001},{"@type":"BreadcrumbList","@id":"https:\/\/boomer.pt\/raiodoblog\/design-grafico-em-tempos-de-guerra\/#breadcrumb","itemListElement":[{"@type":"ListItem","position":1,"name":"In\u00edcio","item":"https:\/\/boomer.pt\/raiodoblog\/"},{"@type":"ListItem","position":2,"name":"Design Gr\u00e1fico em tempos de Guerra"}]},{"@type":"WebSite","@id":"https:\/\/boomer.pt\/raiodoblog\/#website","url":"https:\/\/boomer.pt\/raiodoblog\/","name":"BOOMER","description":"Brand &amp; Digital Agency","publisher":{"@id":"https:\/\/boomer.pt\/raiodoblog\/#organization"},"potentialAction":[{"@type":"SearchAction","target":{"@type":"EntryPoint","urlTemplate":"https:\/\/boomer.pt\/raiodoblog\/?s={search_term_string}"},"query-input":{"@type":"PropertyValueSpecification","valueRequired":true,"valueName":"search_term_string"}}],"inLanguage":"en-US"},{"@type":"Organization","@id":"https:\/\/boomer.pt\/raiodoblog\/#organization","name":"BOOMER","url":"https:\/\/boomer.pt\/raiodoblog\/","logo":{"@type":"ImageObject","inLanguage":"en-US","@id":"https:\/\/boomer.pt\/raiodoblog\/#\/schema\/logo\/image\/","url":"https:\/\/boomer.pt\/raiodoblog\/wp-content\/uploads\/2022\/10\/BoomerLogo-2.svg","contentUrl":"https:\/\/boomer.pt\/raiodoblog\/wp-content\/uploads\/2022\/10\/BoomerLogo-2.svg","width":154,"height":40,"caption":"BOOMER"},"image":{"@id":"https:\/\/boomer.pt\/raiodoblog\/#\/schema\/logo\/image\/"},"sameAs":["https:\/\/www.facebook.com\/boomer.pt","https:\/\/www.instagram.com\/boomerpt\/","https:\/\/www.linkedin.com\/company\/2641069\/admin\/","https:\/\/www.youtube.com\/channel\/UCJ4-FswWDdO5i1UVdIUqtGw\/feed","https:\/\/www.behance.net\/boomer_pt"]},{"@type":"Person","@id":"https:\/\/boomer.pt\/raiodoblog\/#\/schema\/person\/6cdc1fb5ce8d2bed7d6b684648d4c36b","name":"Vera Oliveira","image":{"@type":"ImageObject","inLanguage":"en-US","@id":"https:\/\/boomer.pt\/raiodoblog\/#\/schema\/person\/image\/","url":"https:\/\/secure.gravatar.com\/avatar\/c663de2e261bf1f6f4b5d10da88c048afb46763caa66ae37b6eb2d65a9f2a2fe?s=96&d=mm&r=g","contentUrl":"https:\/\/secure.gravatar.com\/avatar\/c663de2e261bf1f6f4b5d10da88c048afb46763caa66ae37b6eb2d65a9f2a2fe?s=96&d=mm&r=g","caption":"Vera Oliveira"},"description":"Project Manager","sameAs":["http:\/\/boomer.pt"],"url":"https:\/\/boomer.pt\/raiodoblog\/author\/boomer2022\/"}]}},"_links":{"self":[{"href":"https:\/\/boomer.pt\/raiodoblog\/wp-json\/wp\/v2\/posts\/7230","targetHints":{"allow":["GET"]}}],"collection":[{"href":"https:\/\/boomer.pt\/raiodoblog\/wp-json\/wp\/v2\/posts"}],"about":[{"href":"https:\/\/boomer.pt\/raiodoblog\/wp-json\/wp\/v2\/types\/post"}],"author":[{"embeddable":true,"href":"https:\/\/boomer.pt\/raiodoblog\/wp-json\/wp\/v2\/users\/1"}],"replies":[{"embeddable":true,"href":"https:\/\/boomer.pt\/raiodoblog\/wp-json\/wp\/v2\/comments?post=7230"}],"version-history":[{"count":1,"href":"https:\/\/boomer.pt\/raiodoblog\/wp-json\/wp\/v2\/posts\/7230\/revisions"}],"predecessor-version":[{"id":26093,"href":"https:\/\/boomer.pt\/raiodoblog\/wp-json\/wp\/v2\/posts\/7230\/revisions\/26093"}],"wp:featuredmedia":[{"embeddable":true,"href":"https:\/\/boomer.pt\/raiodoblog\/wp-json\/wp\/v2\/media\/7211"}],"wp:attachment":[{"href":"https:\/\/boomer.pt\/raiodoblog\/wp-json\/wp\/v2\/media?parent=7230"}],"wp:term":[{"taxonomy":"category","embeddable":true,"href":"https:\/\/boomer.pt\/raiodoblog\/wp-json\/wp\/v2\/categories?post=7230"},{"taxonomy":"post_tag","embeddable":true,"href":"https:\/\/boomer.pt\/raiodoblog\/wp-json\/wp\/v2\/tags?post=7230"}],"curies":[{"name":"wp","href":"https:\/\/api.w.org\/{rel}","templated":true}]}}