{"id":7210,"date":"2021-03-05T16:12:44","date_gmt":"2021-03-05T16:12:44","guid":{"rendered":"http:\/\/boomer.pt\/diagnostico-de-marketing-digital\/"},"modified":"2021-03-05T16:12:44","modified_gmt":"2021-03-05T16:12:44","slug":"diagnostico-de-marketing-digital","status":"publish","type":"post","link":"https:\/\/boomer.pt\/raiodoblog\/diagnostico-de-marketing-digital\/","title":{"rendered":"Diagn\u00f3stico de Marketing Digital: 5 pontos para avaliar a sa\u00fade Digital da tua empresa"},"content":{"rendered":"\t\t<div data-elementor-type=\"wp-post\" data-elementor-id=\"7210\" class=\"elementor elementor-7210\" data-elementor-post-type=\"post\">\n\t\t\t\t\t\t<section class=\"elementor-section elementor-top-section elementor-element elementor-element-9734a5b elementor-section-boxed elementor-section-height-default elementor-section-height-default\" data-id=\"9734a5b\" data-element_type=\"section\" data-e-type=\"section\">\n\t\t\t\t\t\t<div class=\"elementor-container elementor-column-gap-default\">\n\t\t\t\t\t<div class=\"elementor-column elementor-col-100 elementor-top-column elementor-element elementor-element-d6fa4f1\" data-id=\"d6fa4f1\" data-element_type=\"column\" data-e-type=\"column\">\n\t\t\t<div class=\"elementor-widget-wrap elementor-element-populated\">\n\t\t\t\t\t\t<div class=\"elementor-element elementor-element-5013361 elementor-widget elementor-widget-theme-post-title elementor-page-title elementor-widget-heading\" data-id=\"5013361\" data-element_type=\"widget\" data-e-type=\"widget\" data-widget_type=\"theme-post-title.default\">\n\t\t\t\t<div class=\"elementor-widget-container\">\n\t\t\t\t\t<h1 class=\"elementor-heading-title elementor-size-default\">Diagn\u00f3stico de Marketing Digital: 5 pontos para avaliar a sa\u00fade Digital da tua empresa<\/h1>\t\t\t\t<\/div>\n\t\t\t\t<\/div>\n\t\t\t\t<div class=\"elementor-element elementor-element-4336440 elementor-widget elementor-widget-text-editor\" data-id=\"4336440\" data-element_type=\"widget\" data-e-type=\"widget\" data-widget_type=\"text-editor.default\">\n\t\t\t\t<div class=\"elementor-widget-container\">\n\t\t\t\t\t\t\t\t\t<p>Se n\u00e3o sabes como avaliar a sa\u00fade digital do teu neg\u00f3cio, damos-te 5 pontos chave para te orientares neste processo!<\/p>\t\t\t\t\t\t\t\t<\/div>\n\t\t\t\t<\/div>\n\t\t\t\t\t<\/div>\n\t\t<\/div>\n\t\t\t\t\t<\/div>\n\t\t<\/section>\n\t\t\t\t<section class=\"elementor-section elementor-top-section elementor-element elementor-element-d7a5e31 elementor-section-boxed elementor-section-height-default elementor-section-height-default\" data-id=\"d7a5e31\" data-element_type=\"section\" data-e-type=\"section\">\n\t\t\t\t\t\t<div class=\"elementor-container elementor-column-gap-default\">\n\t\t\t\t\t<div class=\"elementor-column elementor-col-100 elementor-top-column elementor-element elementor-element-faa24e6\" data-id=\"faa24e6\" data-element_type=\"column\" data-e-type=\"column\">\n\t\t\t<div class=\"elementor-widget-wrap elementor-element-populated\">\n\t\t\t\t\t\t<div class=\"elementor-element elementor-element-ede8818 elementor-widget elementor-widget-image\" data-id=\"ede8818\" data-element_type=\"widget\" data-e-type=\"widget\" data-widget_type=\"image.default\">\n\t\t\t\t<div class=\"elementor-widget-container\">\n\t\t\t\t\t\t\t\t\t\t\t\t\t\t\t<img fetchpriority=\"high\" decoding=\"async\" width=\"4167\" height=\"2084\" src=\"https:\/\/boomer.pt\/raiodoblog\/wp-content\/uploads\/2022\/04\/BLOG_e_INSTA_diagnostico_marketing-29.png\" class=\"attachment-full size-full wp-image-7209\" alt=\"\" srcset=\"https:\/\/boomer.pt\/raiodoblog\/wp-content\/uploads\/2022\/04\/BLOG_e_INSTA_diagnostico_marketing-29.png 4167w, https:\/\/boomer.pt\/raiodoblog\/wp-content\/uploads\/2022\/04\/BLOG_e_INSTA_diagnostico_marketing-29-300x150.png 300w, https:\/\/boomer.pt\/raiodoblog\/wp-content\/uploads\/2022\/04\/BLOG_e_INSTA_diagnostico_marketing-29-1024x512.png 1024w, https:\/\/boomer.pt\/raiodoblog\/wp-content\/uploads\/2022\/04\/BLOG_e_INSTA_diagnostico_marketing-29-768x384.png 768w, https:\/\/boomer.pt\/raiodoblog\/wp-content\/uploads\/2022\/04\/BLOG_e_INSTA_diagnostico_marketing-29-1536x768.png 1536w, https:\/\/boomer.pt\/raiodoblog\/wp-content\/uploads\/2022\/04\/BLOG_e_INSTA_diagnostico_marketing-29-2048x1024.png 2048w, https:\/\/boomer.pt\/raiodoblog\/wp-content\/uploads\/2022\/04\/BLOG_e_INSTA_diagnostico_marketing-29-1568x784.png 1568w\" sizes=\"(max-width: 4167px) 100vw, 4167px\" \/>\t\t\t\t\t\t\t\t\t\t\t\t\t\t\t<\/div>\n\t\t\t\t<\/div>\n\t\t\t\t\t<\/div>\n\t\t<\/div>\n\t\t\t\t\t<\/div>\n\t\t<\/section>\n\t\t\t\t<section class=\"elementor-section elementor-top-section elementor-element elementor-element-aab1d65 elementor-section-boxed elementor-section-height-default elementor-section-height-default\" data-id=\"aab1d65\" data-element_type=\"section\" data-e-type=\"section\">\n\t\t\t\t\t\t<div class=\"elementor-container elementor-column-gap-default\">\n\t\t\t\t\t<div class=\"elementor-column elementor-col-100 elementor-top-column elementor-element elementor-element-a99cc0d\" data-id=\"a99cc0d\" data-element_type=\"column\" data-e-type=\"column\">\n\t\t\t<div class=\"elementor-widget-wrap elementor-element-populated\">\n\t\t\t\t\t\t<div class=\"elementor-element elementor-element-758ee0e elementor-widget elementor-widget-spacer\" data-id=\"758ee0e\" data-element_type=\"widget\" data-e-type=\"widget\" data-widget_type=\"spacer.default\">\n\t\t\t\t<div class=\"elementor-widget-container\">\n\t\t\t\t\t\t\t<div class=\"elementor-spacer\">\n\t\t\t<div class=\"elementor-spacer-inner\"><\/div>\n\t\t<\/div>\n\t\t\t\t\t\t<\/div>\n\t\t\t\t<\/div>\n\t\t\t\t<div class=\"elementor-element elementor-element-40fb213 elementor-widget elementor-widget-text-editor\" data-id=\"40fb213\" data-element_type=\"widget\" data-e-type=\"widget\" data-widget_type=\"text-editor.default\">\n\t\t\t\t<div class=\"elementor-widget-container\">\n\t\t\t\t\t\t\t\t\t<p>H\u00e1 2 anos, o Mundo parou. Milh\u00f5es de pessoas viram-se obrigadas a ficar em casa e outras tantas empresas viram-se impedidas de abrir portas aos seus clientes. Como vimos no artigo\u00a0<a href=\"http:\/\/boomer.pt\/pt\/o-raio-do-blog\/o-raio-do-blog\/item\/145-7-pecados-digitais-a-nao-cometer-durante-a-pandemia-de-covid-19\">\u201c7 Pecados Digitais a n\u00e3o cometer durante a Pandemia de Covid-19\u201d<\/a>, numa altura de incerteza \u00e0 escala global, muitas foram as empresas que procuraram no\u00a0<strong>Digital<\/strong>\u00a0a \u201csalva\u00e7\u00e3o\u201d para os seus neg\u00f3cios durante a Pandemia de Covid-19.\u00a0<strong>Em Portugal<\/strong>, o n\u00famero de registo de dom\u00ednios .pt\u00a0<strong>triplicou entre mar\u00e7o e agosto de 2020<\/strong>, segundo o Jornal Expresso, e verificou-se um\u00a0<strong>aumento de 10 vezes o n\u00famero de lojas online no 1\u00ba semestre de 2020<\/strong>, segundo as \u201cP\u00e1ginas Amarelas\u201d.<\/p><p>\u00a0<\/p><p>Muitas destas empresas n\u00e3o tinham qualquer presen\u00e7a online at\u00e9 \u00e0 data. Podemos at\u00e9 considerar que a Pandemia foi o \u201cempurr\u00e3o\u201d que muitas delas precisavam para \u201cdar o salto\u201d para o Digital, contudo, n\u00e3o basta estar presente, \u00e9 preciso ter uma\u00a0<strong>presen\u00e7a relevante e que seja aut\u00eantica<\/strong>\u00a0para que os objetivos da marca sejam cumpridos nestes canais. Estes objetivos podem ser as vendas; aumentar o tr\u00e1fego para o site ou, simplesmente, melhorar a presen\u00e7a da marca, como analis\u00e1mos no artigo\u00a0<a href=\"http:\/\/boomer.pt\/pt\/o-raio-do-blog\/o-raio-do-blog\/item\/177-a-importancia-das-redes-sociais-para-o-marketing\">\u201cA import\u00e2ncia das redes sociais para o Marketing\u201d<\/a><\/p><p>\u00a0<\/p><p>Neste sentido, importa avaliar a Sa\u00fade Digital da tua empresa, ou seja, fazer um diagn\u00f3stico da situa\u00e7\u00e3o atual da comunica\u00e7\u00e3o da marca nos canais digitais, identificando problemas e oportunidades. Esta avalia\u00e7\u00e3o deve ser feita com alguma frequ\u00eancia para que possa corrigir eventuais falhas \/ erros, evitando situa\u00e7\u00f5es de crise para a marca.<\/p><p>Apresentamos abaixo os\u00a0<strong>5 aspetos cr\u00edticos<\/strong>\u00a0que deves ter em considera\u00e7\u00e3o na avalia\u00e7\u00e3o do Marketing Digital da tua empresa:<\/p>\t\t\t\t\t\t\t\t<\/div>\n\t\t\t\t<\/div>\n\t\t\t\t\t<\/div>\n\t\t<\/div>\n\t\t\t\t\t<\/div>\n\t\t<\/section>\n\t\t\t\t<section class=\"elementor-section elementor-top-section elementor-element elementor-element-58ec865 elementor-section-boxed elementor-section-height-default elementor-section-height-default\" data-id=\"58ec865\" data-element_type=\"section\" data-e-type=\"section\">\n\t\t\t\t\t\t<div class=\"elementor-container elementor-column-gap-default\">\n\t\t\t\t\t<div class=\"elementor-column elementor-col-100 elementor-top-column elementor-element elementor-element-0ce35cc\" data-id=\"0ce35cc\" data-element_type=\"column\" data-e-type=\"column\">\n\t\t\t<div class=\"elementor-widget-wrap elementor-element-populated\">\n\t\t\t\t\t\t<div class=\"elementor-element elementor-element-ba8f0dd elementor-widget elementor-widget-spacer\" data-id=\"ba8f0dd\" data-element_type=\"widget\" data-e-type=\"widget\" data-widget_type=\"spacer.default\">\n\t\t\t\t<div class=\"elementor-widget-container\">\n\t\t\t\t\t\t\t<div class=\"elementor-spacer\">\n\t\t\t<div class=\"elementor-spacer-inner\"><\/div>\n\t\t<\/div>\n\t\t\t\t\t\t<\/div>\n\t\t\t\t<\/div>\n\t\t\t\t<div class=\"elementor-element elementor-element-03d8036 elementor-widget elementor-widget-heading\" data-id=\"03d8036\" data-element_type=\"widget\" data-e-type=\"widget\" data-widget_type=\"heading.default\">\n\t\t\t\t<div class=\"elementor-widget-container\">\n\t\t\t\t\t<h2 class=\"elementor-heading-title elementor-size-default\">1. A estrat\u00e9gia digital est\u00e1 alinhada com a estrat\u00e9gia da empresa?<\/h2>\t\t\t\t<\/div>\n\t\t\t\t<\/div>\n\t\t\t\t<div class=\"elementor-element elementor-element-3651611 elementor-widget-divider--view-line elementor-widget elementor-widget-divider\" data-id=\"3651611\" data-element_type=\"widget\" data-e-type=\"widget\" data-widget_type=\"divider.default\">\n\t\t\t\t<div class=\"elementor-widget-container\">\n\t\t\t\t\t\t\t<div class=\"elementor-divider\">\n\t\t\t<span class=\"elementor-divider-separator\">\n\t\t\t\t\t\t<\/span>\n\t\t<\/div>\n\t\t\t\t\t\t<\/div>\n\t\t\t\t<\/div>\n\t\t\t\t<div class=\"elementor-element elementor-element-c35341e elementor-widget elementor-widget-text-editor\" data-id=\"c35341e\" data-element_type=\"widget\" data-e-type=\"widget\" data-widget_type=\"text-editor.default\">\n\t\t\t\t<div class=\"elementor-widget-container\">\n\t\t\t\t\t\t\t\t\t<p>A estrat\u00e9gia da empresa deve ir al\u00e9m do objetivo \u201cvendas\u201d e a comunica\u00e7\u00e3o \u00e9 o segredo do neg\u00f3cio. \u00c9 atrav\u00e9s da comunica\u00e7\u00e3o que a marca se diferencia da concorr\u00eancia, que apresenta os seus servi\u00e7os \/ produtos, que angaria e assegura a fideliza\u00e7\u00e3o dos clientes.\u00a0<strong>A imagem e reputa\u00e7\u00e3o da empresa<\/strong>\u00a0ser\u00e3o sempre o reflexo da sua comunica\u00e7\u00e3o externa e, n\u00e3o menos importante, da tua comunica\u00e7\u00e3o interna.<\/p><p>\u00a0<\/p><p>Para que todos os canais trabalhem para assegurar o sucesso da marca no mercado, \u00e9 fundamental ter um Funil de Vendas bem definido e perceber quais as etapas da jornada do consumidor em que cada um deles ir\u00e1 impact\u00e1-lo e de que forma.<\/p><p>\u00a0<\/p><p>Para isso, recomendamos uma an\u00e1lise cuidada da estrat\u00e9gia de comunica\u00e7\u00e3o atual, respondendo \u00e0s seguintes quest\u00f5es:<\/p><p>\u00a0<\/p><p>\u00a0<\/p><p>1. A estrat\u00e9gia de marketing digital est\u00e1\u00a0<strong>bem definida e alinhada<\/strong>\u00a0com o\u00a0<strong>posicionamento da marca<\/strong>\u00a0?<\/p><p>2. Qual o\u00a0<strong>hist\u00f3rico da comunica\u00e7\u00e3o digital<\/strong>\u00a0da marca (o que fazem e o que j\u00e1 fizeram)?<\/p><p>3. Quais as a\u00e7\u00f5es que est\u00e3o a ser implementadas e a taxa de sucesso de cada uma delas?<\/p><p>4. Quais os\u00a0<strong>resultados obtidos<\/strong>?<\/p><p>5. Quais os\u00a0<strong>canais que mais contribu\u00edram<\/strong>\u00a0para os resultados positivos?<\/p><p>6. Qual o\u00a0<strong>p\u00fablico-alvo atual e desejado<\/strong>?<\/p><p>7. Existe uma\u00a0<strong>Base de Dados de clientes \/ potenciais clientes<\/strong>\u00a0e como est\u00e1 a ser trabalhada?<\/p><p>8. Existem automatismos que ajudam a reduzir o tempo investido em processos manuais?<\/p><p>9. Que\u00a0<strong>canais digitais<\/strong>\u00a0est\u00e3o a ser trabalhados (Website, Redes Sociais, Email Marketing, etc.)?<\/p>\t\t\t\t\t\t\t\t<\/div>\n\t\t\t\t<\/div>\n\t\t\t\t\t<\/div>\n\t\t<\/div>\n\t\t\t\t\t<\/div>\n\t\t<\/section>\n\t\t\t\t<section class=\"elementor-section elementor-top-section elementor-element elementor-element-d0be7bf elementor-section-boxed elementor-section-height-default elementor-section-height-default\" data-id=\"d0be7bf\" data-element_type=\"section\" data-e-type=\"section\">\n\t\t\t\t\t\t<div class=\"elementor-container elementor-column-gap-default\">\n\t\t\t\t\t<div class=\"elementor-column elementor-col-100 elementor-top-column elementor-element elementor-element-df756b1\" data-id=\"df756b1\" data-element_type=\"column\" data-e-type=\"column\">\n\t\t\t<div class=\"elementor-widget-wrap elementor-element-populated\">\n\t\t\t\t\t\t<div class=\"elementor-element elementor-element-43cb0a9 elementor-widget elementor-widget-spacer\" data-id=\"43cb0a9\" data-element_type=\"widget\" data-e-type=\"widget\" data-widget_type=\"spacer.default\">\n\t\t\t\t<div class=\"elementor-widget-container\">\n\t\t\t\t\t\t\t<div class=\"elementor-spacer\">\n\t\t\t<div class=\"elementor-spacer-inner\"><\/div>\n\t\t<\/div>\n\t\t\t\t\t\t<\/div>\n\t\t\t\t<\/div>\n\t\t\t\t<div class=\"elementor-element elementor-element-a7354a7 elementor-widget elementor-widget-heading\" data-id=\"a7354a7\" data-element_type=\"widget\" data-e-type=\"widget\" data-widget_type=\"heading.default\">\n\t\t\t\t<div class=\"elementor-widget-container\">\n\t\t\t\t\t<h2 class=\"elementor-heading-title elementor-size-default\">2. O website responde \u00e0s necessidades de comunica\u00e7\u00e3o da marca?<\/h2>\t\t\t\t<\/div>\n\t\t\t\t<\/div>\n\t\t\t\t<div class=\"elementor-element elementor-element-2a1c0d9 elementor-widget-divider--view-line elementor-widget elementor-widget-divider\" data-id=\"2a1c0d9\" data-element_type=\"widget\" data-e-type=\"widget\" data-widget_type=\"divider.default\">\n\t\t\t\t<div class=\"elementor-widget-container\">\n\t\t\t\t\t\t\t<div class=\"elementor-divider\">\n\t\t\t<span class=\"elementor-divider-separator\">\n\t\t\t\t\t\t<\/span>\n\t\t<\/div>\n\t\t\t\t\t\t<\/div>\n\t\t\t\t<\/div>\n\t\t\t\t<div class=\"elementor-element elementor-element-3aeac76 elementor-widget elementor-widget-text-editor\" data-id=\"3aeac76\" data-element_type=\"widget\" data-e-type=\"widget\" data-widget_type=\"text-editor.default\">\n\t\t\t\t<div class=\"elementor-widget-container\">\n\t\t\t\t\t\t\t\t\t<p>Numa estrat\u00e9gia de comunica\u00e7\u00e3o, o website \u00e9 uma pe\u00e7a chave, pois \u00e9 a partir \/ atrav\u00e9s dele que a maior parte das intera\u00e7\u00f5es com os clientes \/ potenciais clientes acontecem. Seja uma loja online, seja um website institucional ou at\u00e9 mesmo uma\u00a0<em>Landing Page,\u00a0<\/em>o importante \u00e9 que seja capaz de comunicar a proposta de valor da marca assim que abrimos a p\u00e1gina, os benef\u00edcios da marca \/ neg\u00f3cio e o que os fatores de diferencia\u00e7\u00e3o.<\/p><p>\u00a0<\/p><p>Para que o website funcione como embaixador da marca e gere vendas, direta ou indiretamente, \u00e9 importante que responda \u00e0s seguintes quest\u00f5es:<\/p><p>\u00a0<\/p><p>1. O website \u00e9\u00a0<strong>responsivo e apelativo<\/strong>\u00a0do ponto de vista gr\u00e1fico?<\/p><p>2. Qual a experi\u00eancia do utilizador no site (navega\u00e7\u00e3o, velocidade de carregamento, etc.)<\/p><p>3. Os\u00a0<strong>conte\u00fados<\/strong>\u00a0est\u00e3o atualizados e s\u00e3o de qualidade?<\/p><p>4. Existe um blog que ajude a trabalhar\u00a0<strong>SEO<\/strong>?<\/p><p>5. Os contactos da empresa est\u00e3o no site e est\u00e3o bem vis\u00edveis?<\/p><p>6. Existem bot\u00f5es\u00a0<strong>\u201ccall-to-action\u201d<\/strong>\u00a0bem destacados?<\/p><p>7. Os links para as redes sociais est\u00e3o vis\u00edveis?<\/p><p>8. Os\u00a0<strong>certificados de seguran\u00e7a (SSL)<\/strong>\u00a0est\u00e3o instalados e atualizados?<\/p><p>9. O\u00a0<strong>Google Tag Manager<\/strong>\u00a0est\u00e1 instalado e configurado com as tags mais estrat\u00e9gicas?<\/p><p>10. Existem ferramentas de an\u00e1lise dos dados de tr\u00e1fego e convers\u00e3o, de forma a monitorizar as principais m\u00e9tricas?<\/p>\t\t\t\t\t\t\t\t<\/div>\n\t\t\t\t<\/div>\n\t\t\t\t\t<\/div>\n\t\t<\/div>\n\t\t\t\t\t<\/div>\n\t\t<\/section>\n\t\t\t\t<section class=\"elementor-section elementor-top-section elementor-element elementor-element-b340698 elementor-section-boxed elementor-section-height-default elementor-section-height-default\" data-id=\"b340698\" data-element_type=\"section\" data-e-type=\"section\">\n\t\t\t\t\t\t<div class=\"elementor-container elementor-column-gap-default\">\n\t\t\t\t\t<div class=\"elementor-column elementor-col-100 elementor-top-column elementor-element elementor-element-fe284c0\" data-id=\"fe284c0\" data-element_type=\"column\" data-e-type=\"column\">\n\t\t\t<div class=\"elementor-widget-wrap elementor-element-populated\">\n\t\t\t\t\t\t<div class=\"elementor-element elementor-element-8b12058 elementor-widget elementor-widget-spacer\" data-id=\"8b12058\" data-element_type=\"widget\" data-e-type=\"widget\" data-widget_type=\"spacer.default\">\n\t\t\t\t<div class=\"elementor-widget-container\">\n\t\t\t\t\t\t\t<div class=\"elementor-spacer\">\n\t\t\t<div class=\"elementor-spacer-inner\"><\/div>\n\t\t<\/div>\n\t\t\t\t\t\t<\/div>\n\t\t\t\t<\/div>\n\t\t\t\t<div class=\"elementor-element elementor-element-9709e1c elementor-widget elementor-widget-heading\" data-id=\"9709e1c\" data-element_type=\"widget\" data-e-type=\"widget\" data-widget_type=\"heading.default\">\n\t\t\t\t<div class=\"elementor-widget-container\">\n\t\t\t\t\t<h2 class=\"elementor-heading-title elementor-size-default\">3. Os conte\u00fados partilhados nos canais existentes est\u00e3o a contribuir para a otimiza\u00e7\u00e3o dos motores de busca \/ SEO (Search Engine Optimization)?<\/h2>\t\t\t\t<\/div>\n\t\t\t\t<\/div>\n\t\t\t\t<div class=\"elementor-element elementor-element-1c495a0 elementor-widget-divider--view-line elementor-widget elementor-widget-divider\" data-id=\"1c495a0\" data-element_type=\"widget\" data-e-type=\"widget\" data-widget_type=\"divider.default\">\n\t\t\t\t<div class=\"elementor-widget-container\">\n\t\t\t\t\t\t\t<div class=\"elementor-divider\">\n\t\t\t<span class=\"elementor-divider-separator\">\n\t\t\t\t\t\t<\/span>\n\t\t<\/div>\n\t\t\t\t\t\t<\/div>\n\t\t\t\t<\/div>\n\t\t\t\t<div class=\"elementor-element elementor-element-20ce2f5 elementor-widget elementor-widget-text-editor\" data-id=\"20ce2f5\" data-element_type=\"widget\" data-e-type=\"widget\" data-widget_type=\"text-editor.default\">\n\t\t\t\t<div class=\"elementor-widget-container\">\n\t\t\t\t\t\t\t\t\t<p>Se trabalhas em\u00a0<strong>Marketing<\/strong>, provavelmente, j\u00e1 est\u00e1s farto de ouvir a famosa frase \u201co conte\u00fado \u00e9 Rei\u201d. Numa altura em que somos impactados com milhares de conte\u00fados diariamente, online e offline (e tendo em considera\u00e7\u00e3o que a nossa capacidade de aten\u00e7\u00e3o atualmente \u00e9 de 8 segundos, abaixo dos 9 segundos de um peixe dourado, segundo um estudo da\u00a0<strong>Microsoft<\/strong>) o que vamos reter no imenso oceano de mensagens \u00e9, nada mais, nada menos, do que aquilo que for relevante para n\u00f3s!<\/p><p>\u00a0<\/p><p>A exist\u00eancia de um Blog, atualizado e com conte\u00fados relevantes, revela-se estrat\u00e9gica para a capta\u00e7\u00e3o de novos clientes, mas tamb\u00e9m para a fideliza\u00e7\u00e3o dos atuais, com temas que sejam do seu interesse. Se ainda n\u00e3o tens um Blog, recomendamos que penses seriamente em criar um!<\/p><p>Neste sentido, \u00e9 importante conseguir criar conte\u00fados que ajudem a posicionar o site nos motores de busca, com as palavras-chave estrat\u00e9gicas para o neg\u00f3cio, atrav\u00e9s de um trabalho constante na otimiza\u00e7\u00e3o e pesquisa das tend\u00eancias de pesquisa, da concorr\u00eancia, etc.<\/p><p>\u00a0<\/p><p>No fundo, aquilo que precisas \u00e9 de p\u00f4r em pr\u00e1tica as\u00a0<a href=\"http:\/\/boomer.pt\/pt\/o-raio-do-blog\/o-raio-do-blog\/item\/125-10-dicas-valiosas-de-seo\">\u201c10 Dicas valiosas de SEO\u201d<\/a>\u00a0 que partilh\u00e1mos n\u2019O Raio do Blog.<\/p>\t\t\t\t\t\t\t\t<\/div>\n\t\t\t\t<\/div>\n\t\t\t\t\t<\/div>\n\t\t<\/div>\n\t\t\t\t\t<\/div>\n\t\t<\/section>\n\t\t\t\t<section class=\"elementor-section elementor-top-section elementor-element elementor-element-bc7f85e elementor-section-boxed elementor-section-height-default elementor-section-height-default\" data-id=\"bc7f85e\" data-element_type=\"section\" data-e-type=\"section\">\n\t\t\t\t\t\t<div class=\"elementor-container elementor-column-gap-default\">\n\t\t\t\t\t<div class=\"elementor-column elementor-col-100 elementor-top-column elementor-element elementor-element-512aab0\" data-id=\"512aab0\" data-element_type=\"column\" data-e-type=\"column\">\n\t\t\t<div class=\"elementor-widget-wrap elementor-element-populated\">\n\t\t\t\t\t\t<div class=\"elementor-element elementor-element-cccfd04 elementor-widget elementor-widget-spacer\" data-id=\"cccfd04\" data-element_type=\"widget\" data-e-type=\"widget\" data-widget_type=\"spacer.default\">\n\t\t\t\t<div class=\"elementor-widget-container\">\n\t\t\t\t\t\t\t<div class=\"elementor-spacer\">\n\t\t\t<div class=\"elementor-spacer-inner\"><\/div>\n\t\t<\/div>\n\t\t\t\t\t\t<\/div>\n\t\t\t\t<\/div>\n\t\t\t\t<div class=\"elementor-element elementor-element-7902e9c elementor-widget elementor-widget-heading\" data-id=\"7902e9c\" data-element_type=\"widget\" data-e-type=\"widget\" data-widget_type=\"heading.default\">\n\t\t\t\t<div class=\"elementor-widget-container\">\n\t\t\t\t\t<h2 class=\"elementor-heading-title elementor-size-default\">4. As Redes Sociais s\u00e3o eficazes e est\u00e3o a alcan\u00e7ar as personas digitais?<\/h2>\t\t\t\t<\/div>\n\t\t\t\t<\/div>\n\t\t\t\t<div class=\"elementor-element elementor-element-fcb8769 elementor-widget-divider--view-line elementor-widget elementor-widget-divider\" data-id=\"fcb8769\" data-element_type=\"widget\" data-e-type=\"widget\" data-widget_type=\"divider.default\">\n\t\t\t\t<div class=\"elementor-widget-container\">\n\t\t\t\t\t\t\t<div class=\"elementor-divider\">\n\t\t\t<span class=\"elementor-divider-separator\">\n\t\t\t\t\t\t<\/span>\n\t\t<\/div>\n\t\t\t\t\t\t<\/div>\n\t\t\t\t<\/div>\n\t\t\t\t<div class=\"elementor-element elementor-element-ce68349 elementor-widget elementor-widget-text-editor\" data-id=\"ce68349\" data-element_type=\"widget\" data-e-type=\"widget\" data-widget_type=\"text-editor.default\">\n\t\t\t\t<div class=\"elementor-widget-container\">\n\t\t\t\t\t\t\t\t\t<p>Como vimos no artigo\u00a0<a href=\"http:\/\/boomer.pt\/pt\/o-raio-do-blog\/o-raio-do-blog\/item\/185-social-commerce-o-que-e-e-como-te-pode-ajudar-a-vender-mais\">\u201cSocial Commerce \u2013 o que \u00e9 e como te pode ajudar a vender mais?\u201d<\/a>, em todo o mundo, as pessoas passam em m\u00e9dia duas horas e vinte e sete minutos por dias nas Redes Sociais,\u00a0segundo o\u00a0<strong><em>Hootsuite<\/em><\/strong>, e de acordo com a pesquisa feita pela\u00a0<strong><em>The Influencer Marketing Factory<\/em><\/strong>,\u00a0<strong>82% dos entrevistados afirma ter descoberto novos produtos nas Redes Sociais e que o compraram atrav\u00e9s dos seus\u00a0smartphones<\/strong>.\u00a0O estudo revela ainda que\u00a0<strong>97% dos consumidores da Gera\u00e7\u00e3o Z utilizam as Redes Sociais como a sua principal fonte de inspira\u00e7\u00e3o<\/strong>\u00a0no que diz respeito a compras.<\/p><p>\u00a0<\/p><p>Se estes n\u00fameros n\u00e3o s\u00e3o suficientes para te convencer a investir na gest\u00e3o profissional das tuas redes sociais, ent\u00e3o, a comunica\u00e7\u00e3o da tua empresa precisa\u00a0<strong>U-R-G-E-N-T-E-M-E-N-T-E<\/strong>\u00a0de ajuda!<\/p><p>As redes sociais d\u00e3o trabalho, muito trabalho! Engane-se quem acha que pode gerir uma p\u00e1gina nos \u201ctempos livres\u201d, porque os resultados disso ser\u00e3o, no m\u00ednimo, desastrosos para a marca.<\/p><p>Mais do que estar presente em todas as redes sociais porque \u201cest\u00e3o na moda\u201d, importa compreender quais as que s\u00e3o estrat\u00e9gicas para o teu neg\u00f3cio. N\u00e3o precisas de estar em todas, precisas de estar naquelas onde est\u00e1 o teu p\u00fablico-alvo!<\/p><p>\u00a0<\/p><p>Para realizar um diagn\u00f3stico da tua presen\u00e7a nas redes sociais, importa analisar:<\/p><p>\u00a0<\/p><p>1. Quais as redes sociais em que a tua marca est\u00e1 presente e qual a import\u00e2ncia de cada uma delas para o neg\u00f3cio?<\/p><p>2. Existe um compromisso com estes canais, ou seja, qual a frequ\u00eancia e relev\u00e2ncia das publica\u00e7\u00f5es para os teus seguidores?<\/p><p>3. A\u00a0<strong>gest\u00e3o das redes sociais<\/strong>\u00a0\u00e9 feita de forma profissional, com investimento em boas imagens e v\u00eddeos que ajudem a \u201cvender\u201d a marca e a fidelizar os seguidores \u00e0 p\u00e1gina?<\/p><p>4. Existe uma estrat\u00e9gia bem definida e alinhada com os\u00a0<strong>objetivos de comunica\u00e7\u00e3o<\/strong>, em espec\u00edfico, e do neg\u00f3cio, em geral?<\/p><p>5. H\u00e1 um i<strong>nvestimento em publicidade paga<\/strong>\u00a0que ajude a minimizar os cada vez mais fracos resultados do alcance org\u00e2nico para as p\u00e1ginas?<\/p><p>6. H\u00e1 uma monitoriza\u00e7\u00e3o dos resultados obtidos em cada canal (<strong>an\u00e1lise dos KPI e m\u00e9tricas<\/strong>)?<\/p>\t\t\t\t\t\t\t\t<\/div>\n\t\t\t\t<\/div>\n\t\t\t\t\t<\/div>\n\t\t<\/div>\n\t\t\t\t\t<\/div>\n\t\t<\/section>\n\t\t\t\t<section class=\"elementor-section elementor-top-section elementor-element elementor-element-52dd71e elementor-section-boxed elementor-section-height-default elementor-section-height-default\" data-id=\"52dd71e\" data-element_type=\"section\" data-e-type=\"section\">\n\t\t\t\t\t\t<div class=\"elementor-container elementor-column-gap-default\">\n\t\t\t\t\t<div class=\"elementor-column elementor-col-100 elementor-top-column elementor-element elementor-element-b610691\" data-id=\"b610691\" data-element_type=\"column\" data-e-type=\"column\">\n\t\t\t<div class=\"elementor-widget-wrap elementor-element-populated\">\n\t\t\t\t\t\t<div class=\"elementor-element elementor-element-b9531ab elementor-widget elementor-widget-spacer\" data-id=\"b9531ab\" data-element_type=\"widget\" data-e-type=\"widget\" data-widget_type=\"spacer.default\">\n\t\t\t\t<div class=\"elementor-widget-container\">\n\t\t\t\t\t\t\t<div class=\"elementor-spacer\">\n\t\t\t<div class=\"elementor-spacer-inner\"><\/div>\n\t\t<\/div>\n\t\t\t\t\t\t<\/div>\n\t\t\t\t<\/div>\n\t\t\t\t<div class=\"elementor-element elementor-element-84855f1 elementor-widget elementor-widget-heading\" data-id=\"84855f1\" data-element_type=\"widget\" data-e-type=\"widget\" data-widget_type=\"heading.default\">\n\t\t\t\t<div class=\"elementor-widget-container\">\n\t\t\t\t\t<h2 class=\"elementor-heading-title elementor-size-default\">5. A publicidade online est\u00e1 a converter e a gerar vendas?<\/h2>\t\t\t\t<\/div>\n\t\t\t\t<\/div>\n\t\t\t\t<div class=\"elementor-element elementor-element-31abf21 elementor-widget-divider--view-line elementor-widget elementor-widget-divider\" data-id=\"31abf21\" data-element_type=\"widget\" data-e-type=\"widget\" data-widget_type=\"divider.default\">\n\t\t\t\t<div class=\"elementor-widget-container\">\n\t\t\t\t\t\t\t<div class=\"elementor-divider\">\n\t\t\t<span class=\"elementor-divider-separator\">\n\t\t\t\t\t\t<\/span>\n\t\t<\/div>\n\t\t\t\t\t\t<\/div>\n\t\t\t\t<\/div>\n\t\t\t\t<div class=\"elementor-element elementor-element-f4d86e8 elementor-widget elementor-widget-text-editor\" data-id=\"f4d86e8\" data-element_type=\"widget\" data-e-type=\"widget\" data-widget_type=\"text-editor.default\">\n\t\t\t\t<div class=\"elementor-widget-container\">\n\t\t\t\t\t\t\t\t\t<p>Como referimos no ponto anterior, o alcance org\u00e2nico das p\u00e1ginas tem vindo a descer abruptamente, tendo atingido no passado m\u00eas de mar\u00e7o, a\u00a0<strong>taxa mais baixa do \u00faltimo ano no Facebook (2,5%)<\/strong>\u00a0e um dos mais baixos comparativamente ao ano passado no\u00a0<strong>Instagram (7,89%)<\/strong>, segundo dados da\u00a0<em><strong>Social Status<\/strong><\/em>, divulgados este m\u00eas.<\/p><p>\u00a0<\/p><p>Para este facto muito tem contribu\u00eddo o crescente investimento dos gigantes Google e Meta (detentora do Facebook e Instagram) nas plataformas como canais de venda, \u201cobrigando\u201d os anunciantes a apostar cada vez mais em conte\u00fados patrocinados para conseguirem dar visibilidade \u00e0s suas p\u00e1ginas.<\/p><p>\u00a0<\/p><p>Uma boa defini\u00e7\u00e3o das plataformas onde vamos anunciar os nossos servi\u00e7os \/ produtos \u00e9 fundamental para conseguirmos converter cliques em leads e, assim, gerar vendas.<\/p>\t\t\t\t\t\t\t\t<\/div>\n\t\t\t\t<\/div>\n\t\t\t\t\t<\/div>\n\t\t<\/div>\n\t\t\t\t\t<\/div>\n\t\t<\/section>\n\t\t\t\t<section class=\"elementor-section elementor-top-section elementor-element elementor-element-5d9f5a8 elementor-section-boxed elementor-section-height-default elementor-section-height-default\" data-id=\"5d9f5a8\" data-element_type=\"section\" data-e-type=\"section\">\n\t\t\t\t\t\t<div class=\"elementor-container elementor-column-gap-default\">\n\t\t\t\t\t<div class=\"elementor-column elementor-col-100 elementor-top-column elementor-element elementor-element-251b259\" data-id=\"251b259\" data-element_type=\"column\" data-e-type=\"column\">\n\t\t\t<div class=\"elementor-widget-wrap elementor-element-populated\">\n\t\t\t\t\t\t<div class=\"elementor-element elementor-element-134c34d elementor-widget elementor-widget-spacer\" data-id=\"134c34d\" data-element_type=\"widget\" data-e-type=\"widget\" data-widget_type=\"spacer.default\">\n\t\t\t\t<div class=\"elementor-widget-container\">\n\t\t\t\t\t\t\t<div class=\"elementor-spacer\">\n\t\t\t<div class=\"elementor-spacer-inner\"><\/div>\n\t\t<\/div>\n\t\t\t\t\t\t<\/div>\n\t\t\t\t<\/div>\n\t\t\t\t<div class=\"elementor-element elementor-element-a0ae372 elementor-widget elementor-widget-text-editor\" data-id=\"a0ae372\" data-element_type=\"widget\" data-e-type=\"widget\" data-widget_type=\"text-editor.default\">\n\t\t\t\t<div class=\"elementor-widget-container\">\n\t\t\t\t\t\t\t\t\t<p>Este\u00a0<strong>conte\u00fado foi \u00fatil\u00a0<\/strong>para ti?\u00a0<strong>Contacta-nos<\/strong>\u00a0se precisares de ajuda!<\/p>\t\t\t\t\t\t\t\t<\/div>\n\t\t\t\t<\/div>\n\t\t\t\t\t<\/div>\n\t\t<\/div>\n\t\t\t\t\t<\/div>\n\t\t<\/section>\n\t\t\t\t<section class=\"elementor-section elementor-top-section elementor-element elementor-element-249bb37 elementor-section-boxed elementor-section-height-default elementor-section-height-default\" data-id=\"249bb37\" data-element_type=\"section\" data-e-type=\"section\">\n\t\t\t\t\t\t<div class=\"elementor-container elementor-column-gap-default\">\n\t\t\t\t\t<div class=\"elementor-column elementor-col-100 elementor-top-column elementor-element elementor-element-78b0159\" data-id=\"78b0159\" data-element_type=\"column\" data-e-type=\"column\">\n\t\t\t<div class=\"elementor-widget-wrap elementor-element-populated\">\n\t\t\t\t\t\t<div class=\"elementor-element elementor-element-8dac2da elementor-widget elementor-widget-template\" data-id=\"8dac2da\" data-element_type=\"widget\" data-e-type=\"widget\" data-widget_type=\"template.default\">\n\t\t\t\t<div class=\"elementor-widget-container\">\n\t\t\t\t\t\t\t<div class=\"elementor-template\">\n\t\t\t\t\t<div data-elementor-type=\"section\" data-elementor-id=\"17459\" class=\"elementor elementor-17459\" data-elementor-post-type=\"elementor_library\">\n\t\t\t\t\t<section class=\"elementor-section elementor-top-section elementor-element elementor-element-a19dc2b elementor-section-full_width elementor-section-stretched elementor-section-height-default elementor-section-height-default\" data-id=\"a19dc2b\" data-element_type=\"section\" data-e-type=\"section\" data-settings=\"{&quot;background_background&quot;:&quot;classic&quot;,&quot;stretch_section&quot;:&quot;section-stretched&quot;}\">\n\t\t\t\t\t\t<div class=\"elementor-container elementor-column-gap-default\">\n\t\t\t\t\t<div class=\"elementor-column elementor-col-100 elementor-top-column elementor-element elementor-element-6fc81c1\" data-id=\"6fc81c1\" data-element_type=\"column\" data-e-type=\"column\">\n\t\t\t<div class=\"elementor-widget-wrap elementor-element-populated\">\n\t\t\t\t\t\t<div class=\"elementor-element elementor-element-29625fc elementor-widget elementor-widget-heading\" data-id=\"29625fc\" data-element_type=\"widget\" data-e-type=\"widget\" data-widget_type=\"heading.default\">\n\t\t\t\t<div class=\"elementor-widget-container\">\n\t\t\t\t\t<h4 class=\"elementor-heading-title elementor-size-default\">V\u00ea mais artigos deste Autor<\/h4>\t\t\t\t<\/div>\n\t\t\t\t<\/div>\n\t\t\t\t\t<\/div>\n\t\t<\/div>\n\t\t\t\t\t<\/div>\n\t\t<\/section>\n\t\t\t\t<section class=\"elementor-section elementor-top-section elementor-element elementor-element-e0f60f1 elementor-section-full_width elementor-section-stretched elementor-section-height-default elementor-section-height-default\" data-id=\"e0f60f1\" data-element_type=\"section\" data-e-type=\"section\" data-settings=\"{&quot;background_background&quot;:&quot;gradient&quot;,&quot;stretch_section&quot;:&quot;section-stretched&quot;}\">\n\t\t\t\t\t\t<div class=\"elementor-container elementor-column-gap-extended\">\n\t\t\t\t\t<div class=\"elementor-column elementor-col-100 elementor-top-column elementor-element elementor-element-f312511\" data-id=\"f312511\" data-element_type=\"column\" data-e-type=\"column\">\n\t\t\t<div class=\"elementor-widget-wrap elementor-element-populated\">\n\t\t\t\t\t\t<section class=\"elementor-section elementor-inner-section elementor-element elementor-element-347d879 elementor-section-boxed elementor-section-height-default elementor-section-height-default\" data-id=\"347d879\" data-element_type=\"section\" data-e-type=\"section\">\n\t\t\t\t\t\t<div class=\"elementor-container elementor-column-gap-default\">\n\t\t\t\t\t<div class=\"elementor-column elementor-col-50 elementor-inner-column elementor-element elementor-element-7489df5\" data-id=\"7489df5\" data-element_type=\"column\" data-e-type=\"column\">\n\t\t\t<div class=\"elementor-widget-wrap elementor-element-populated\">\n\t\t\t\t\t\t<div class=\"elementor-element elementor-element-0bfe494 elementor-widget elementor-widget-premium-addon-person\" data-id=\"0bfe494\" data-element_type=\"widget\" data-e-type=\"widget\" data-settings=\"{&quot;persons_per_row&quot;:&quot;100%&quot;,&quot;persons_per_row_tablet&quot;:&quot;100%&quot;,&quot;persons_per_row_mobile&quot;:&quot;100%&quot;}\" data-widget_type=\"premium-addon-person.default\">\n\t\t\t\t<div class=\"elementor-widget-container\">\n\t\t\t\t\t\t\t<div class=\"premium-persons-container premium-person-style1 multiple-persons\" data-persons-equal=\"\">\n\t\t\t\t\t\t\t\t<div class=\"premium-person-container premium-person-none-effect\">\n\t\t\t\t\t\t<div class=\"premium-person-image-container\">\n\t\t\t\t\t\t<img decoding=\"async\" width=\"500\" height=\"700\" data-src=\"https:\/\/boomer.pt\/raiodoblog\/wp-content\/uploads\/2023\/11\/fotos_equipa_0000_SL1_5122.jpg\" class=\"attachment-full size-full wp-image-19974 lazyload\" alt=\"\" data-srcset=\"https:\/\/boomer.pt\/raiodoblog\/wp-content\/uploads\/2023\/11\/fotos_equipa_0000_SL1_5122.jpg 500w, https:\/\/boomer.pt\/raiodoblog\/wp-content\/uploads\/2023\/11\/fotos_equipa_0000_SL1_5122-214x300.jpg 214w\" data-sizes=\"(max-width: 500px) 100vw, 500px\" src=\"data:image\/gif;base64,R0lGODlhAQABAAAAACH5BAEKAAEALAAAAAABAAEAAAICTAEAOw==\" style=\"--smush-placeholder-width: 500px; --smush-placeholder-aspect-ratio: 500\/700;\" \/>\t\t\t\t\t\t\t\t\t\t\t\t\t<\/div>\n\t\t\t\t\t\t<div class=\"premium-person-info\">\n\t\t\t\t\t\t\t\t\t\t<div class=\"premium-person-info-container\">\n\t\t\t\t\t\t\t\t\t<h3 class=\"premium-person-name\">Marisa Coutinho<\/h3>\n\t\t\t\t\t\t\t\t\t\t\t<h5 class=\"premium-person-title\">\n\t\t\t\t\t\t\t<span>CEO<\/span>\n\t\t\t\t\t\t<\/h5>\n\t\t\t\t\t\t\t\t<\/div>\n\t\t\t\t\t\t\t\t\t<\/div>\n\t\t\t\t\t<\/div>\n\t\t\t\t\t\t\t<\/div>\n\t\t\t\t\t\t<\/div>\n\t\t\t\t<\/div>\n\t\t\t\t\t<\/div>\n\t\t<\/div>\n\t\t\t\t<div class=\"elementor-column elementor-col-50 elementor-inner-column elementor-element elementor-element-e032613\" data-id=\"e032613\" data-element_type=\"column\" data-e-type=\"column\">\n\t\t\t<div class=\"elementor-widget-wrap elementor-element-populated\">\n\t\t\t\t\t\t<div class=\"elementor-element elementor-element-25002f8 elementor-grid-3 elementor-grid-tablet-2 elementor-grid-mobile-1 elementor-posts--thumbnail-top elementor-card-shadow-yes elementor-posts__hover-gradient elementor-widget elementor-widget-posts\" data-id=\"25002f8\" data-element_type=\"widget\" data-e-type=\"widget\" data-settings=\"{&quot;cards_columns&quot;:&quot;3&quot;,&quot;cards_columns_tablet&quot;:&quot;2&quot;,&quot;cards_columns_mobile&quot;:&quot;1&quot;,&quot;cards_row_gap&quot;:{&quot;unit&quot;:&quot;px&quot;,&quot;size&quot;:35,&quot;sizes&quot;:[]},&quot;cards_row_gap_tablet&quot;:{&quot;unit&quot;:&quot;px&quot;,&quot;size&quot;:&quot;&quot;,&quot;sizes&quot;:[]},&quot;cards_row_gap_mobile&quot;:{&quot;unit&quot;:&quot;px&quot;,&quot;size&quot;:&quot;&quot;,&quot;sizes&quot;:[]}}\" data-widget_type=\"posts.cards\">\n\t\t\t\t<div class=\"elementor-widget-container\">\n\t\t\t\t\t\t\t<div class=\"elementor-posts-container elementor-posts elementor-posts--skin-cards elementor-grid\" role=\"list\">\n\t\t\t\t<article class=\"elementor-post elementor-grid-item post-25950 post type-post status-publish format-standard has-post-thumbnail hentry category-comunicacao category-criatividade category-marketing category-redes-sociais tag-ai tag-marketing\" role=\"listitem\">\n\t\t\t<div class=\"elementor-post__card\">\n\t\t\t\t<a class=\"elementor-post__thumbnail__link\" href=\"https:\/\/boomer.pt\/raiodoblog\/os-7-pecados-mortais-do-marketing-nas-pme\/\" tabindex=\"-1\" target=\"_blank\"><div class=\"elementor-post__thumbnail\"><img decoding=\"async\" width=\"2001\" height=\"1001\" data-src=\"https:\/\/boomer.pt\/raiodoblog\/wp-content\/uploads\/2026\/02\/bannerBlog-1.png\" class=\"attachment-full size-full wp-image-25975 lazyload\" alt=\"\" data-srcset=\"https:\/\/boomer.pt\/raiodoblog\/wp-content\/uploads\/2026\/02\/bannerBlog-1.png 2001w, https:\/\/boomer.pt\/raiodoblog\/wp-content\/uploads\/2026\/02\/bannerBlog-1-300x150.png 300w, https:\/\/boomer.pt\/raiodoblog\/wp-content\/uploads\/2026\/02\/bannerBlog-1-1024x512.png 1024w, https:\/\/boomer.pt\/raiodoblog\/wp-content\/uploads\/2026\/02\/bannerBlog-1-768x384.png 768w, https:\/\/boomer.pt\/raiodoblog\/wp-content\/uploads\/2026\/02\/bannerBlog-1-1536x768.png 1536w\" data-sizes=\"(max-width: 2001px) 100vw, 2001px\" src=\"data:image\/gif;base64,R0lGODlhAQABAAAAACH5BAEKAAEALAAAAAABAAEAAAICTAEAOw==\" style=\"--smush-placeholder-width: 2001px; --smush-placeholder-aspect-ratio: 2001\/1001;\" \/><\/div><\/a>\n\t\t\t\t<div class=\"elementor-post__text\">\n\t\t\t\t<h3 class=\"elementor-post__title\">\n\t\t\t<a href=\"https:\/\/boomer.pt\/raiodoblog\/os-7-pecados-mortais-do-marketing-nas-pme\/\" target=&quot;_blank&quot;>\n\t\t\t\tOs 7 pecados mortais do marketing nas PME\t\t\t<\/a>\n\t\t<\/h3>\n\t\t\t\t<div class=\"elementor-post__excerpt\">\n\t\t\t<p>Se tens uma PME, \u00e9 prov\u00e1vel que j\u00e1 tenhas sentido isto: o marketing \u201cdevia\u201d trazer resultados, mas na pr\u00e1tica vira um loop de urg\u00eancias, ideias soltas e decis\u00f5es em cima do joelho.  O outsourcing de marketing pode ser a diferen\u00e7a entre uma PME crescer com consist\u00eancia\u2026 ou andar em c\u00edrculos a apagar fogos.<\/p>\n\t\t<\/div>\n\t\t\t\t\t<div class=\"elementor-post__read-more-wrapper\">\n\t\t\n\t\t<a class=\"elementor-post__read-more\" href=\"https:\/\/boomer.pt\/raiodoblog\/os-7-pecados-mortais-do-marketing-nas-pme\/\" aria-label=\"Read more about Os 7 pecados mortais do marketing nas PME\" tabindex=\"-1\" target=\"_blank\">\n\t\t\tLER MAIS\t\t<\/a>\n\n\t\t\t\t\t<\/div>\n\t\t\t\t<\/div>\n\t\t\t\t<div class=\"elementor-post__meta-data\">\n\t\t\t\t\t<span class=\"elementor-post-date\">\n\t\t\t5 de February, 2026\t\t<\/span>\n\t\t\t\t<\/div>\n\t\t\t\t\t<\/div>\n\t\t<\/article>\n\t\t\t\t<article class=\"elementor-post elementor-grid-item post-25901 post type-post status-publish format-standard has-post-thumbnail hentry category-comunicacao category-criatividade category-marketing category-redes-sociais tag-ai tag-marketing\" role=\"listitem\">\n\t\t\t<div class=\"elementor-post__card\">\n\t\t\t\t<a class=\"elementor-post__thumbnail__link\" href=\"https:\/\/boomer.pt\/raiodoblog\/5-tendencias-de-marketing-digital-para-2026\/\" tabindex=\"-1\" target=\"_blank\"><div class=\"elementor-post__thumbnail\"><img decoding=\"async\" width=\"2001\" height=\"1001\" data-src=\"https:\/\/boomer.pt\/raiodoblog\/wp-content\/uploads\/2026\/01\/bannerBlog_1.png\" class=\"attachment-full size-full wp-image-25911 lazyload\" alt=\"\" data-srcset=\"https:\/\/boomer.pt\/raiodoblog\/wp-content\/uploads\/2026\/01\/bannerBlog_1.png 2001w, https:\/\/boomer.pt\/raiodoblog\/wp-content\/uploads\/2026\/01\/bannerBlog_1-300x150.png 300w, https:\/\/boomer.pt\/raiodoblog\/wp-content\/uploads\/2026\/01\/bannerBlog_1-1024x512.png 1024w, https:\/\/boomer.pt\/raiodoblog\/wp-content\/uploads\/2026\/01\/bannerBlog_1-768x384.png 768w, https:\/\/boomer.pt\/raiodoblog\/wp-content\/uploads\/2026\/01\/bannerBlog_1-1536x768.png 1536w\" data-sizes=\"(max-width: 2001px) 100vw, 2001px\" src=\"data:image\/gif;base64,R0lGODlhAQABAAAAACH5BAEKAAEALAAAAAABAAEAAAICTAEAOw==\" style=\"--smush-placeholder-width: 2001px; --smush-placeholder-aspect-ratio: 2001\/1001;\" \/><\/div><\/a>\n\t\t\t\t<div class=\"elementor-post__text\">\n\t\t\t\t<h3 class=\"elementor-post__title\">\n\t\t\t<a href=\"https:\/\/boomer.pt\/raiodoblog\/5-tendencias-de-marketing-digital-para-2026\/\" target=&quot;_blank&quot;>\n\t\t\t\t5 Tend\u00eancias de Marketing Digital para 2026\t\t\t<\/a>\n\t\t<\/h3>\n\t\t\t\t<div class=\"elementor-post__excerpt\">\n\t\t\t<p>Com o in\u00edcio de um novo ano, h\u00e1 uma pergunta que aparece em quase todas as conversas com empres\u00e1rios, CEOs e equipas de marketing: \u201conde \u00e9 que devemos investir?\u201d A tenta\u00e7\u00e3o \u00e9 correr atr\u00e1s da \u00faltima \u201ctrend\u201d, da mais recente ferramenta de IA, ou do \u201cGuru\u201d que supostamente te vai tornar rico em 90 dias. <\/p>\n\t\t<\/div>\n\t\t\t\t\t<div class=\"elementor-post__read-more-wrapper\">\n\t\t\n\t\t<a class=\"elementor-post__read-more\" href=\"https:\/\/boomer.pt\/raiodoblog\/5-tendencias-de-marketing-digital-para-2026\/\" aria-label=\"Read more about 5 Tend\u00eancias de Marketing Digital para 2026\" tabindex=\"-1\" target=\"_blank\">\n\t\t\tLER MAIS\t\t<\/a>\n\n\t\t\t\t\t<\/div>\n\t\t\t\t<\/div>\n\t\t\t\t<div class=\"elementor-post__meta-data\">\n\t\t\t\t\t<span class=\"elementor-post-date\">\n\t\t\t20 de January, 2026\t\t<\/span>\n\t\t\t\t<\/div>\n\t\t\t\t\t<\/div>\n\t\t<\/article>\n\t\t\t\t<article class=\"elementor-post elementor-grid-item post-25486 post type-post status-publish format-standard has-post-thumbnail hentry category-ai category-comunicacao category-criatividade category-marketing category-tecnologia tag-ai tag-marketing\" role=\"listitem\">\n\t\t\t<div class=\"elementor-post__card\">\n\t\t\t\t<a class=\"elementor-post__thumbnail__link\" href=\"https:\/\/boomer.pt\/raiodoblog\/o-novo-consumidor-como-a-inteligencia-artificial-esta-a-mudar-as-regras-do-jogo-para-as-marcas\/\" tabindex=\"-1\" target=\"_blank\"><div class=\"elementor-post__thumbnail\"><img decoding=\"async\" width=\"2001\" height=\"1001\" data-src=\"https:\/\/boomer.pt\/raiodoblog\/wp-content\/uploads\/2025\/08\/banner-blog-2.png\" class=\"attachment-full size-full wp-image-25483 lazyload\" alt=\"\" data-srcset=\"https:\/\/boomer.pt\/raiodoblog\/wp-content\/uploads\/2025\/08\/banner-blog-2.png 2001w, https:\/\/boomer.pt\/raiodoblog\/wp-content\/uploads\/2025\/08\/banner-blog-2-300x150.png 300w, https:\/\/boomer.pt\/raiodoblog\/wp-content\/uploads\/2025\/08\/banner-blog-2-1024x512.png 1024w, https:\/\/boomer.pt\/raiodoblog\/wp-content\/uploads\/2025\/08\/banner-blog-2-768x384.png 768w, https:\/\/boomer.pt\/raiodoblog\/wp-content\/uploads\/2025\/08\/banner-blog-2-1536x768.png 1536w\" data-sizes=\"(max-width: 2001px) 100vw, 2001px\" src=\"data:image\/gif;base64,R0lGODlhAQABAAAAACH5BAEKAAEALAAAAAABAAEAAAICTAEAOw==\" style=\"--smush-placeholder-width: 2001px; --smush-placeholder-aspect-ratio: 2001\/1001;\" \/><\/div><\/a>\n\t\t\t\t<div class=\"elementor-post__text\">\n\t\t\t\t<h3 class=\"elementor-post__title\">\n\t\t\t<a href=\"https:\/\/boomer.pt\/raiodoblog\/o-novo-consumidor-como-a-inteligencia-artificial-esta-a-mudar-as-regras-do-jogo-para-as-marcas\/\" target=&quot;_blank&quot;>\n\t\t\t\tO Novo Consumidor: como a Intelig\u00eancia Artificial est\u00e1 a mudar as regras do jogo para as marcas\t\t\t<\/a>\n\t\t<\/h3>\n\t\t\t\t<div class=\"elementor-post__excerpt\">\n\t\t\t<p>A Intelig\u00eancia Artificial est\u00e1 a mudar as regras do jogo: consumidores exigem relev\u00e2ncia, autenticidade e experi\u00eancias personalizadas, obrigando as marcas a repensarem o marketing.<\/p>\n\t\t<\/div>\n\t\t\t\t\t<div class=\"elementor-post__read-more-wrapper\">\n\t\t\n\t\t<a class=\"elementor-post__read-more\" href=\"https:\/\/boomer.pt\/raiodoblog\/o-novo-consumidor-como-a-inteligencia-artificial-esta-a-mudar-as-regras-do-jogo-para-as-marcas\/\" aria-label=\"Read more about O Novo Consumidor: como a Intelig\u00eancia Artificial est\u00e1 a mudar as regras do jogo para as marcas\" tabindex=\"-1\" target=\"_blank\">\n\t\t\tLER MAIS\t\t<\/a>\n\n\t\t\t\t\t<\/div>\n\t\t\t\t<\/div>\n\t\t\t\t<div class=\"elementor-post__meta-data\">\n\t\t\t\t\t<span class=\"elementor-post-date\">\n\t\t\t16 de January, 2026\t\t<\/span>\n\t\t\t\t<\/div>\n\t\t\t\t\t<\/div>\n\t\t<\/article>\n\t\t\t\t<\/div>\n\t\t\n\t\t\t\t\t\t<\/div>\n\t\t\t\t<\/div>\n\t\t\t\t\t<\/div>\n\t\t<\/div>\n\t\t\t\t\t<\/div>\n\t\t<\/section>\n\t\t\t\t\t<\/div>\n\t\t<\/div>\n\t\t\t\t\t<\/div>\n\t\t<\/section>\n\t\t\t\t<\/div>\n\t\t\t\t<\/div>\n\t\t\t\t\t\t<\/div>\n\t\t\t\t<\/div>\n\t\t\t\t\t<\/div>\n\t\t<\/div>\n\t\t\t\t\t<\/div>\n\t\t<\/section>\n\t\t\t\t<\/div>\n\t\t","protected":false},"excerpt":{"rendered":"<p><img decoding=\"async\" style=\"display: block; margin-left: auto; margin-right: auto;\" data-src=\"images\/o_raio_do_blog\/25-06-21\/24_5-ferramentas-para-social-media-manager_1.png\" alt=\"\" src=\"data:image\/gif;base64,R0lGODlhAQABAAAAACH5BAEKAAEALAAAAAABAAEAAAICTAEAOw==\" class=\"lazyload\" \/><\/p>\n<p class=\"p1\" style=\"text-align: justify;\">Se n\u00e3o sabes como avaliar a sa\u00fade digital do teu neg\u00f3cio, damos-te 5 pontos chave para te orientares neste processo!\u00a0<\/p>\n<p>\u00a0<\/p>\n","protected":false},"author":3,"featured_media":7209,"comment_status":"open","ping_status":"open","sticky":false,"template":"elementor_theme","format":"standard","meta":{"footnotes":""},"categories":[99],"tags":[131,130,156,197,198,140,154,151,139,148,133,132],"class_list":["post-7210","post","type-post","status-publish","format-standard","has-post-thumbnail","hentry","category-marketing","tag-agencia-digital","tag-agenciademarketing","tag-ai","tag-boomer","tag-boomer-academy","tag-branding","tag-design","tag-gestaoredesosciais","tag-marca","tag-marketingdigital","tag-redessociais","tag-vila-nova-de-famalicao"],"yoast_head":"<!-- This site is optimized with the Yoast SEO plugin v24.7 - https:\/\/yoast.com\/wordpress\/plugins\/seo\/ -->\n<title>Marketing Digital: 5 pontos para avaliar a tua empresa<\/title>\n<meta name=\"description\" content=\"Se n\u00e3o sabes como avaliar a sa\u00fade digital do teu neg\u00f3cio, damos-te 5 pontos chave para te orientares neste processo...\" \/>\n<meta name=\"robots\" content=\"index, follow, max-snippet:-1, max-image-preview:large, max-video-preview:-1\" \/>\n<link rel=\"canonical\" href=\"https:\/\/boomer.pt\/raiodoblog\/diagnostico-de-marketing-digital\/\" \/>\n<meta property=\"og:locale\" content=\"en_US\" \/>\n<meta property=\"og:type\" content=\"article\" \/>\n<meta property=\"og:title\" content=\"Marketing Digital: 5 pontos para avaliar a tua empresa\" \/>\n<meta property=\"og:description\" content=\"Se n\u00e3o sabes como avaliar a sa\u00fade digital do teu neg\u00f3cio, damos-te 5 pontos chave para te orientares neste processo...\" \/>\n<meta property=\"og:url\" content=\"https:\/\/boomer.pt\/raiodoblog\/diagnostico-de-marketing-digital\/\" \/>\n<meta property=\"og:site_name\" content=\"BOOMER\" \/>\n<meta property=\"article:publisher\" content=\"https:\/\/www.facebook.com\/boomer.pt\" \/>\n<meta property=\"article:published_time\" content=\"2021-03-05T16:12:44+00:00\" \/>\n<meta property=\"og:image\" content=\"https:\/\/boomer.pt\/raiodoblog\/wp-content\/uploads\/2022\/04\/BLOG_e_INSTA_diagnostico_marketing-29-1024x512.png\" \/>\n\t<meta property=\"og:image:width\" content=\"1024\" \/>\n\t<meta property=\"og:image:height\" content=\"512\" \/>\n\t<meta property=\"og:image:type\" content=\"image\/png\" \/>\n<meta name=\"author\" content=\"Marisa Coutinho\" \/>\n<meta name=\"twitter:card\" content=\"summary_large_image\" \/>\n<meta name=\"twitter:label1\" content=\"Written by\" \/>\n\t<meta name=\"twitter:data1\" content=\"Marisa Coutinho\" \/>\n\t<meta name=\"twitter:label2\" content=\"Est. reading time\" \/>\n\t<meta name=\"twitter:data2\" content=\"13 minutes\" \/>\n<script type=\"application\/ld+json\" class=\"yoast-schema-graph\">{\"@context\":\"https:\/\/schema.org\",\"@graph\":[{\"@type\":\"Article\",\"@id\":\"https:\/\/boomer.pt\/raiodoblog\/diagnostico-de-marketing-digital\/#article\",\"isPartOf\":{\"@id\":\"https:\/\/boomer.pt\/raiodoblog\/diagnostico-de-marketing-digital\/\"},\"author\":{\"name\":\"Marisa Coutinho\",\"@id\":\"https:\/\/boomer.pt\/raiodoblog\/#\/schema\/person\/7efcf9ae8dfff8ebc59d1d12760c44a4\"},\"headline\":\"Diagn\u00f3stico de Marketing Digital: 5 pontos para avaliar a sa\u00fade Digital da tua empresa\",\"datePublished\":\"2021-03-05T16:12:44+00:00\",\"mainEntityOfPage\":{\"@id\":\"https:\/\/boomer.pt\/raiodoblog\/diagnostico-de-marketing-digital\/\"},\"wordCount\":1579,\"commentCount\":0,\"publisher\":{\"@id\":\"https:\/\/boomer.pt\/raiodoblog\/#organization\"},\"image\":{\"@id\":\"https:\/\/boomer.pt\/raiodoblog\/diagnostico-de-marketing-digital\/#primaryimage\"},\"thumbnailUrl\":\"https:\/\/boomer.pt\/raiodoblog\/wp-content\/uploads\/2022\/04\/BLOG_e_INSTA_diagnostico_marketing-29.png\",\"keywords\":[\"agencia digital\",\"agenciademarketing\",\"ai\",\"Boomer\",\"Boomer Academy\",\"branding\",\"design\",\"gestaoredesosciais\",\"marca\",\"marketingdigital\",\"redessociais\",\"vila nova de famalicao\"],\"articleSection\":[\"Marketing Digital\"],\"inLanguage\":\"en-US\",\"potentialAction\":[{\"@type\":\"CommentAction\",\"name\":\"Comment\",\"target\":[\"https:\/\/boomer.pt\/raiodoblog\/diagnostico-de-marketing-digital\/#respond\"]}]},{\"@type\":\"WebPage\",\"@id\":\"https:\/\/boomer.pt\/raiodoblog\/diagnostico-de-marketing-digital\/\",\"url\":\"https:\/\/boomer.pt\/raiodoblog\/diagnostico-de-marketing-digital\/\",\"name\":\"Marketing Digital: 5 pontos para avaliar a tua empresa\",\"isPartOf\":{\"@id\":\"https:\/\/boomer.pt\/raiodoblog\/#website\"},\"primaryImageOfPage\":{\"@id\":\"https:\/\/boomer.pt\/raiodoblog\/diagnostico-de-marketing-digital\/#primaryimage\"},\"image\":{\"@id\":\"https:\/\/boomer.pt\/raiodoblog\/diagnostico-de-marketing-digital\/#primaryimage\"},\"thumbnailUrl\":\"https:\/\/boomer.pt\/raiodoblog\/wp-content\/uploads\/2022\/04\/BLOG_e_INSTA_diagnostico_marketing-29.png\",\"datePublished\":\"2021-03-05T16:12:44+00:00\",\"description\":\"Se n\u00e3o sabes como avaliar a sa\u00fade digital do teu neg\u00f3cio, damos-te 5 pontos chave para te orientares neste processo...\",\"breadcrumb\":{\"@id\":\"https:\/\/boomer.pt\/raiodoblog\/diagnostico-de-marketing-digital\/#breadcrumb\"},\"inLanguage\":\"en-US\",\"potentialAction\":[{\"@type\":\"ReadAction\",\"target\":[\"https:\/\/boomer.pt\/raiodoblog\/diagnostico-de-marketing-digital\/\"]}]},{\"@type\":\"ImageObject\",\"inLanguage\":\"en-US\",\"@id\":\"https:\/\/boomer.pt\/raiodoblog\/diagnostico-de-marketing-digital\/#primaryimage\",\"url\":\"https:\/\/boomer.pt\/raiodoblog\/wp-content\/uploads\/2022\/04\/BLOG_e_INSTA_diagnostico_marketing-29.png\",\"contentUrl\":\"https:\/\/boomer.pt\/raiodoblog\/wp-content\/uploads\/2022\/04\/BLOG_e_INSTA_diagnostico_marketing-29.png\",\"width\":4167,\"height\":2084},{\"@type\":\"BreadcrumbList\",\"@id\":\"https:\/\/boomer.pt\/raiodoblog\/diagnostico-de-marketing-digital\/#breadcrumb\",\"itemListElement\":[{\"@type\":\"ListItem\",\"position\":1,\"name\":\"In\u00edcio\",\"item\":\"https:\/\/boomer.pt\/raiodoblog\/\"},{\"@type\":\"ListItem\",\"position\":2,\"name\":\"Diagn\u00f3stico de Marketing Digital: 5 pontos para avaliar a sa\u00fade Digital da tua empresa\"}]},{\"@type\":\"WebSite\",\"@id\":\"https:\/\/boomer.pt\/raiodoblog\/#website\",\"url\":\"https:\/\/boomer.pt\/raiodoblog\/\",\"name\":\"BOOMER\",\"description\":\"Brand &amp; Digital Agency\",\"publisher\":{\"@id\":\"https:\/\/boomer.pt\/raiodoblog\/#organization\"},\"potentialAction\":[{\"@type\":\"SearchAction\",\"target\":{\"@type\":\"EntryPoint\",\"urlTemplate\":\"https:\/\/boomer.pt\/raiodoblog\/?s={search_term_string}\"},\"query-input\":{\"@type\":\"PropertyValueSpecification\",\"valueRequired\":true,\"valueName\":\"search_term_string\"}}],\"inLanguage\":\"en-US\"},{\"@type\":\"Organization\",\"@id\":\"https:\/\/boomer.pt\/raiodoblog\/#organization\",\"name\":\"BOOMER\",\"url\":\"https:\/\/boomer.pt\/raiodoblog\/\",\"logo\":{\"@type\":\"ImageObject\",\"inLanguage\":\"en-US\",\"@id\":\"https:\/\/boomer.pt\/raiodoblog\/#\/schema\/logo\/image\/\",\"url\":\"https:\/\/boomer.pt\/raiodoblog\/wp-content\/uploads\/2022\/10\/BoomerLogo-2.svg\",\"contentUrl\":\"https:\/\/boomer.pt\/raiodoblog\/wp-content\/uploads\/2022\/10\/BoomerLogo-2.svg\",\"width\":154,\"height\":40,\"caption\":\"BOOMER\"},\"image\":{\"@id\":\"https:\/\/boomer.pt\/raiodoblog\/#\/schema\/logo\/image\/\"},\"sameAs\":[\"https:\/\/www.facebook.com\/boomer.pt\",\"https:\/\/www.instagram.com\/boomerpt\/\",\"https:\/\/www.linkedin.com\/company\/2641069\/admin\/\",\"https:\/\/www.youtube.com\/channel\/UCJ4-FswWDdO5i1UVdIUqtGw\/feed\",\"https:\/\/www.behance.net\/boomer_pt\"]},{\"@type\":\"Person\",\"@id\":\"https:\/\/boomer.pt\/raiodoblog\/#\/schema\/person\/7efcf9ae8dfff8ebc59d1d12760c44a4\",\"name\":\"Marisa Coutinho\",\"image\":{\"@type\":\"ImageObject\",\"inLanguage\":\"en-US\",\"@id\":\"https:\/\/boomer.pt\/raiodoblog\/#\/schema\/person\/image\/\",\"url\":\"https:\/\/secure.gravatar.com\/avatar\/949b4c60ecbf3a073e06b82488b1706bb8a003dca80cb9a6c464bf41e2b5c4a5?s=96&d=mm&r=g\",\"contentUrl\":\"https:\/\/secure.gravatar.com\/avatar\/949b4c60ecbf3a073e06b82488b1706bb8a003dca80cb9a6c464bf41e2b5c4a5?s=96&d=mm&r=g\",\"caption\":\"Marisa Coutinho\"},\"description\":\"CEO\",\"url\":\"https:\/\/boomer.pt\/raiodoblog\/author\/marisa-coutinho\/\"}]}<\/script>\n<!-- \/ Yoast SEO plugin. -->","yoast_head_json":{"title":"Marketing Digital: 5 pontos para avaliar a tua empresa","description":"Se n\u00e3o sabes como avaliar a sa\u00fade digital do teu neg\u00f3cio, damos-te 5 pontos chave para te orientares neste processo...","robots":{"index":"index","follow":"follow","max-snippet":"max-snippet:-1","max-image-preview":"max-image-preview:large","max-video-preview":"max-video-preview:-1"},"canonical":"https:\/\/boomer.pt\/raiodoblog\/diagnostico-de-marketing-digital\/","og_locale":"en_US","og_type":"article","og_title":"Marketing Digital: 5 pontos para avaliar a tua empresa","og_description":"Se n\u00e3o sabes como avaliar a sa\u00fade digital do teu neg\u00f3cio, damos-te 5 pontos chave para te orientares neste processo...","og_url":"https:\/\/boomer.pt\/raiodoblog\/diagnostico-de-marketing-digital\/","og_site_name":"BOOMER","article_publisher":"https:\/\/www.facebook.com\/boomer.pt","article_published_time":"2021-03-05T16:12:44+00:00","og_image":[{"width":1024,"height":512,"url":"https:\/\/boomer.pt\/raiodoblog\/wp-content\/uploads\/2022\/04\/BLOG_e_INSTA_diagnostico_marketing-29-1024x512.png","type":"image\/png"}],"author":"Marisa Coutinho","twitter_card":"summary_large_image","twitter_misc":{"Written by":"Marisa Coutinho","Est. reading time":"13 minutes"},"schema":{"@context":"https:\/\/schema.org","@graph":[{"@type":"Article","@id":"https:\/\/boomer.pt\/raiodoblog\/diagnostico-de-marketing-digital\/#article","isPartOf":{"@id":"https:\/\/boomer.pt\/raiodoblog\/diagnostico-de-marketing-digital\/"},"author":{"name":"Marisa Coutinho","@id":"https:\/\/boomer.pt\/raiodoblog\/#\/schema\/person\/7efcf9ae8dfff8ebc59d1d12760c44a4"},"headline":"Diagn\u00f3stico de Marketing Digital: 5 pontos para avaliar a sa\u00fade Digital da tua empresa","datePublished":"2021-03-05T16:12:44+00:00","mainEntityOfPage":{"@id":"https:\/\/boomer.pt\/raiodoblog\/diagnostico-de-marketing-digital\/"},"wordCount":1579,"commentCount":0,"publisher":{"@id":"https:\/\/boomer.pt\/raiodoblog\/#organization"},"image":{"@id":"https:\/\/boomer.pt\/raiodoblog\/diagnostico-de-marketing-digital\/#primaryimage"},"thumbnailUrl":"https:\/\/boomer.pt\/raiodoblog\/wp-content\/uploads\/2022\/04\/BLOG_e_INSTA_diagnostico_marketing-29.png","keywords":["agencia digital","agenciademarketing","ai","Boomer","Boomer Academy","branding","design","gestaoredesosciais","marca","marketingdigital","redessociais","vila nova de famalicao"],"articleSection":["Marketing Digital"],"inLanguage":"en-US","potentialAction":[{"@type":"CommentAction","name":"Comment","target":["https:\/\/boomer.pt\/raiodoblog\/diagnostico-de-marketing-digital\/#respond"]}]},{"@type":"WebPage","@id":"https:\/\/boomer.pt\/raiodoblog\/diagnostico-de-marketing-digital\/","url":"https:\/\/boomer.pt\/raiodoblog\/diagnostico-de-marketing-digital\/","name":"Marketing Digital: 5 pontos para avaliar a tua empresa","isPartOf":{"@id":"https:\/\/boomer.pt\/raiodoblog\/#website"},"primaryImageOfPage":{"@id":"https:\/\/boomer.pt\/raiodoblog\/diagnostico-de-marketing-digital\/#primaryimage"},"image":{"@id":"https:\/\/boomer.pt\/raiodoblog\/diagnostico-de-marketing-digital\/#primaryimage"},"thumbnailUrl":"https:\/\/boomer.pt\/raiodoblog\/wp-content\/uploads\/2022\/04\/BLOG_e_INSTA_diagnostico_marketing-29.png","datePublished":"2021-03-05T16:12:44+00:00","description":"Se n\u00e3o sabes como avaliar a sa\u00fade digital do teu neg\u00f3cio, damos-te 5 pontos chave para te orientares neste processo...","breadcrumb":{"@id":"https:\/\/boomer.pt\/raiodoblog\/diagnostico-de-marketing-digital\/#breadcrumb"},"inLanguage":"en-US","potentialAction":[{"@type":"ReadAction","target":["https:\/\/boomer.pt\/raiodoblog\/diagnostico-de-marketing-digital\/"]}]},{"@type":"ImageObject","inLanguage":"en-US","@id":"https:\/\/boomer.pt\/raiodoblog\/diagnostico-de-marketing-digital\/#primaryimage","url":"https:\/\/boomer.pt\/raiodoblog\/wp-content\/uploads\/2022\/04\/BLOG_e_INSTA_diagnostico_marketing-29.png","contentUrl":"https:\/\/boomer.pt\/raiodoblog\/wp-content\/uploads\/2022\/04\/BLOG_e_INSTA_diagnostico_marketing-29.png","width":4167,"height":2084},{"@type":"BreadcrumbList","@id":"https:\/\/boomer.pt\/raiodoblog\/diagnostico-de-marketing-digital\/#breadcrumb","itemListElement":[{"@type":"ListItem","position":1,"name":"In\u00edcio","item":"https:\/\/boomer.pt\/raiodoblog\/"},{"@type":"ListItem","position":2,"name":"Diagn\u00f3stico de Marketing Digital: 5 pontos para avaliar a sa\u00fade Digital da tua empresa"}]},{"@type":"WebSite","@id":"https:\/\/boomer.pt\/raiodoblog\/#website","url":"https:\/\/boomer.pt\/raiodoblog\/","name":"BOOMER","description":"Brand &amp; Digital Agency","publisher":{"@id":"https:\/\/boomer.pt\/raiodoblog\/#organization"},"potentialAction":[{"@type":"SearchAction","target":{"@type":"EntryPoint","urlTemplate":"https:\/\/boomer.pt\/raiodoblog\/?s={search_term_string}"},"query-input":{"@type":"PropertyValueSpecification","valueRequired":true,"valueName":"search_term_string"}}],"inLanguage":"en-US"},{"@type":"Organization","@id":"https:\/\/boomer.pt\/raiodoblog\/#organization","name":"BOOMER","url":"https:\/\/boomer.pt\/raiodoblog\/","logo":{"@type":"ImageObject","inLanguage":"en-US","@id":"https:\/\/boomer.pt\/raiodoblog\/#\/schema\/logo\/image\/","url":"https:\/\/boomer.pt\/raiodoblog\/wp-content\/uploads\/2022\/10\/BoomerLogo-2.svg","contentUrl":"https:\/\/boomer.pt\/raiodoblog\/wp-content\/uploads\/2022\/10\/BoomerLogo-2.svg","width":154,"height":40,"caption":"BOOMER"},"image":{"@id":"https:\/\/boomer.pt\/raiodoblog\/#\/schema\/logo\/image\/"},"sameAs":["https:\/\/www.facebook.com\/boomer.pt","https:\/\/www.instagram.com\/boomerpt\/","https:\/\/www.linkedin.com\/company\/2641069\/admin\/","https:\/\/www.youtube.com\/channel\/UCJ4-FswWDdO5i1UVdIUqtGw\/feed","https:\/\/www.behance.net\/boomer_pt"]},{"@type":"Person","@id":"https:\/\/boomer.pt\/raiodoblog\/#\/schema\/person\/7efcf9ae8dfff8ebc59d1d12760c44a4","name":"Marisa Coutinho","image":{"@type":"ImageObject","inLanguage":"en-US","@id":"https:\/\/boomer.pt\/raiodoblog\/#\/schema\/person\/image\/","url":"https:\/\/secure.gravatar.com\/avatar\/949b4c60ecbf3a073e06b82488b1706bb8a003dca80cb9a6c464bf41e2b5c4a5?s=96&d=mm&r=g","contentUrl":"https:\/\/secure.gravatar.com\/avatar\/949b4c60ecbf3a073e06b82488b1706bb8a003dca80cb9a6c464bf41e2b5c4a5?s=96&d=mm&r=g","caption":"Marisa Coutinho"},"description":"CEO","url":"https:\/\/boomer.pt\/raiodoblog\/author\/marisa-coutinho\/"}]}},"_links":{"self":[{"href":"https:\/\/boomer.pt\/raiodoblog\/wp-json\/wp\/v2\/posts\/7210","targetHints":{"allow":["GET"]}}],"collection":[{"href":"https:\/\/boomer.pt\/raiodoblog\/wp-json\/wp\/v2\/posts"}],"about":[{"href":"https:\/\/boomer.pt\/raiodoblog\/wp-json\/wp\/v2\/types\/post"}],"author":[{"embeddable":true,"href":"https:\/\/boomer.pt\/raiodoblog\/wp-json\/wp\/v2\/users\/3"}],"replies":[{"embeddable":true,"href":"https:\/\/boomer.pt\/raiodoblog\/wp-json\/wp\/v2\/comments?post=7210"}],"version-history":[{"count":1,"href":"https:\/\/boomer.pt\/raiodoblog\/wp-json\/wp\/v2\/posts\/7210\/revisions"}],"predecessor-version":[{"id":26097,"href":"https:\/\/boomer.pt\/raiodoblog\/wp-json\/wp\/v2\/posts\/7210\/revisions\/26097"}],"wp:featuredmedia":[{"embeddable":true,"href":"https:\/\/boomer.pt\/raiodoblog\/wp-json\/wp\/v2\/media\/7209"}],"wp:attachment":[{"href":"https:\/\/boomer.pt\/raiodoblog\/wp-json\/wp\/v2\/media?parent=7210"}],"wp:term":[{"taxonomy":"category","embeddable":true,"href":"https:\/\/boomer.pt\/raiodoblog\/wp-json\/wp\/v2\/categories?post=7210"},{"taxonomy":"post_tag","embeddable":true,"href":"https:\/\/boomer.pt\/raiodoblog\/wp-json\/wp\/v2\/tags?post=7210"}],"curies":[{"name":"wp","href":"https:\/\/api.w.org\/{rel}","templated":true}]}}