{"id":7170,"date":"2019-12-10T08:09:49","date_gmt":"2019-12-10T08:09:49","guid":{"rendered":"http:\/\/boomer.pt\/como-sair-de-um-bloqueio-criativo\/"},"modified":"2019-12-10T08:09:49","modified_gmt":"2019-12-10T08:09:49","slug":"como-sair-de-um-bloqueio-criativo","status":"publish","type":"post","link":"https:\/\/boomer.pt\/raiodoblog\/como-sair-de-um-bloqueio-criativo\/","title":{"rendered":"Como sair de um Bloqueio Criativo?"},"content":{"rendered":"\t\t<div data-elementor-type=\"wp-post\" data-elementor-id=\"7170\" class=\"elementor elementor-7170\" data-elementor-post-type=\"post\">\n\t\t\t\t\t\t<section class=\"elementor-section elementor-top-section elementor-element elementor-element-bac57a9 elementor-section-boxed elementor-section-height-default elementor-section-height-default\" data-id=\"bac57a9\" data-element_type=\"section\" data-e-type=\"section\">\n\t\t\t\t\t\t<div class=\"elementor-container elementor-column-gap-default\">\n\t\t\t\t\t<div class=\"elementor-column elementor-col-100 elementor-top-column elementor-element elementor-element-923f4b8\" data-id=\"923f4b8\" data-element_type=\"column\" data-e-type=\"column\">\n\t\t\t<div class=\"elementor-widget-wrap elementor-element-populated\">\n\t\t\t\t\t\t<div class=\"elementor-element elementor-element-968e460 elementor-widget elementor-widget-theme-post-title elementor-page-title elementor-widget-heading\" data-id=\"968e460\" data-element_type=\"widget\" data-e-type=\"widget\" data-widget_type=\"theme-post-title.default\">\n\t\t\t\t<div class=\"elementor-widget-container\">\n\t\t\t\t\t<h1 class=\"elementor-heading-title elementor-size-default\">Como sair de um Bloqueio Criativo?<\/h1>\t\t\t\t<\/div>\n\t\t\t\t<\/div>\n\t\t\t\t<div class=\"elementor-element elementor-element-07153a5 elementor-widget elementor-widget-text-editor\" data-id=\"07153a5\" data-element_type=\"widget\" data-e-type=\"widget\" data-widget_type=\"text-editor.default\">\n\t\t\t\t<div class=\"elementor-widget-container\">\n\t\t\t\t\t\t\t\t\t<p>Mas nem todos os bloqueios criativos s\u00e3o iguais e podem surgir por diferentes motivos.<\/p>\t\t\t\t\t\t\t\t<\/div>\n\t\t\t\t<\/div>\n\t\t\t\t<div class=\"elementor-element elementor-element-53bbf78 elementor-widget elementor-widget-image\" data-id=\"53bbf78\" data-element_type=\"widget\" data-e-type=\"widget\" data-widget_type=\"image.default\">\n\t\t\t\t<div class=\"elementor-widget-container\">\n\t\t\t\t\t\t\t\t\t\t\t\t\t\t\t<img fetchpriority=\"high\" decoding=\"async\" width=\"2001\" height=\"1001\" src=\"https:\/\/boomer.pt\/raiodoblog\/wp-content\/uploads\/2022\/01\/w04_artigo.png\" class=\"attachment-full size-full wp-image-7169\" alt=\"\" srcset=\"https:\/\/boomer.pt\/raiodoblog\/wp-content\/uploads\/2022\/01\/w04_artigo.png 2001w, https:\/\/boomer.pt\/raiodoblog\/wp-content\/uploads\/2022\/01\/w04_artigo-300x150.png 300w, https:\/\/boomer.pt\/raiodoblog\/wp-content\/uploads\/2022\/01\/w04_artigo-1024x512.png 1024w, https:\/\/boomer.pt\/raiodoblog\/wp-content\/uploads\/2022\/01\/w04_artigo-768x384.png 768w, https:\/\/boomer.pt\/raiodoblog\/wp-content\/uploads\/2022\/01\/w04_artigo-1536x768.png 1536w, https:\/\/boomer.pt\/raiodoblog\/wp-content\/uploads\/2022\/01\/w04_artigo-1568x784.png 1568w\" sizes=\"(max-width: 2001px) 100vw, 2001px\" \/>\t\t\t\t\t\t\t\t\t\t\t\t\t\t\t<\/div>\n\t\t\t\t<\/div>\n\t\t\t\t\t<\/div>\n\t\t<\/div>\n\t\t\t\t\t<\/div>\n\t\t<\/section>\n\t\t\t\t<section class=\"elementor-section elementor-top-section elementor-element elementor-element-42532a6 elementor-section-boxed elementor-section-height-default elementor-section-height-default\" data-id=\"42532a6\" data-element_type=\"section\" data-e-type=\"section\">\n\t\t\t\t\t\t<div class=\"elementor-container elementor-column-gap-default\">\n\t\t\t\t\t<div class=\"elementor-column elementor-col-100 elementor-top-column elementor-element elementor-element-fcf7d13\" data-id=\"fcf7d13\" data-element_type=\"column\" data-e-type=\"column\">\n\t\t\t<div class=\"elementor-widget-wrap elementor-element-populated\">\n\t\t\t\t\t\t<div class=\"elementor-element elementor-element-e143bcb elementor-widget elementor-widget-spacer\" data-id=\"e143bcb\" data-element_type=\"widget\" data-e-type=\"widget\" data-widget_type=\"spacer.default\">\n\t\t\t\t<div class=\"elementor-widget-container\">\n\t\t\t\t\t\t\t<div class=\"elementor-spacer\">\n\t\t\t<div class=\"elementor-spacer-inner\"><\/div>\n\t\t<\/div>\n\t\t\t\t\t\t<\/div>\n\t\t\t\t<\/div>\n\t\t\t\t<div class=\"elementor-element elementor-element-7b96b0c elementor-widget elementor-widget-text-editor\" data-id=\"7b96b0c\" data-element_type=\"widget\" data-e-type=\"widget\" data-widget_type=\"text-editor.default\">\n\t\t\t\t<div class=\"elementor-widget-container\">\n\t\t\t\t\t\t\t\t\t<p>Agora que entramos num\u00a0<strong>novo ano<\/strong>, com o bandulho cheio de comida e bebida, quando regressamos ao trabalho \u00e9 normal sentirmos que as ideias n\u00e3o surgem. Isto \u00e9 aquilo a que chamamos\u00a0<strong>\u201ccreative block\u201d<\/strong>, bastante comum nas profiss\u00f5es criativas tal como escritores, m\u00fasicos, designers ou artistas em geral.<\/p><p>\u00a0<\/p><p>Durante o processo de cria\u00e7\u00e3o, a inspira\u00e7\u00e3o n\u00e3o pode ser controlada diretamente e requer que estejamos num\u00a0<strong>certo estado de esp\u00edrito<\/strong>, que nos sintamos estimulados criativamente ou focados em transmitir uma mensagem.\u00a0\u00a0<\/p><p>\u00a0<\/p><p>Torna-se frustrante quando n\u00e3o conseguimos chegar a lado algum e isto afeta o nosso bem-estar, principalmente se o nosso trabalho \u00e9 produzido a partir das ideias que temos.\u00a0<\/p><p>\u00a0<\/p><p>Mas\u00a0<strong>nem todos os bloqueios criativos s\u00e3o iguais<\/strong>\u00a0e\u00a0<strong>podem surgir por diferentes motivos<\/strong>, entre os quais:<\/p><p>\u00a0<\/p><p>\u2013\u00a0<strong>Perfeccionismo<\/strong>\u00a0ou a busca da perfei\u00e7\u00e3o;<\/p><p>\u2013\u00a0<strong>Rejei\u00e7\u00e3o repetida<\/strong>\u00a0de\u00a0<strong>ideias ou projetos<\/strong>;<\/p><p>\u2013\u00a0<strong>Perda de motiva\u00e7\u00e3o<\/strong>\u00a0ou de um\u00a0<strong>prop\u00f3sito<\/strong>\u00a0no trabalho;<\/p><p>\u2013\u00a0<strong>Morte de um ente querido<\/strong>\u00a0ou o\u00a0<strong>fim de um relacionamento<\/strong>;<\/p><p>\u2013\u00a0<strong>Ansiedade<\/strong>;<\/p><p>\u2013\u00a0<strong>Auto-cr\u00edtica<\/strong>;<\/p><p>\u2013\u00a0<strong>Inseguran\u00e7a e \u201cauto d\u00favida\u201d<\/strong>;<\/p><p>\u2013\u00a0<strong>Depend\u00eancia de subst\u00e2ncias para ser criativo<\/strong>;<\/p><p>\u2013 Falta de\u00a0<strong>suporte financeiro<\/strong>;<\/p><p>\u2013\u00a0<strong>Excesso de trabalho<\/strong>\u00a0<strong>(\u201coverworking\u201d)<\/strong>.<\/p><p>\u00a0<\/p><p>\u00a0<\/p><p>Mas, felizmente, existem m\u00e9todos que podemos utilizar para\u00a0<strong>escapar desse bloqueio criativo<\/strong>\u00a0sem termos de perder tempo a procrastinar e, posteriormente, sentirmo-nos culpados por isso. Em termos gerais, s\u00e3o eles:\u00a0<strong>encontrar motiva\u00e7\u00e3o<\/strong>, mudar a rotina, resolver problemas pessoais e controlar o excesso de trabalho. Vamos explicar melhor!<\/p>\t\t\t\t\t\t\t\t<\/div>\n\t\t\t\t<\/div>\n\t\t\t\t\t<\/div>\n\t\t<\/div>\n\t\t\t\t\t<\/div>\n\t\t<\/section>\n\t\t\t\t<section class=\"elementor-section elementor-top-section elementor-element elementor-element-197b3c3 elementor-section-boxed elementor-section-height-default elementor-section-height-default\" data-id=\"197b3c3\" data-element_type=\"section\" data-e-type=\"section\">\n\t\t\t\t\t\t<div class=\"elementor-container elementor-column-gap-default\">\n\t\t\t\t\t<div class=\"elementor-column elementor-col-100 elementor-top-column elementor-element elementor-element-e280cb0\" data-id=\"e280cb0\" data-element_type=\"column\" data-e-type=\"column\">\n\t\t\t<div class=\"elementor-widget-wrap elementor-element-populated\">\n\t\t\t\t\t\t<div class=\"elementor-element elementor-element-8a9ae4e elementor-widget elementor-widget-spacer\" data-id=\"8a9ae4e\" data-element_type=\"widget\" data-e-type=\"widget\" data-widget_type=\"spacer.default\">\n\t\t\t\t<div class=\"elementor-widget-container\">\n\t\t\t\t\t\t\t<div class=\"elementor-spacer\">\n\t\t\t<div class=\"elementor-spacer-inner\"><\/div>\n\t\t<\/div>\n\t\t\t\t\t\t<\/div>\n\t\t\t\t<\/div>\n\t\t\t\t<div class=\"elementor-element elementor-element-bc5201a elementor-widget elementor-widget-heading\" data-id=\"bc5201a\" data-element_type=\"widget\" data-e-type=\"widget\" data-widget_type=\"heading.default\">\n\t\t\t\t<div class=\"elementor-widget-container\">\n\t\t\t\t\t<h2 class=\"elementor-heading-title elementor-size-default\">Encontrar Motiva\u00e7\u00e3o<\/h2>\t\t\t\t<\/div>\n\t\t\t\t<\/div>\n\t\t\t\t<div class=\"elementor-element elementor-element-312a8a0 elementor-widget-divider--view-line elementor-widget elementor-widget-divider\" data-id=\"312a8a0\" data-element_type=\"widget\" data-e-type=\"widget\" data-widget_type=\"divider.default\">\n\t\t\t\t<div class=\"elementor-widget-container\">\n\t\t\t\t\t\t\t<div class=\"elementor-divider\">\n\t\t\t<span class=\"elementor-divider-separator\">\n\t\t\t\t\t\t<\/span>\n\t\t<\/div>\n\t\t\t\t\t\t<\/div>\n\t\t\t\t<\/div>\n\t\t\t\t<div class=\"elementor-element elementor-element-7e47f7e elementor-widget elementor-widget-text-editor\" data-id=\"7e47f7e\" data-element_type=\"widget\" data-e-type=\"widget\" data-widget_type=\"text-editor.default\">\n\t\t\t\t<div class=\"elementor-widget-container\">\n\t\t\t\t\t\t\t\t\t<p>Quando pensamos demasiado sobre o trabalho que temos \u00e0 frente ou ent\u00e3o estamos mais preocupados com o deadline a cumprir do que\u00a0<strong>no pr\u00f3ximo passo a dar<\/strong>, precisamos de encontrar motiva\u00e7\u00e3o. Devido a algum trabalho menos bom que tenhamos feito, ou devido ao receio de falharmos no seguinte, a falta de motiva\u00e7\u00e3o faz com que nos sintamos \u201cpresos\u201d e sem vontade de darmos continuidade ao que temos em m\u00e3os..<\/p><p>\u00a0<\/p><p>Por vezes,\u00a0<strong>n\u00e3o h\u00e1 nada como dormir sobre o assunto<\/strong>, literalmente. Ou, ent\u00e3o, fazermos algo relaxante como, por exemplo, tomar um banho. Quem nunca teve uma ideia durante o banho que atire o primeiro sabonete! Caso seja poss\u00edvel, cria alguma dist\u00e2ncia e tempo do trabalho e faz uma caminhada. Viajar, quer seja num carro ou num comboio, tamb\u00e9m \u00e9 uma \u00f3tima alternativa!<\/p><p>\u00a0<\/p><p>Continuar a\u00a0<strong>experimentar coisas novas<\/strong>,\u00a0<strong>fora da zona de conforto<\/strong>, e explorar t\u00e9cnicas com as quais n\u00e3o nos sintamos \u00e0 vontade, pode renovar a inspira\u00e7\u00e3o ou at\u00e9 trazer novas ideias para outros projetos. Mesmo que n\u00e3o sejam usadas, \u00e9 um bom caminho para chegarmos a algum lado.<\/p><p><strong>Praticar tarefas mon\u00f3tonas e repetitivas, que n\u00e3o sejam criativas<\/strong>, leva-nos a divagar pelos pensamentos e, sem for\u00e7ar nada, por vezes as ideias come\u00e7am a fluir de forma espont\u00e2nea. E, quem sabe, ainda descobres novos passatempos, como a costura, a jardinagem ou at\u00e9 cozinhar.<\/p><p>\u00a0<\/p><p>Outra hip\u00f3tese passa por\u00a0<strong>recriar trabalhos de outros artistas<\/strong>: caso sejas m\u00fasico, faz um cover de uma banda; no caso dos escritores, contem uma hist\u00f3ria de outro autor pelas vossas pr\u00f3prias palavras; ou, no caso dos designers, recriem aquele cartaz com uma est\u00e9tica incr\u00edvel de que tanto gostam. De certa forma, procurar inspira\u00e7\u00e3o noutras obras que nos motivem a sermos melhores e a conseguirmos fazer coisas t\u00e3o boas ou at\u00e9 de qualidade superior.<\/p>\t\t\t\t\t\t\t\t<\/div>\n\t\t\t\t<\/div>\n\t\t\t\t\t<\/div>\n\t\t<\/div>\n\t\t\t\t\t<\/div>\n\t\t<\/section>\n\t\t\t\t<section class=\"elementor-section elementor-top-section elementor-element elementor-element-524b13c elementor-section-boxed elementor-section-height-default elementor-section-height-default\" data-id=\"524b13c\" data-element_type=\"section\" data-e-type=\"section\">\n\t\t\t\t\t\t<div class=\"elementor-container elementor-column-gap-default\">\n\t\t\t\t\t<div class=\"elementor-column elementor-col-100 elementor-top-column elementor-element elementor-element-f1f166d\" data-id=\"f1f166d\" data-element_type=\"column\" data-e-type=\"column\">\n\t\t\t<div class=\"elementor-widget-wrap elementor-element-populated\">\n\t\t\t\t\t\t<div class=\"elementor-element elementor-element-3b39fd3 elementor-widget elementor-widget-spacer\" data-id=\"3b39fd3\" data-element_type=\"widget\" data-e-type=\"widget\" data-widget_type=\"spacer.default\">\n\t\t\t\t<div class=\"elementor-widget-container\">\n\t\t\t\t\t\t\t<div class=\"elementor-spacer\">\n\t\t\t<div class=\"elementor-spacer-inner\"><\/div>\n\t\t<\/div>\n\t\t\t\t\t\t<\/div>\n\t\t\t\t<\/div>\n\t\t\t\t<div class=\"elementor-element elementor-element-ff77726 elementor-widget elementor-widget-heading\" data-id=\"ff77726\" data-element_type=\"widget\" data-e-type=\"widget\" data-widget_type=\"heading.default\">\n\t\t\t\t<div class=\"elementor-widget-container\">\n\t\t\t\t\t<h2 class=\"elementor-heading-title elementor-size-default\">Mudar a Rotina<\/h2>\t\t\t\t<\/div>\n\t\t\t\t<\/div>\n\t\t\t\t<div class=\"elementor-element elementor-element-8df8069 elementor-widget-divider--view-line elementor-widget elementor-widget-divider\" data-id=\"8df8069\" data-element_type=\"widget\" data-e-type=\"widget\" data-widget_type=\"divider.default\">\n\t\t\t\t<div class=\"elementor-widget-container\">\n\t\t\t\t\t\t\t<div class=\"elementor-divider\">\n\t\t\t<span class=\"elementor-divider-separator\">\n\t\t\t\t\t\t<\/span>\n\t\t<\/div>\n\t\t\t\t\t\t<\/div>\n\t\t\t\t<\/div>\n\t\t\t\t<div class=\"elementor-element elementor-element-d7e80d4 elementor-widget elementor-widget-text-editor\" data-id=\"d7e80d4\" data-element_type=\"widget\" data-e-type=\"widget\" data-widget_type=\"text-editor.default\">\n\t\t\t\t<div class=\"elementor-widget-container\">\n\t\t\t\t\t\t\t\t\t<p>O ser humano \u00e9 uma criatura de h\u00e1bitos e, como tal, devemos prestar aten\u00e7\u00e3o ao que fazemos no dia-a-dia e perceber se temos\u00a0<strong>uma rotina realmente saud\u00e1vel<\/strong>. Se chegamos a casa todos os dias com\u00a0<strong>os n\u00edveis de energia no m\u00ednimo<\/strong>, provavelmente vamos sentir-nos melhor se mudarmos alguma coisa nos nossos h\u00e1bitos.<\/p><p>\u00a0<\/p><p>Devemos tentar\u00a0<strong>perceber se a nossa metodologia de trabalho<\/strong>\u00a0\u00e9 a\u00a0<strong>mais eficaz<\/strong>\u00a0e se o hor\u00e1rio de trabalho \u00e9 o mais adequado, uma vez que isto varia de pessoa para pessoa. Claro que nem todos t\u00eam a possibilidade de o mudar, no entanto, podemos reservar esta altura do dia para sermos criativos.<\/p><p>\u00a0<\/p><p><strong>Praticar exerc\u00edcio f\u00edsico<\/strong>\u00a0ajuda-nos, tamb\u00e9m, a manter o corpo saud\u00e1vel e a mente s\u00e3. Como se trata de uma tarefa em que n\u00e3o temos de exercitar o c\u00e9rebro, mas sim a mem\u00f3ria muscular, acabamos por pensar noutras coisas. Al\u00e9m disso, tamb\u00e9m liberta endorfinas, o que, regra geral, nos deixa com uma sensa\u00e7\u00e3o mais positiva.<\/p><p>\u00a0<\/p><p>Devemos ter alguma\u00a0<strong>aten\u00e7\u00e3o com a alimenta\u00e7\u00e3o<\/strong>, certificarmo-nos que ingerimos todos os nutrientes de forma equilibrada e n\u00e3o saltar refei\u00e7\u00f5es, por mais que o dia-a-dia seja atarefado. Em caso de d\u00favida sobre o que comer ou quando comer, o ideal ser\u00e1 consultar um(a) nutricionista, pois todos temos rotinas diferentes e ele(a) saber\u00e1 a melhor forma de planear o nosso dia no que toca \u00e0 alimenta\u00e7\u00e3o. No m\u00ednimo, \u00e9 necess\u00e1rio refletir sobre o que ingerimos todos os dias, porque, no final de contas, somos o que comemos!<\/p><p>\u00a0<\/p><p>Outro aspeto tamb\u00e9m importante \u2013 e muitas vezes desvalorizado \u2013 \u00e9\u00a0<strong>o sono<\/strong>: em m\u00e9dia,\u00a0<strong>um adulto necessita de 7 a 8 horas<\/strong>\u00a0di\u00e1rias para funcionar normalmente. Dormir menos tempo pode afetar a concentra\u00e7\u00e3o, a mem\u00f3ria e a capacidade de tomar decis\u00f5es, aumentando a probabilidade de ocorrerem falhas e acidentes. Ficar demasiado tempo na cama depois de acordar, de forma recorrente, tamb\u00e9m n\u00e3o \u00e9 recomendado, quer a n\u00edvel f\u00edsico, quer ao n\u00edvel da sa\u00fade mental.<\/p>\t\t\t\t\t\t\t\t<\/div>\n\t\t\t\t<\/div>\n\t\t\t\t\t<\/div>\n\t\t<\/div>\n\t\t\t\t\t<\/div>\n\t\t<\/section>\n\t\t\t\t<section class=\"elementor-section elementor-top-section elementor-element elementor-element-c7ba83c elementor-section-boxed elementor-section-height-default elementor-section-height-default\" data-id=\"c7ba83c\" data-element_type=\"section\" data-e-type=\"section\">\n\t\t\t\t\t\t<div class=\"elementor-container elementor-column-gap-default\">\n\t\t\t\t\t<div class=\"elementor-column elementor-col-100 elementor-top-column elementor-element elementor-element-6729d8a\" data-id=\"6729d8a\" data-element_type=\"column\" data-e-type=\"column\">\n\t\t\t<div class=\"elementor-widget-wrap elementor-element-populated\">\n\t\t\t\t\t\t<div class=\"elementor-element elementor-element-6a4f619 elementor-widget elementor-widget-spacer\" data-id=\"6a4f619\" data-element_type=\"widget\" data-e-type=\"widget\" data-widget_type=\"spacer.default\">\n\t\t\t\t<div class=\"elementor-widget-container\">\n\t\t\t\t\t\t\t<div class=\"elementor-spacer\">\n\t\t\t<div class=\"elementor-spacer-inner\"><\/div>\n\t\t<\/div>\n\t\t\t\t\t\t<\/div>\n\t\t\t\t<\/div>\n\t\t\t\t<div class=\"elementor-element elementor-element-ce666b8 elementor-widget elementor-widget-heading\" data-id=\"ce666b8\" data-element_type=\"widget\" data-e-type=\"widget\" data-widget_type=\"heading.default\">\n\t\t\t\t<div class=\"elementor-widget-container\">\n\t\t\t\t\t<h2 class=\"elementor-heading-title elementor-size-default\">Resolver Problemas Pessoais<\/h2>\t\t\t\t<\/div>\n\t\t\t\t<\/div>\n\t\t\t\t<div class=\"elementor-element elementor-element-ce0366d elementor-widget-divider--view-line elementor-widget elementor-widget-divider\" data-id=\"ce0366d\" data-element_type=\"widget\" data-e-type=\"widget\" data-widget_type=\"divider.default\">\n\t\t\t\t<div class=\"elementor-widget-container\">\n\t\t\t\t\t\t\t<div class=\"elementor-divider\">\n\t\t\t<span class=\"elementor-divider-separator\">\n\t\t\t\t\t\t<\/span>\n\t\t<\/div>\n\t\t\t\t\t\t<\/div>\n\t\t\t\t<\/div>\n\t\t\t\t<div class=\"elementor-element elementor-element-d538dfa elementor-widget elementor-widget-text-editor\" data-id=\"d538dfa\" data-element_type=\"widget\" data-e-type=\"widget\" data-widget_type=\"text-editor.default\">\n\t\t\t\t<div class=\"elementor-widget-container\">\n\t\t\t\t\t\t\t\t\t<p><strong>Os problemas pessoais<\/strong>\u00a0ser\u00e3o, provavelmente, o aspecto mais complexo e dif\u00edcil de ultrapassar na hora de procurar a criatividade, seja por algo relacionado com a nossa pr\u00f3pria sa\u00fade ou de algu\u00e9m pr\u00f3ximo, seja por uma grande mudan\u00e7a que ocorreu na nossa vida e nos deixou sem disposi\u00e7\u00e3o. No entanto, a criatividade pode ser usada para tentarmos resolver o problema de forma a que deixe de afetar o nosso trabalho.<\/p><p>\u00a0<\/p><p>Se estamos sempre a pensar na discuss\u00e3o que tivemos com algu\u00e9m, o que dissemos e o que deixamos por dizer, talvez seja melhor resolver a situa\u00e7\u00e3o de uma vez por todas e tentar conversar com as pessoas envolvidas. Por vezes, um pedido de desculpas sincero ou um agradecimento s\u00e3o mais do que suficientes.<\/p><p>\u00a0<\/p><p>Desenhar ou escrever sobre o que sentimos, mesmo que sejam pequenos rabiscos ou frases sem sentido, tamb\u00e9m pode ser libertador. Algo que n\u00e3o tenha de ser partilhado com outras pessoas, mas que de certa forma sirva como escape a uma situa\u00e7\u00e3o menos agrad\u00e1vel.<\/p><p>\u00a0<\/p><p>Conversar com um psic\u00f3logo, com um colega de trabalho ou com um amigo pode ser uma grande ajuda. Embora muitas pessoas n\u00e3o se sintam confort\u00e1veis em colocar-se numa situa\u00e7\u00e3o mais vulner\u00e1vel, \u00e9 algo que, ao final de algum tempo, tem um efeito positivo na nossa disposi\u00e7\u00e3o. No fundo, deita c\u00e1 para fora!<\/p>\t\t\t\t\t\t\t\t<\/div>\n\t\t\t\t<\/div>\n\t\t\t\t\t<\/div>\n\t\t<\/div>\n\t\t\t\t\t<\/div>\n\t\t<\/section>\n\t\t\t\t<section class=\"elementor-section elementor-top-section elementor-element elementor-element-7a6899c elementor-section-boxed elementor-section-height-default elementor-section-height-default\" data-id=\"7a6899c\" data-element_type=\"section\" data-e-type=\"section\">\n\t\t\t\t\t\t<div class=\"elementor-container elementor-column-gap-default\">\n\t\t\t\t\t<div class=\"elementor-column elementor-col-100 elementor-top-column elementor-element elementor-element-8355a16\" data-id=\"8355a16\" data-element_type=\"column\" data-e-type=\"column\">\n\t\t\t<div class=\"elementor-widget-wrap elementor-element-populated\">\n\t\t\t\t\t\t<div class=\"elementor-element elementor-element-04869df elementor-widget elementor-widget-spacer\" data-id=\"04869df\" data-element_type=\"widget\" data-e-type=\"widget\" data-widget_type=\"spacer.default\">\n\t\t\t\t<div class=\"elementor-widget-container\">\n\t\t\t\t\t\t\t<div class=\"elementor-spacer\">\n\t\t\t<div class=\"elementor-spacer-inner\"><\/div>\n\t\t<\/div>\n\t\t\t\t\t\t<\/div>\n\t\t\t\t<\/div>\n\t\t\t\t<div class=\"elementor-element elementor-element-b606fe6 elementor-widget elementor-widget-heading\" data-id=\"b606fe6\" data-element_type=\"widget\" data-e-type=\"widget\" data-widget_type=\"heading.default\">\n\t\t\t\t<div class=\"elementor-widget-container\">\n\t\t\t\t\t<h2 class=\"elementor-heading-title elementor-size-default\">Controlar o Excesso de Trabalho<\/h2>\t\t\t\t<\/div>\n\t\t\t\t<\/div>\n\t\t\t\t<div class=\"elementor-element elementor-element-faa0009 elementor-widget-divider--view-line elementor-widget elementor-widget-divider\" data-id=\"faa0009\" data-element_type=\"widget\" data-e-type=\"widget\" data-widget_type=\"divider.default\">\n\t\t\t\t<div class=\"elementor-widget-container\">\n\t\t\t\t\t\t\t<div class=\"elementor-divider\">\n\t\t\t<span class=\"elementor-divider-separator\">\n\t\t\t\t\t\t<\/span>\n\t\t<\/div>\n\t\t\t\t\t\t<\/div>\n\t\t\t\t<\/div>\n\t\t\t\t<div class=\"elementor-element elementor-element-758b047 elementor-widget elementor-widget-text-editor\" data-id=\"758b047\" data-element_type=\"widget\" data-e-type=\"widget\" data-widget_type=\"text-editor.default\">\n\t\t\t\t<div class=\"elementor-widget-container\">\n\t\t\t\t\t\t\t\t\t<p>Com\u00a0<strong>o excesso de trabalho, o sentimento de\u00a0<\/strong><strong><i>overwhelming<\/i><\/strong>\u00a0provoca stress e leva-nos a pensar apenas no que temos para fazer e n\u00e3o em ideias novas e criativas que ajudem a encontrar uma solu\u00e7\u00e3o para o projeto em quest\u00e3o.<\/p><p>\u00a0<\/p><p>Devemos fazer uma lista de prioridades com as tarefas que necessitamos de fazer\u00a0<i>versus<\/i>\u00a0o que realmente queremos fazer. Estabelecer uma ordem entre as diferentes coisas, tendo em conta v\u00e1rias circunst\u00e2ncias: quanto tempo v\u00e3o demorar, at\u00e9 quando \u00e9 que t\u00eam de ser feitas e o seu grau de import\u00e2ncia para a nossa vida ou trabalho. Caso exista algo que n\u00e3o seja estritamente necess\u00e1rio ou seja pouco relevante nos pr\u00f3ximos tempos, n\u00e3o devemos ter medo de riscar da lista.<\/p><p>\u00a0<\/p><p>Nas situa\u00e7\u00f5es em que temos possibilidade de controlar o fluxo de trabalho,\u00a0<strong>podemos sempre recusar projetos durante um tempo.<\/strong>\u00a0<strong>Somos seres humanos e n\u00e3o m\u00e1quinas de produzir obras criativas e originais!<\/strong>\u00a0Caso seja poss\u00edvel, porque n\u00e3o tirar um per\u00edodo sab\u00e1tico durante um ano ou apenas alguns meses, para fazer voluntariado ou aquela viagem que estamos sempre a adiar.\u00a0<\/p><p>\u00a0<\/p><p>Seja qual for a profiss\u00e3o em quest\u00e3o,\u00a0<strong>de certeza que temos um amigo ou um colega de trabalho da mesma \u00e1rea<\/strong>\u00a0que possa estar mais dispon\u00edvel para novos projetos e talvez at\u00e9 agrade\u00e7a uma nova oportunidade de trabalho. Da mesma forma que estamos a aliviar a nossa carga de trabalho, tamb\u00e9m podemos estar a ajudar algu\u00e9m: \u00e9 um 2 em 1!<\/p><p>\u00a0<\/p><p>Dar o primeiro passo \u00e9, sem d\u00favida, o que custa mais, mas, tal como diz\u00a0<strong>Shia LaBeouf, \u201cJUST DO IT!\u201d.<\/strong>\u00a0Pode ser um meme, mas n\u00e3o deixa de ser verdade. Por vezes, o que custa \u00e9 come\u00e7ar. H\u00e1 quem diga que n\u00e3o precisamos de inspira\u00e7\u00e3o, apenas de ter vontade de trabalhar e as ideias acabam por aparecer.<\/p>\t\t\t\t\t\t\t\t<\/div>\n\t\t\t\t<\/div>\n\t\t\t\t\t<\/div>\n\t\t<\/div>\n\t\t\t\t\t<\/div>\n\t\t<\/section>\n\t\t\t\t<section class=\"elementor-section elementor-top-section elementor-element elementor-element-a4c1af6 elementor-section-boxed elementor-section-height-default elementor-section-height-default\" data-id=\"a4c1af6\" data-element_type=\"section\" data-e-type=\"section\">\n\t\t\t\t\t\t<div class=\"elementor-container elementor-column-gap-default\">\n\t\t\t\t\t<div class=\"elementor-column elementor-col-100 elementor-top-column elementor-element elementor-element-44e6210\" data-id=\"44e6210\" data-element_type=\"column\" data-e-type=\"column\">\n\t\t\t<div class=\"elementor-widget-wrap elementor-element-populated\">\n\t\t\t\t\t\t<div class=\"elementor-element elementor-element-32446fa elementor-widget elementor-widget-spacer\" data-id=\"32446fa\" data-element_type=\"widget\" data-e-type=\"widget\" data-widget_type=\"spacer.default\">\n\t\t\t\t<div class=\"elementor-widget-container\">\n\t\t\t\t\t\t\t<div class=\"elementor-spacer\">\n\t\t\t<div class=\"elementor-spacer-inner\"><\/div>\n\t\t<\/div>\n\t\t\t\t\t\t<\/div>\n\t\t\t\t<\/div>\n\t\t\t\t<div class=\"elementor-element elementor-element-a83aa72 elementor-widget elementor-widget-text-editor\" data-id=\"a83aa72\" data-element_type=\"widget\" data-e-type=\"widget\" data-widget_type=\"text-editor.default\">\n\t\t\t\t<div class=\"elementor-widget-container\">\n\t\t\t\t\t\t\t\t\t<div class=\"\"><p><strong>O importante \u00e9 aceitar o bloqueio criativo como algo perfeitamente normal<\/strong>\u00a0e descobrirmos o que funciona connosco, no entanto, caso precises de ajuda com alguma ideia para um projeto, podes sempre contar com a BOOMER para a p\u00f4r em pr\u00e1tica! \ud83d\ude42<\/p><p>\u00a0<\/p><\/div><p class=\"p2\"><span class=\"s1\"><strong>Este<\/strong>\u00a0<strong>artigo foi \u00fatil?<\/strong>\u00a0Partilha ou\u00a0<strong>deixa o teu coment\u00e1rio!<\/strong><\/span><\/p>\t\t\t\t\t\t\t\t<\/div>\n\t\t\t\t<\/div>\n\t\t\t\t\t<\/div>\n\t\t<\/div>\n\t\t\t\t\t<\/div>\n\t\t<\/section>\n\t\t\t\t<section class=\"elementor-section elementor-top-section elementor-element elementor-element-4540753 elementor-section-boxed elementor-section-height-default elementor-section-height-default\" data-id=\"4540753\" data-element_type=\"section\" data-e-type=\"section\">\n\t\t\t\t\t\t<div class=\"elementor-container elementor-column-gap-default\">\n\t\t\t\t\t<div class=\"elementor-column elementor-col-100 elementor-top-column elementor-element elementor-element-d0c1fc2\" data-id=\"d0c1fc2\" data-element_type=\"column\" data-e-type=\"column\">\n\t\t\t<div class=\"elementor-widget-wrap elementor-element-populated\">\n\t\t\t\t\t\t<div class=\"elementor-element elementor-element-5c43a59 elementor-widget elementor-widget-template\" data-id=\"5c43a59\" data-element_type=\"widget\" data-e-type=\"widget\" data-widget_type=\"template.default\">\n\t\t\t\t<div class=\"elementor-widget-container\">\n\t\t\t\t\t\t\t<div class=\"elementor-template\">\n\t\t\t\t\t<div data-elementor-type=\"section\" data-elementor-id=\"17461\" class=\"elementor elementor-17461\" data-elementor-post-type=\"elementor_library\">\n\t\t\t\t\t<section class=\"elementor-section elementor-top-section elementor-element elementor-element-a19dc2b elementor-section-full_width elementor-section-stretched elementor-section-height-default elementor-section-height-default\" data-id=\"a19dc2b\" data-element_type=\"section\" data-e-type=\"section\" data-settings=\"{&quot;background_background&quot;:&quot;classic&quot;,&quot;stretch_section&quot;:&quot;section-stretched&quot;}\">\n\t\t\t\t\t\t<div class=\"elementor-container elementor-column-gap-default\">\n\t\t\t\t\t<div class=\"elementor-column elementor-col-100 elementor-top-column elementor-element elementor-element-6fc81c1\" data-id=\"6fc81c1\" data-element_type=\"column\" data-e-type=\"column\">\n\t\t\t<div class=\"elementor-widget-wrap elementor-element-populated\">\n\t\t\t\t\t\t<div class=\"elementor-element elementor-element-29625fc elementor-widget elementor-widget-heading\" data-id=\"29625fc\" data-element_type=\"widget\" data-e-type=\"widget\" data-widget_type=\"heading.default\">\n\t\t\t\t<div class=\"elementor-widget-container\">\n\t\t\t\t\t<h4 class=\"elementor-heading-title elementor-size-default\">V\u00ea mais artigos deste Autor<\/h4>\t\t\t\t<\/div>\n\t\t\t\t<\/div>\n\t\t\t\t\t<\/div>\n\t\t<\/div>\n\t\t\t\t\t<\/div>\n\t\t<\/section>\n\t\t\t\t<section class=\"elementor-section elementor-top-section elementor-element elementor-element-e0f60f1 elementor-section-full_width elementor-section-stretched elementor-section-height-default elementor-section-height-default\" data-id=\"e0f60f1\" data-element_type=\"section\" data-e-type=\"section\" data-settings=\"{&quot;background_background&quot;:&quot;gradient&quot;,&quot;stretch_section&quot;:&quot;section-stretched&quot;}\">\n\t\t\t\t\t\t<div class=\"elementor-container elementor-column-gap-extended\">\n\t\t\t\t\t<div class=\"elementor-column elementor-col-100 elementor-top-column elementor-element elementor-element-f312511\" data-id=\"f312511\" data-element_type=\"column\" data-e-type=\"column\">\n\t\t\t<div class=\"elementor-widget-wrap elementor-element-populated\">\n\t\t\t\t\t\t<section class=\"elementor-section elementor-inner-section elementor-element elementor-element-347d879 elementor-section-boxed elementor-section-height-default elementor-section-height-default\" data-id=\"347d879\" data-element_type=\"section\" data-e-type=\"section\">\n\t\t\t\t\t\t<div class=\"elementor-container elementor-column-gap-default\">\n\t\t\t\t\t<div class=\"elementor-column elementor-col-50 elementor-inner-column elementor-element elementor-element-7489df5\" data-id=\"7489df5\" data-element_type=\"column\" data-e-type=\"column\">\n\t\t\t<div class=\"elementor-widget-wrap elementor-element-populated\">\n\t\t\t\t\t\t<div class=\"elementor-element elementor-element-0bfe494 elementor-widget elementor-widget-premium-addon-person\" data-id=\"0bfe494\" data-element_type=\"widget\" data-e-type=\"widget\" data-settings=\"{&quot;persons_per_row&quot;:&quot;100%&quot;,&quot;persons_per_row_tablet&quot;:&quot;100%&quot;,&quot;persons_per_row_mobile&quot;:&quot;100%&quot;}\" data-widget_type=\"premium-addon-person.default\">\n\t\t\t\t<div class=\"elementor-widget-container\">\n\t\t\t\t\t\t\t<div class=\"premium-persons-container premium-person-style1 multiple-persons\" data-persons-equal=\"\">\n\t\t\t\t\t\t\t\t<div class=\"premium-person-container premium-person-none-effect\">\n\t\t\t\t\t\t<div class=\"premium-person-image-container\">\n\t\t\t\t\t\t<img decoding=\"async\" width=\"500\" height=\"700\" data-src=\"https:\/\/boomer.pt\/raiodoblog\/wp-content\/uploads\/2023\/11\/fotos_equipa_0004_TO_1.jpg\" class=\"attachment-full size-full wp-image-19982 lazyload\" alt=\"\" data-srcset=\"https:\/\/boomer.pt\/raiodoblog\/wp-content\/uploads\/2023\/11\/fotos_equipa_0004_TO_1.jpg 500w, https:\/\/boomer.pt\/raiodoblog\/wp-content\/uploads\/2023\/11\/fotos_equipa_0004_TO_1-214x300.jpg 214w\" data-sizes=\"(max-width: 500px) 100vw, 500px\" src=\"data:image\/gif;base64,R0lGODlhAQABAAAAACH5BAEKAAEALAAAAAABAAEAAAICTAEAOw==\" style=\"--smush-placeholder-width: 500px; --smush-placeholder-aspect-ratio: 500\/700;\" \/>\t\t\t\t\t\t\t\t\t\t\t\t\t<\/div>\n\t\t\t\t\t\t<div class=\"premium-person-info\">\n\t\t\t\t\t\t\t\t\t\t<div class=\"premium-person-info-container\">\n\t\t\t\t\t\t\t\t\t<h3 class=\"premium-person-name\">Tiago Oliveira<\/h3>\n\t\t\t\t\t\t\t\t\t\t\t<h5 class=\"premium-person-title\">\n\t\t\t\t\t\t\t<span>Designer<\/span>\n\t\t\t\t\t\t<\/h5>\n\t\t\t\t\t\t\t\t<\/div>\n\t\t\t\t\t\t\t\t\t<\/div>\n\t\t\t\t\t<\/div>\n\t\t\t\t\t\t\t<\/div>\n\t\t\t\t\t\t<\/div>\n\t\t\t\t<\/div>\n\t\t\t\t\t<\/div>\n\t\t<\/div>\n\t\t\t\t<div class=\"elementor-column elementor-col-50 elementor-inner-column elementor-element elementor-element-e032613\" data-id=\"e032613\" data-element_type=\"column\" data-e-type=\"column\">\n\t\t\t<div class=\"elementor-widget-wrap elementor-element-populated\">\n\t\t\t\t\t\t<div class=\"elementor-element elementor-element-25002f8 elementor-grid-3 elementor-grid-tablet-2 elementor-grid-mobile-1 elementor-posts--thumbnail-top elementor-card-shadow-yes elementor-posts__hover-gradient elementor-widget elementor-widget-posts\" data-id=\"25002f8\" data-element_type=\"widget\" data-e-type=\"widget\" data-settings=\"{&quot;cards_columns&quot;:&quot;3&quot;,&quot;cards_columns_tablet&quot;:&quot;2&quot;,&quot;cards_columns_mobile&quot;:&quot;1&quot;,&quot;cards_row_gap&quot;:{&quot;unit&quot;:&quot;px&quot;,&quot;size&quot;:35,&quot;sizes&quot;:[]},&quot;cards_row_gap_tablet&quot;:{&quot;unit&quot;:&quot;px&quot;,&quot;size&quot;:&quot;&quot;,&quot;sizes&quot;:[]},&quot;cards_row_gap_mobile&quot;:{&quot;unit&quot;:&quot;px&quot;,&quot;size&quot;:&quot;&quot;,&quot;sizes&quot;:[]}}\" data-widget_type=\"posts.cards\">\n\t\t\t\t<div class=\"elementor-widget-container\">\n\t\t\t\t\t\t\t<div class=\"elementor-posts-container elementor-posts elementor-posts--skin-cards elementor-grid\" role=\"list\">\n\t\t\t\t<article class=\"elementor-post elementor-grid-item post-19205 post type-post status-publish format-standard has-post-thumbnail hentry category-design category-marketing tag-agencia-digital tag-agenciademarketing tag-ai tag-boomer tag-boomer-academy tag-branding tag-design tag-formas tag-gestaoredesosciais tag-marca tag-marketingdigital tag-psicologia tag-redessociais tag-significado tag-vila-nova-de-famalicao\" role=\"listitem\">\n\t\t\t<div class=\"elementor-post__card\">\n\t\t\t\t<a class=\"elementor-post__thumbnail__link\" href=\"https:\/\/boomer.pt\/raiodoblog\/psicologia-das-formas-o-significado-das-formas-no-design\/\" tabindex=\"-1\" target=\"_blank\"><div class=\"elementor-post__thumbnail\"><img decoding=\"async\" width=\"2001\" height=\"1001\" data-src=\"https:\/\/boomer.pt\/raiodoblog\/wp-content\/uploads\/2023\/10\/w41_PsicologiaFormas_banner-blog.png\" class=\"attachment-full size-full wp-image-19206 lazyload\" alt=\"\" data-srcset=\"https:\/\/boomer.pt\/raiodoblog\/wp-content\/uploads\/2023\/10\/w41_PsicologiaFormas_banner-blog.png 2001w, https:\/\/boomer.pt\/raiodoblog\/wp-content\/uploads\/2023\/10\/w41_PsicologiaFormas_banner-blog-300x150.png 300w, https:\/\/boomer.pt\/raiodoblog\/wp-content\/uploads\/2023\/10\/w41_PsicologiaFormas_banner-blog-1024x512.png 1024w, https:\/\/boomer.pt\/raiodoblog\/wp-content\/uploads\/2023\/10\/w41_PsicologiaFormas_banner-blog-768x384.png 768w, https:\/\/boomer.pt\/raiodoblog\/wp-content\/uploads\/2023\/10\/w41_PsicologiaFormas_banner-blog-1536x768.png 1536w\" data-sizes=\"(max-width: 2001px) 100vw, 2001px\" src=\"data:image\/gif;base64,R0lGODlhAQABAAAAACH5BAEKAAEALAAAAAABAAEAAAICTAEAOw==\" style=\"--smush-placeholder-width: 2001px; --smush-placeholder-aspect-ratio: 2001\/1001;\" \/><\/div><\/a>\n\t\t\t\t<div class=\"elementor-post__text\">\n\t\t\t\t<h3 class=\"elementor-post__title\">\n\t\t\t<a href=\"https:\/\/boomer.pt\/raiodoblog\/psicologia-das-formas-o-significado-das-formas-no-design\/\" target=&quot;_blank&quot;>\n\t\t\t\tPsicologia das formas: O Significado das formas no design\t\t\t<\/a>\n\t\t<\/h3>\n\t\t\t\t<div class=\"elementor-post__excerpt\">\n\t\t\t<p>Cada elemento que escolhemos para uma pe\u00e7a gr\u00e1fica tem o poder de transmitir mensagens e influenciar a perce\u00e7\u00e3o do p\u00fablico.<\/p>\n<p>Entre esses elementos do design, as formas desempenham um papel fundamental na forma como percebemos e reagimos aos elementos visuais. <\/p>\n\t\t<\/div>\n\t\t\t\t\t<div class=\"elementor-post__read-more-wrapper\">\n\t\t\n\t\t<a class=\"elementor-post__read-more\" href=\"https:\/\/boomer.pt\/raiodoblog\/psicologia-das-formas-o-significado-das-formas-no-design\/\" aria-label=\"Read more about Psicologia das formas: O Significado das formas no design\" tabindex=\"-1\" target=\"_blank\">\n\t\t\tLER MAIS\t\t<\/a>\n\n\t\t\t\t\t<\/div>\n\t\t\t\t<\/div>\n\t\t\t\t<div class=\"elementor-post__meta-data\">\n\t\t\t\t\t<span class=\"elementor-post-date\">\n\t\t\t8 de March, 2025\t\t<\/span>\n\t\t\t\t<\/div>\n\t\t\t\t\t<\/div>\n\t\t<\/article>\n\t\t\t\t<article class=\"elementor-post elementor-grid-item post-16827 post type-post status-publish format-standard has-post-thumbnail hentry category-comunicacao category-criatividade category-design tag-branding tag-city tag-citybranding tag-design tag-urbanbranding\" role=\"listitem\">\n\t\t\t<div class=\"elementor-post__card\">\n\t\t\t\t<a class=\"elementor-post__thumbnail__link\" href=\"https:\/\/boomer.pt\/raiodoblog\/city-branding-transformar-cidades-em-marcas-vivas\/\" tabindex=\"-1\" target=\"_blank\"><div class=\"elementor-post__thumbnail\"><img decoding=\"async\" width=\"2001\" height=\"1001\" data-src=\"https:\/\/boomer.pt\/raiodoblog\/wp-content\/uploads\/2023\/08\/w31_CityBranding_banner-blog.png\" class=\"attachment-full size-full wp-image-16828 lazyload\" alt=\"\" data-srcset=\"https:\/\/boomer.pt\/raiodoblog\/wp-content\/uploads\/2023\/08\/w31_CityBranding_banner-blog.png 2001w, https:\/\/boomer.pt\/raiodoblog\/wp-content\/uploads\/2023\/08\/w31_CityBranding_banner-blog-300x150.png 300w, https:\/\/boomer.pt\/raiodoblog\/wp-content\/uploads\/2023\/08\/w31_CityBranding_banner-blog-1024x512.png 1024w, https:\/\/boomer.pt\/raiodoblog\/wp-content\/uploads\/2023\/08\/w31_CityBranding_banner-blog-768x384.png 768w, https:\/\/boomer.pt\/raiodoblog\/wp-content\/uploads\/2023\/08\/w31_CityBranding_banner-blog-1536x768.png 1536w, https:\/\/boomer.pt\/raiodoblog\/wp-content\/uploads\/2023\/08\/w31_CityBranding_banner-blog-1568x784.png 1568w\" data-sizes=\"(max-width: 2001px) 100vw, 2001px\" src=\"data:image\/gif;base64,R0lGODlhAQABAAAAACH5BAEKAAEALAAAAAABAAEAAAICTAEAOw==\" style=\"--smush-placeholder-width: 2001px; --smush-placeholder-aspect-ratio: 2001\/1001;\" \/><\/div><\/a>\n\t\t\t\t<div class=\"elementor-post__text\">\n\t\t\t\t<h3 class=\"elementor-post__title\">\n\t\t\t<a href=\"https:\/\/boomer.pt\/raiodoblog\/city-branding-transformar-cidades-em-marcas-vivas\/\" target=&quot;_blank&quot;>\n\t\t\t\tCity Branding: Transformar Cidades em Marcas Vivas\t\t\t<\/a>\n\t\t<\/h3>\n\t\t\t\t<div class=\"elementor-post__excerpt\">\n\t\t\t<p>No cen\u00e1rio global cada vez mais competitivo, onde as cidades se tornam centros de neg\u00f3cios, turismo e cultura, o conceito de &#8220;city branding&#8221; ou \u201cplace branding\u201d ganha relev\u00e2ncia. <\/p>\n\t\t<\/div>\n\t\t\t\t\t<div class=\"elementor-post__read-more-wrapper\">\n\t\t\n\t\t<a class=\"elementor-post__read-more\" href=\"https:\/\/boomer.pt\/raiodoblog\/city-branding-transformar-cidades-em-marcas-vivas\/\" aria-label=\"Read more about City Branding: Transformar Cidades em Marcas Vivas\" tabindex=\"-1\" target=\"_blank\">\n\t\t\tLER MAIS\t\t<\/a>\n\n\t\t\t\t\t<\/div>\n\t\t\t\t<\/div>\n\t\t\t\t<div class=\"elementor-post__meta-data\">\n\t\t\t\t\t<span class=\"elementor-post-date\">\n\t\t\t31 de August, 2024\t\t<\/span>\n\t\t\t\t<\/div>\n\t\t\t\t\t<\/div>\n\t\t<\/article>\n\t\t\t\t<article class=\"elementor-post elementor-grid-item post-20848 post type-post status-publish format-standard has-post-thumbnail hentry category-comunicacao category-design category-marketing tag-agencia-digital tag-agenciademarketing tag-ai tag-boomer tag-boomer-academy tag-branding tag-design tag-formas tag-gestaoredesosciais tag-marca tag-vila-nova-de-famalicao\" role=\"listitem\">\n\t\t\t<div class=\"elementor-post__card\">\n\t\t\t\t<a class=\"elementor-post__thumbnail__link\" href=\"https:\/\/boomer.pt\/raiodoblog\/principios-do-design-inclusivo\/\" tabindex=\"-1\" target=\"_blank\"><div class=\"elementor-post__thumbnail\"><img decoding=\"async\" width=\"1403\" height=\"702\" data-src=\"https:\/\/boomer.pt\/raiodoblog\/wp-content\/uploads\/2023\/12\/BLOG-INSTAGRAM-NEWSLETTER-parte-4_w49_DesignIclusivo_banner-blog.webp\" class=\"attachment-full size-full wp-image-20854 lazyload\" alt=\"\" data-srcset=\"https:\/\/boomer.pt\/raiodoblog\/wp-content\/uploads\/2023\/12\/BLOG-INSTAGRAM-NEWSLETTER-parte-4_w49_DesignIclusivo_banner-blog.webp 1403w, https:\/\/boomer.pt\/raiodoblog\/wp-content\/uploads\/2023\/12\/BLOG-INSTAGRAM-NEWSLETTER-parte-4_w49_DesignIclusivo_banner-blog-300x150.webp 300w, https:\/\/boomer.pt\/raiodoblog\/wp-content\/uploads\/2023\/12\/BLOG-INSTAGRAM-NEWSLETTER-parte-4_w49_DesignIclusivo_banner-blog-1024x512.webp 1024w, https:\/\/boomer.pt\/raiodoblog\/wp-content\/uploads\/2023\/12\/BLOG-INSTAGRAM-NEWSLETTER-parte-4_w49_DesignIclusivo_banner-blog-768x384.webp 768w\" data-sizes=\"(max-width: 1403px) 100vw, 1403px\" src=\"data:image\/gif;base64,R0lGODlhAQABAAAAACH5BAEKAAEALAAAAAABAAEAAAICTAEAOw==\" style=\"--smush-placeholder-width: 1403px; --smush-placeholder-aspect-ratio: 1403\/702;\" \/><\/div><\/a>\n\t\t\t\t<div class=\"elementor-post__text\">\n\t\t\t\t<h3 class=\"elementor-post__title\">\n\t\t\t<a href=\"https:\/\/boomer.pt\/raiodoblog\/principios-do-design-inclusivo\/\" target=&quot;_blank&quot;>\n\t\t\t\t5 princ\u00edpios do Design Inclusivo\t\t\t<\/a>\n\t\t<\/h3>\n\t\t\t\t<div class=\"elementor-post__excerpt\">\n\t\t\t<p>\u00c0 medida que as marcas procuram relacionar-se com uma audi\u00eancia cada vez mais diversificada, o design gr\u00e1fico inclusivo emerge como uma ferramenta poderosa para criar estrat\u00e9gias e produtos que transcendem barreiras. Este artigo explora cinco princ\u00edpios fundamentais do design gr\u00e1fico inclusivo e como as marcas os podem incorporar para ampliar o seu alcance e construir uma presen\u00e7a mais inclusiva e aut\u00eantica.<\/p>\n\t\t<\/div>\n\t\t\t\t\t<div class=\"elementor-post__read-more-wrapper\">\n\t\t\n\t\t<a class=\"elementor-post__read-more\" href=\"https:\/\/boomer.pt\/raiodoblog\/principios-do-design-inclusivo\/\" aria-label=\"Read more about 5 princ\u00edpios do Design Inclusivo\" tabindex=\"-1\" target=\"_blank\">\n\t\t\tLER MAIS\t\t<\/a>\n\n\t\t\t\t\t<\/div>\n\t\t\t\t<\/div>\n\t\t\t\t<div class=\"elementor-post__meta-data\">\n\t\t\t\t\t<span class=\"elementor-post-date\">\n\t\t\t8 de May, 2023\t\t<\/span>\n\t\t\t\t<\/div>\n\t\t\t\t\t<\/div>\n\t\t<\/article>\n\t\t\t\t<\/div>\n\t\t\n\t\t\t\t\t\t<\/div>\n\t\t\t\t<\/div>\n\t\t\t\t\t<\/div>\n\t\t<\/div>\n\t\t\t\t\t<\/div>\n\t\t<\/section>\n\t\t\t\t\t<\/div>\n\t\t<\/div>\n\t\t\t\t\t<\/div>\n\t\t<\/section>\n\t\t\t\t<\/div>\n\t\t\t\t<\/div>\n\t\t\t\t\t\t<\/div>\n\t\t\t\t<\/div>\n\t\t\t\t\t<\/div>\n\t\t<\/div>\n\t\t\t\t\t<\/div>\n\t\t<\/section>\n\t\t\t\t<\/div>\n\t\t","protected":false},"excerpt":{"rendered":"<p><img decoding=\"async\" style=\"display: block; margin-left: auto; margin-right: auto;\" data-src=\"images\/o_raio_do_blog\/25-06-21\/24_5-ferramentas-para-social-media-manager_1.png\" alt=\"\" src=\"data:image\/gif;base64,R0lGODlhAQABAAAAACH5BAEKAAEALAAAAAABAAEAAAICTAEAOw==\" class=\"lazyload\" \/>Mas nem todos os bloqueios criativos s\u00e3o iguais e podem surgir por diferentes motivos.<\/p>\n<div class=\"\">\n","protected":false},"author":5,"featured_media":7169,"comment_status":"open","ping_status":"open","sticky":false,"template":"elementor_theme","format":"standard","meta":{"footnotes":""},"categories":[129],"tags":[131,130,156,268,197,198,140,154,151,139,148,133,132],"class_list":["post-7170","post","type-post","status-publish","format-standard","has-post-thumbnail","hentry","category-produtividade","tag-agencia-digital","tag-agenciademarketing","tag-ai","tag-bloqueio-criativo","tag-boomer","tag-boomer-academy","tag-branding","tag-design","tag-gestaoredesosciais","tag-marca","tag-marketingdigital","tag-redessociais","tag-vila-nova-de-famalicao"],"yoast_head":"<!-- This site is optimized with the Yoast SEO plugin v24.7 - https:\/\/yoast.com\/wordpress\/plugins\/seo\/ -->\n<title>Como sair de um Bloqueio Criativo? - BOOMER<\/title>\n<meta name=\"description\" content=\"Agora que entramos num novo ano, com o bandulho cheio de comida e bebida, quando regressamos \u00e9 normal sentirmos bloqueios criativos...\" \/>\n<meta name=\"robots\" content=\"index, follow, max-snippet:-1, max-image-preview:large, max-video-preview:-1\" \/>\n<link rel=\"canonical\" href=\"https:\/\/boomer.pt\/raiodoblog\/como-sair-de-um-bloqueio-criativo\/\" \/>\n<meta property=\"og:locale\" content=\"en_US\" \/>\n<meta property=\"og:type\" content=\"article\" \/>\n<meta property=\"og:title\" content=\"Como sair de um Bloqueio Criativo? - BOOMER\" \/>\n<meta property=\"og:description\" content=\"Agora que entramos num novo ano, com o bandulho cheio de comida e bebida, quando regressamos \u00e9 normal sentirmos bloqueios criativos...\" \/>\n<meta property=\"og:url\" content=\"https:\/\/boomer.pt\/raiodoblog\/como-sair-de-um-bloqueio-criativo\/\" \/>\n<meta property=\"og:site_name\" content=\"BOOMER\" \/>\n<meta property=\"article:publisher\" content=\"https:\/\/www.facebook.com\/boomer.pt\" \/>\n<meta property=\"article:published_time\" content=\"2019-12-10T08:09:49+00:00\" \/>\n<meta property=\"og:image\" content=\"https:\/\/boomer.pt\/raiodoblog\/wp-content\/uploads\/2022\/01\/w04_artigo-1024x512.png\" \/>\n\t<meta property=\"og:image:width\" content=\"1024\" \/>\n\t<meta property=\"og:image:height\" content=\"512\" \/>\n\t<meta property=\"og:image:type\" content=\"image\/png\" \/>\n<meta name=\"author\" content=\"Tiago Oliveira\" \/>\n<meta name=\"twitter:card\" content=\"summary_large_image\" \/>\n<meta name=\"twitter:label1\" content=\"Written by\" \/>\n\t<meta name=\"twitter:data1\" content=\"Tiago Oliveira\" \/>\n\t<meta name=\"twitter:label2\" content=\"Est. reading time\" \/>\n\t<meta name=\"twitter:data2\" content=\"8 minutes\" \/>\n<script type=\"application\/ld+json\" class=\"yoast-schema-graph\">{\"@context\":\"https:\/\/schema.org\",\"@graph\":[{\"@type\":\"Article\",\"@id\":\"https:\/\/boomer.pt\/raiodoblog\/como-sair-de-um-bloqueio-criativo\/#article\",\"isPartOf\":{\"@id\":\"https:\/\/boomer.pt\/raiodoblog\/como-sair-de-um-bloqueio-criativo\/\"},\"author\":{\"name\":\"Tiago Oliveira\",\"@id\":\"https:\/\/boomer.pt\/raiodoblog\/#\/schema\/person\/b3543747e5383f4bb8bbbfa21499bf37\"},\"headline\":\"Como sair de um Bloqueio Criativo?\",\"datePublished\":\"2019-12-10T08:09:49+00:00\",\"mainEntityOfPage\":{\"@id\":\"https:\/\/boomer.pt\/raiodoblog\/como-sair-de-um-bloqueio-criativo\/\"},\"wordCount\":1550,\"commentCount\":0,\"publisher\":{\"@id\":\"https:\/\/boomer.pt\/raiodoblog\/#organization\"},\"image\":{\"@id\":\"https:\/\/boomer.pt\/raiodoblog\/como-sair-de-um-bloqueio-criativo\/#primaryimage\"},\"thumbnailUrl\":\"https:\/\/boomer.pt\/raiodoblog\/wp-content\/uploads\/2022\/01\/w04_artigo.png\",\"keywords\":[\"agencia digital\",\"agenciademarketing\",\"ai\",\"Bloqueio Criativo\",\"Boomer\",\"Boomer Academy\",\"branding\",\"design\",\"gestaoredesosciais\",\"marca\",\"marketingdigital\",\"redessociais\",\"vila nova de famalicao\"],\"articleSection\":[\"Produtividade\"],\"inLanguage\":\"en-US\",\"potentialAction\":[{\"@type\":\"CommentAction\",\"name\":\"Comment\",\"target\":[\"https:\/\/boomer.pt\/raiodoblog\/como-sair-de-um-bloqueio-criativo\/#respond\"]}]},{\"@type\":\"WebPage\",\"@id\":\"https:\/\/boomer.pt\/raiodoblog\/como-sair-de-um-bloqueio-criativo\/\",\"url\":\"https:\/\/boomer.pt\/raiodoblog\/como-sair-de-um-bloqueio-criativo\/\",\"name\":\"Como sair de um Bloqueio Criativo? - BOOMER\",\"isPartOf\":{\"@id\":\"https:\/\/boomer.pt\/raiodoblog\/#website\"},\"primaryImageOfPage\":{\"@id\":\"https:\/\/boomer.pt\/raiodoblog\/como-sair-de-um-bloqueio-criativo\/#primaryimage\"},\"image\":{\"@id\":\"https:\/\/boomer.pt\/raiodoblog\/como-sair-de-um-bloqueio-criativo\/#primaryimage\"},\"thumbnailUrl\":\"https:\/\/boomer.pt\/raiodoblog\/wp-content\/uploads\/2022\/01\/w04_artigo.png\",\"datePublished\":\"2019-12-10T08:09:49+00:00\",\"description\":\"Agora que entramos num novo ano, com o bandulho cheio de comida e bebida, quando regressamos \u00e9 normal sentirmos bloqueios criativos...\",\"breadcrumb\":{\"@id\":\"https:\/\/boomer.pt\/raiodoblog\/como-sair-de-um-bloqueio-criativo\/#breadcrumb\"},\"inLanguage\":\"en-US\",\"potentialAction\":[{\"@type\":\"ReadAction\",\"target\":[\"https:\/\/boomer.pt\/raiodoblog\/como-sair-de-um-bloqueio-criativo\/\"]}]},{\"@type\":\"ImageObject\",\"inLanguage\":\"en-US\",\"@id\":\"https:\/\/boomer.pt\/raiodoblog\/como-sair-de-um-bloqueio-criativo\/#primaryimage\",\"url\":\"https:\/\/boomer.pt\/raiodoblog\/wp-content\/uploads\/2022\/01\/w04_artigo.png\",\"contentUrl\":\"https:\/\/boomer.pt\/raiodoblog\/wp-content\/uploads\/2022\/01\/w04_artigo.png\",\"width\":2001,\"height\":1001},{\"@type\":\"BreadcrumbList\",\"@id\":\"https:\/\/boomer.pt\/raiodoblog\/como-sair-de-um-bloqueio-criativo\/#breadcrumb\",\"itemListElement\":[{\"@type\":\"ListItem\",\"position\":1,\"name\":\"In\u00edcio\",\"item\":\"https:\/\/boomer.pt\/raiodoblog\/\"},{\"@type\":\"ListItem\",\"position\":2,\"name\":\"Como sair de um Bloqueio Criativo?\"}]},{\"@type\":\"WebSite\",\"@id\":\"https:\/\/boomer.pt\/raiodoblog\/#website\",\"url\":\"https:\/\/boomer.pt\/raiodoblog\/\",\"name\":\"BOOMER\",\"description\":\"Brand &amp; Digital Agency\",\"publisher\":{\"@id\":\"https:\/\/boomer.pt\/raiodoblog\/#organization\"},\"potentialAction\":[{\"@type\":\"SearchAction\",\"target\":{\"@type\":\"EntryPoint\",\"urlTemplate\":\"https:\/\/boomer.pt\/raiodoblog\/?s={search_term_string}\"},\"query-input\":{\"@type\":\"PropertyValueSpecification\",\"valueRequired\":true,\"valueName\":\"search_term_string\"}}],\"inLanguage\":\"en-US\"},{\"@type\":\"Organization\",\"@id\":\"https:\/\/boomer.pt\/raiodoblog\/#organization\",\"name\":\"BOOMER\",\"url\":\"https:\/\/boomer.pt\/raiodoblog\/\",\"logo\":{\"@type\":\"ImageObject\",\"inLanguage\":\"en-US\",\"@id\":\"https:\/\/boomer.pt\/raiodoblog\/#\/schema\/logo\/image\/\",\"url\":\"https:\/\/boomer.pt\/raiodoblog\/wp-content\/uploads\/2022\/10\/BoomerLogo-2.svg\",\"contentUrl\":\"https:\/\/boomer.pt\/raiodoblog\/wp-content\/uploads\/2022\/10\/BoomerLogo-2.svg\",\"width\":154,\"height\":40,\"caption\":\"BOOMER\"},\"image\":{\"@id\":\"https:\/\/boomer.pt\/raiodoblog\/#\/schema\/logo\/image\/\"},\"sameAs\":[\"https:\/\/www.facebook.com\/boomer.pt\",\"https:\/\/www.instagram.com\/boomerpt\/\",\"https:\/\/www.linkedin.com\/company\/2641069\/admin\/\",\"https:\/\/www.youtube.com\/channel\/UCJ4-FswWDdO5i1UVdIUqtGw\/feed\",\"https:\/\/www.behance.net\/boomer_pt\"]},{\"@type\":\"Person\",\"@id\":\"https:\/\/boomer.pt\/raiodoblog\/#\/schema\/person\/b3543747e5383f4bb8bbbfa21499bf37\",\"name\":\"Tiago Oliveira\",\"image\":{\"@type\":\"ImageObject\",\"inLanguage\":\"en-US\",\"@id\":\"https:\/\/boomer.pt\/raiodoblog\/#\/schema\/person\/image\/\",\"url\":\"https:\/\/secure.gravatar.com\/avatar\/6eb59808feba8e22cfa7ed2be6dbbcfdb382a8694f65786be3ab472eb52cb717?s=96&d=mm&r=g\",\"contentUrl\":\"https:\/\/secure.gravatar.com\/avatar\/6eb59808feba8e22cfa7ed2be6dbbcfdb382a8694f65786be3ab472eb52cb717?s=96&d=mm&r=g\",\"caption\":\"Tiago Oliveira\"},\"description\":\"Designer\",\"url\":\"https:\/\/boomer.pt\/raiodoblog\/author\/tiago-oliveira\/\"}]}<\/script>\n<!-- \/ Yoast SEO plugin. -->","yoast_head_json":{"title":"Como sair de um Bloqueio Criativo? - BOOMER","description":"Agora que entramos num novo ano, com o bandulho cheio de comida e bebida, quando regressamos \u00e9 normal sentirmos bloqueios criativos...","robots":{"index":"index","follow":"follow","max-snippet":"max-snippet:-1","max-image-preview":"max-image-preview:large","max-video-preview":"max-video-preview:-1"},"canonical":"https:\/\/boomer.pt\/raiodoblog\/como-sair-de-um-bloqueio-criativo\/","og_locale":"en_US","og_type":"article","og_title":"Como sair de um Bloqueio Criativo? - BOOMER","og_description":"Agora que entramos num novo ano, com o bandulho cheio de comida e bebida, quando regressamos \u00e9 normal sentirmos bloqueios criativos...","og_url":"https:\/\/boomer.pt\/raiodoblog\/como-sair-de-um-bloqueio-criativo\/","og_site_name":"BOOMER","article_publisher":"https:\/\/www.facebook.com\/boomer.pt","article_published_time":"2019-12-10T08:09:49+00:00","og_image":[{"width":1024,"height":512,"url":"https:\/\/boomer.pt\/raiodoblog\/wp-content\/uploads\/2022\/01\/w04_artigo-1024x512.png","type":"image\/png"}],"author":"Tiago Oliveira","twitter_card":"summary_large_image","twitter_misc":{"Written by":"Tiago Oliveira","Est. reading time":"8 minutes"},"schema":{"@context":"https:\/\/schema.org","@graph":[{"@type":"Article","@id":"https:\/\/boomer.pt\/raiodoblog\/como-sair-de-um-bloqueio-criativo\/#article","isPartOf":{"@id":"https:\/\/boomer.pt\/raiodoblog\/como-sair-de-um-bloqueio-criativo\/"},"author":{"name":"Tiago Oliveira","@id":"https:\/\/boomer.pt\/raiodoblog\/#\/schema\/person\/b3543747e5383f4bb8bbbfa21499bf37"},"headline":"Como sair de um Bloqueio Criativo?","datePublished":"2019-12-10T08:09:49+00:00","mainEntityOfPage":{"@id":"https:\/\/boomer.pt\/raiodoblog\/como-sair-de-um-bloqueio-criativo\/"},"wordCount":1550,"commentCount":0,"publisher":{"@id":"https:\/\/boomer.pt\/raiodoblog\/#organization"},"image":{"@id":"https:\/\/boomer.pt\/raiodoblog\/como-sair-de-um-bloqueio-criativo\/#primaryimage"},"thumbnailUrl":"https:\/\/boomer.pt\/raiodoblog\/wp-content\/uploads\/2022\/01\/w04_artigo.png","keywords":["agencia digital","agenciademarketing","ai","Bloqueio Criativo","Boomer","Boomer Academy","branding","design","gestaoredesosciais","marca","marketingdigital","redessociais","vila nova de famalicao"],"articleSection":["Produtividade"],"inLanguage":"en-US","potentialAction":[{"@type":"CommentAction","name":"Comment","target":["https:\/\/boomer.pt\/raiodoblog\/como-sair-de-um-bloqueio-criativo\/#respond"]}]},{"@type":"WebPage","@id":"https:\/\/boomer.pt\/raiodoblog\/como-sair-de-um-bloqueio-criativo\/","url":"https:\/\/boomer.pt\/raiodoblog\/como-sair-de-um-bloqueio-criativo\/","name":"Como sair de um Bloqueio Criativo? - BOOMER","isPartOf":{"@id":"https:\/\/boomer.pt\/raiodoblog\/#website"},"primaryImageOfPage":{"@id":"https:\/\/boomer.pt\/raiodoblog\/como-sair-de-um-bloqueio-criativo\/#primaryimage"},"image":{"@id":"https:\/\/boomer.pt\/raiodoblog\/como-sair-de-um-bloqueio-criativo\/#primaryimage"},"thumbnailUrl":"https:\/\/boomer.pt\/raiodoblog\/wp-content\/uploads\/2022\/01\/w04_artigo.png","datePublished":"2019-12-10T08:09:49+00:00","description":"Agora que entramos num novo ano, com o bandulho cheio de comida e bebida, quando regressamos \u00e9 normal sentirmos bloqueios criativos...","breadcrumb":{"@id":"https:\/\/boomer.pt\/raiodoblog\/como-sair-de-um-bloqueio-criativo\/#breadcrumb"},"inLanguage":"en-US","potentialAction":[{"@type":"ReadAction","target":["https:\/\/boomer.pt\/raiodoblog\/como-sair-de-um-bloqueio-criativo\/"]}]},{"@type":"ImageObject","inLanguage":"en-US","@id":"https:\/\/boomer.pt\/raiodoblog\/como-sair-de-um-bloqueio-criativo\/#primaryimage","url":"https:\/\/boomer.pt\/raiodoblog\/wp-content\/uploads\/2022\/01\/w04_artigo.png","contentUrl":"https:\/\/boomer.pt\/raiodoblog\/wp-content\/uploads\/2022\/01\/w04_artigo.png","width":2001,"height":1001},{"@type":"BreadcrumbList","@id":"https:\/\/boomer.pt\/raiodoblog\/como-sair-de-um-bloqueio-criativo\/#breadcrumb","itemListElement":[{"@type":"ListItem","position":1,"name":"In\u00edcio","item":"https:\/\/boomer.pt\/raiodoblog\/"},{"@type":"ListItem","position":2,"name":"Como sair de um Bloqueio Criativo?"}]},{"@type":"WebSite","@id":"https:\/\/boomer.pt\/raiodoblog\/#website","url":"https:\/\/boomer.pt\/raiodoblog\/","name":"BOOMER","description":"Brand &amp; Digital Agency","publisher":{"@id":"https:\/\/boomer.pt\/raiodoblog\/#organization"},"potentialAction":[{"@type":"SearchAction","target":{"@type":"EntryPoint","urlTemplate":"https:\/\/boomer.pt\/raiodoblog\/?s={search_term_string}"},"query-input":{"@type":"PropertyValueSpecification","valueRequired":true,"valueName":"search_term_string"}}],"inLanguage":"en-US"},{"@type":"Organization","@id":"https:\/\/boomer.pt\/raiodoblog\/#organization","name":"BOOMER","url":"https:\/\/boomer.pt\/raiodoblog\/","logo":{"@type":"ImageObject","inLanguage":"en-US","@id":"https:\/\/boomer.pt\/raiodoblog\/#\/schema\/logo\/image\/","url":"https:\/\/boomer.pt\/raiodoblog\/wp-content\/uploads\/2022\/10\/BoomerLogo-2.svg","contentUrl":"https:\/\/boomer.pt\/raiodoblog\/wp-content\/uploads\/2022\/10\/BoomerLogo-2.svg","width":154,"height":40,"caption":"BOOMER"},"image":{"@id":"https:\/\/boomer.pt\/raiodoblog\/#\/schema\/logo\/image\/"},"sameAs":["https:\/\/www.facebook.com\/boomer.pt","https:\/\/www.instagram.com\/boomerpt\/","https:\/\/www.linkedin.com\/company\/2641069\/admin\/","https:\/\/www.youtube.com\/channel\/UCJ4-FswWDdO5i1UVdIUqtGw\/feed","https:\/\/www.behance.net\/boomer_pt"]},{"@type":"Person","@id":"https:\/\/boomer.pt\/raiodoblog\/#\/schema\/person\/b3543747e5383f4bb8bbbfa21499bf37","name":"Tiago Oliveira","image":{"@type":"ImageObject","inLanguage":"en-US","@id":"https:\/\/boomer.pt\/raiodoblog\/#\/schema\/person\/image\/","url":"https:\/\/secure.gravatar.com\/avatar\/6eb59808feba8e22cfa7ed2be6dbbcfdb382a8694f65786be3ab472eb52cb717?s=96&d=mm&r=g","contentUrl":"https:\/\/secure.gravatar.com\/avatar\/6eb59808feba8e22cfa7ed2be6dbbcfdb382a8694f65786be3ab472eb52cb717?s=96&d=mm&r=g","caption":"Tiago Oliveira"},"description":"Designer","url":"https:\/\/boomer.pt\/raiodoblog\/author\/tiago-oliveira\/"}]}},"_links":{"self":[{"href":"https:\/\/boomer.pt\/raiodoblog\/wp-json\/wp\/v2\/posts\/7170","targetHints":{"allow":["GET"]}}],"collection":[{"href":"https:\/\/boomer.pt\/raiodoblog\/wp-json\/wp\/v2\/posts"}],"about":[{"href":"https:\/\/boomer.pt\/raiodoblog\/wp-json\/wp\/v2\/types\/post"}],"author":[{"embeddable":true,"href":"https:\/\/boomer.pt\/raiodoblog\/wp-json\/wp\/v2\/users\/5"}],"replies":[{"embeddable":true,"href":"https:\/\/boomer.pt\/raiodoblog\/wp-json\/wp\/v2\/comments?post=7170"}],"version-history":[{"count":1,"href":"https:\/\/boomer.pt\/raiodoblog\/wp-json\/wp\/v2\/posts\/7170\/revisions"}],"predecessor-version":[{"id":26082,"href":"https:\/\/boomer.pt\/raiodoblog\/wp-json\/wp\/v2\/posts\/7170\/revisions\/26082"}],"wp:featuredmedia":[{"embeddable":true,"href":"https:\/\/boomer.pt\/raiodoblog\/wp-json\/wp\/v2\/media\/7169"}],"wp:attachment":[{"href":"https:\/\/boomer.pt\/raiodoblog\/wp-json\/wp\/v2\/media?parent=7170"}],"wp:term":[{"taxonomy":"category","embeddable":true,"href":"https:\/\/boomer.pt\/raiodoblog\/wp-json\/wp\/v2\/categories?post=7170"},{"taxonomy":"post_tag","embeddable":true,"href":"https:\/\/boomer.pt\/raiodoblog\/wp-json\/wp\/v2\/tags?post=7170"}],"curies":[{"name":"wp","href":"https:\/\/api.w.org\/{rel}","templated":true}]}}