{"id":7093,"date":"2020-09-10T09:02:15","date_gmt":"2020-09-10T08:02:15","guid":{"rendered":"http:\/\/boomer.pt\/designthinking-o-que-e-quais-as-etapas-aplicar-no-dia-a-dia\/"},"modified":"2020-09-10T09:02:15","modified_gmt":"2020-09-10T08:02:15","slug":"designthinking-o-que-e-quais-as-etapas-aplicar-no-dia-a-dia","status":"publish","type":"post","link":"https:\/\/boomer.pt\/raiodoblog\/designthinking-o-que-e-quais-as-etapas-aplicar-no-dia-a-dia\/","title":{"rendered":"Design Thinking: O que \u00e9, quais as etapas e como aplicar no dia-a-dia?"},"content":{"rendered":"\t\t<div data-elementor-type=\"wp-post\" data-elementor-id=\"7093\" class=\"elementor elementor-7093\" data-elementor-post-type=\"post\">\n\t\t\t\t\t\t<section class=\"elementor-section elementor-top-section elementor-element elementor-element-89cc942 elementor-section-boxed elementor-section-height-default elementor-section-height-default\" data-id=\"89cc942\" data-element_type=\"section\" data-e-type=\"section\">\n\t\t\t\t\t\t<div class=\"elementor-container elementor-column-gap-default\">\n\t\t\t\t\t<div class=\"elementor-column elementor-col-100 elementor-top-column elementor-element elementor-element-09ba03e\" data-id=\"09ba03e\" data-element_type=\"column\" data-e-type=\"column\">\n\t\t\t<div class=\"elementor-widget-wrap elementor-element-populated\">\n\t\t\t\t\t\t<div class=\"elementor-element elementor-element-7522416 elementor-widget elementor-widget-theme-post-title elementor-page-title elementor-widget-heading\" data-id=\"7522416\" data-element_type=\"widget\" data-e-type=\"widget\" data-widget_type=\"theme-post-title.default\">\n\t\t\t\t<div class=\"elementor-widget-container\">\n\t\t\t\t\t<h1 class=\"elementor-heading-title elementor-size-default\">Design Thinking: O que \u00e9, quais as etapas e como aplicar no dia-a-dia?<\/h1>\t\t\t\t<\/div>\n\t\t\t\t<\/div>\n\t\t\t\t<div class=\"elementor-element elementor-element-53d269a elementor-widget elementor-widget-text-editor\" data-id=\"53d269a\" data-element_type=\"widget\" data-e-type=\"widget\" data-widget_type=\"text-editor.default\">\n\t\t\t\t<div class=\"elementor-widget-container\">\n\t\t\t\t\t\t\t\t\t<p>Estarmos constantemente insatisfeitos com alguma coisa, \u00e9 intr\u00ednseco ao ser humano. Durante a nossa vida \u00e9 bastante comum chegarmos a um ponto de encruzilhada em que n\u00e3o temos a certeza do caminho a seguir.<\/p>\t\t\t\t\t\t\t\t<\/div>\n\t\t\t\t<\/div>\n\t\t\t\t<div class=\"elementor-element elementor-element-1223b69 elementor-widget elementor-widget-image\" data-id=\"1223b69\" data-element_type=\"widget\" data-e-type=\"widget\" data-widget_type=\"image.default\">\n\t\t\t\t<div class=\"elementor-widget-container\">\n\t\t\t\t\t\t\t\t\t\t\t\t\t\t\t<img fetchpriority=\"high\" decoding=\"async\" width=\"2001\" height=\"1001\" src=\"https:\/\/boomer.pt\/raiodoblog\/wp-content\/uploads\/2021\/07\/imagens_BLOG_e_INSTA-16.png\" class=\"attachment-full size-full wp-image-7092\" alt=\"\" srcset=\"https:\/\/boomer.pt\/raiodoblog\/wp-content\/uploads\/2021\/07\/imagens_BLOG_e_INSTA-16.png 2001w, https:\/\/boomer.pt\/raiodoblog\/wp-content\/uploads\/2021\/07\/imagens_BLOG_e_INSTA-16-300x150.png 300w, https:\/\/boomer.pt\/raiodoblog\/wp-content\/uploads\/2021\/07\/imagens_BLOG_e_INSTA-16-1024x512.png 1024w, https:\/\/boomer.pt\/raiodoblog\/wp-content\/uploads\/2021\/07\/imagens_BLOG_e_INSTA-16-768x384.png 768w, https:\/\/boomer.pt\/raiodoblog\/wp-content\/uploads\/2021\/07\/imagens_BLOG_e_INSTA-16-1536x768.png 1536w, https:\/\/boomer.pt\/raiodoblog\/wp-content\/uploads\/2021\/07\/imagens_BLOG_e_INSTA-16-1568x784.png 1568w\" sizes=\"(max-width: 2001px) 100vw, 2001px\" \/>\t\t\t\t\t\t\t\t\t\t\t\t\t\t\t<\/div>\n\t\t\t\t<\/div>\n\t\t\t\t\t<\/div>\n\t\t<\/div>\n\t\t\t\t\t<\/div>\n\t\t<\/section>\n\t\t\t\t<section class=\"elementor-section elementor-top-section elementor-element elementor-element-83d475f elementor-section-boxed elementor-section-height-default elementor-section-height-default\" data-id=\"83d475f\" data-element_type=\"section\" data-e-type=\"section\">\n\t\t\t\t\t\t<div class=\"elementor-container elementor-column-gap-default\">\n\t\t\t\t\t<div class=\"elementor-column elementor-col-100 elementor-top-column elementor-element elementor-element-78720d2\" data-id=\"78720d2\" data-element_type=\"column\" data-e-type=\"column\">\n\t\t\t<div class=\"elementor-widget-wrap elementor-element-populated\">\n\t\t\t\t\t\t<div class=\"elementor-element elementor-element-28a3f1a elementor-widget elementor-widget-spacer\" data-id=\"28a3f1a\" data-element_type=\"widget\" data-e-type=\"widget\" data-widget_type=\"spacer.default\">\n\t\t\t\t<div class=\"elementor-widget-container\">\n\t\t\t\t\t\t\t<div class=\"elementor-spacer\">\n\t\t\t<div class=\"elementor-spacer-inner\"><\/div>\n\t\t<\/div>\n\t\t\t\t\t\t<\/div>\n\t\t\t\t<\/div>\n\t\t\t\t<div class=\"elementor-element elementor-element-b2dd9fc elementor-widget elementor-widget-text-editor\" data-id=\"b2dd9fc\" data-element_type=\"widget\" data-e-type=\"widget\" data-widget_type=\"text-editor.default\">\n\t\t\t\t<div class=\"elementor-widget-container\">\n\t\t\t\t\t\t\t\t\t<p>Estarmos constantemente insatisfeitos com alguma coisa, \u00e9 intr\u00ednseco ao ser humano. Durante a nossa vida \u00e9 bastante comum chegarmos a um ponto de encruzilhada em que n\u00e3o temos a certeza do caminho a seguir. Outras vezes, ficamos presos a um problema complexo, do qual n\u00e3o conseguimos ver uma solu\u00e7\u00e3o, ou ent\u00e3o, n\u00e3o sabemos de todo qual a melhor decis\u00e3o a tomar no futuro que temos pela frente.<\/p><p>No trabalho de um designer,\u00a0 isto acontece frequentemente, e, como tal, \u00e9 necess\u00e1rio recorrer a metodologias que nos possam ajudar. Uma delas \u00e9 o Design Thinking, um processo n\u00e3o-linear, focado na resolu\u00e7\u00e3o de um ou mais problemas, atrav\u00e9s de 5 etapas: empatia, defini\u00e7\u00e3o, idealiza\u00e7\u00e3o, prototipagem e testagem. Estas etapas n\u00e3o t\u00eam de ser sequenciais e podem ser usadas fora de ordem e de forma repetitiva.<\/p>\t\t\t\t\t\t\t\t<\/div>\n\t\t\t\t<\/div>\n\t\t\t\t\t<\/div>\n\t\t<\/div>\n\t\t\t\t\t<\/div>\n\t\t<\/section>\n\t\t\t\t<section class=\"elementor-section elementor-top-section elementor-element elementor-element-0c4a913 elementor-section-boxed elementor-section-height-default elementor-section-height-default\" data-id=\"0c4a913\" data-element_type=\"section\" data-e-type=\"section\">\n\t\t\t\t\t\t<div class=\"elementor-container elementor-column-gap-default\">\n\t\t\t\t\t<div class=\"elementor-column elementor-col-100 elementor-top-column elementor-element elementor-element-b00f3d3\" data-id=\"b00f3d3\" data-element_type=\"column\" data-e-type=\"column\">\n\t\t\t<div class=\"elementor-widget-wrap elementor-element-populated\">\n\t\t\t\t\t\t<div class=\"elementor-element elementor-element-dab3eac elementor-widget elementor-widget-spacer\" data-id=\"dab3eac\" data-element_type=\"widget\" data-e-type=\"widget\" data-widget_type=\"spacer.default\">\n\t\t\t\t<div class=\"elementor-widget-container\">\n\t\t\t\t\t\t\t<div class=\"elementor-spacer\">\n\t\t\t<div class=\"elementor-spacer-inner\"><\/div>\n\t\t<\/div>\n\t\t\t\t\t\t<\/div>\n\t\t\t\t<\/div>\n\t\t\t\t<div class=\"elementor-element elementor-element-f73c293 elementor-widget elementor-widget-heading\" data-id=\"f73c293\" data-element_type=\"widget\" data-e-type=\"widget\" data-widget_type=\"heading.default\">\n\t\t\t\t<div class=\"elementor-widget-container\">\n\t\t\t\t\t<h2 class=\"elementor-heading-title elementor-size-default\">1. Empatia<\/h2>\t\t\t\t<\/div>\n\t\t\t\t<\/div>\n\t\t\t\t<div class=\"elementor-element elementor-element-1479407 elementor-widget-divider--view-line elementor-widget elementor-widget-divider\" data-id=\"1479407\" data-element_type=\"widget\" data-e-type=\"widget\" data-widget_type=\"divider.default\">\n\t\t\t\t<div class=\"elementor-widget-container\">\n\t\t\t\t\t\t\t<div class=\"elementor-divider\">\n\t\t\t<span class=\"elementor-divider-separator\">\n\t\t\t\t\t\t<\/span>\n\t\t<\/div>\n\t\t\t\t\t\t<\/div>\n\t\t\t\t<\/div>\n\t\t\t\t<div class=\"elementor-element elementor-element-15fb15e elementor-widget elementor-widget-text-editor\" data-id=\"15fb15e\" data-element_type=\"widget\" data-e-type=\"widget\" data-widget_type=\"text-editor.default\">\n\t\t\t\t<div class=\"elementor-widget-container\">\n\t\t\t\t\t\t\t\t\t<p>O primeiro passo foca-se em fazer uma introspe\u00e7\u00e3o sobre a nossa vida e tentar compreender em que fase est\u00e1s, seja profissionalmente, emocionalmente, fisicamente ou mentalmente. Trata-se de responder a quest\u00f5es como, \u201co que me motiva para levantar da cama?\u201d, \u201cestou realmente feliz com o meu trabalho?\u201d, ou \u201ccomo me sinto relativamente \u00e0 minha rela\u00e7\u00e3o?\u201d.\u00a0<\/p>\t\t\t\t\t\t\t\t<\/div>\n\t\t\t\t<\/div>\n\t\t\t\t\t<\/div>\n\t\t<\/div>\n\t\t\t\t\t<\/div>\n\t\t<\/section>\n\t\t\t\t<section class=\"elementor-section elementor-top-section elementor-element elementor-element-8064340 elementor-section-boxed elementor-section-height-default elementor-section-height-default\" data-id=\"8064340\" data-element_type=\"section\" data-e-type=\"section\">\n\t\t\t\t\t\t<div class=\"elementor-container elementor-column-gap-default\">\n\t\t\t\t\t<div class=\"elementor-column elementor-col-100 elementor-top-column elementor-element elementor-element-47403aa\" data-id=\"47403aa\" data-element_type=\"column\" data-e-type=\"column\">\n\t\t\t<div class=\"elementor-widget-wrap elementor-element-populated\">\n\t\t\t\t\t\t<div class=\"elementor-element elementor-element-ecc1865 elementor-widget elementor-widget-spacer\" data-id=\"ecc1865\" data-element_type=\"widget\" data-e-type=\"widget\" data-widget_type=\"spacer.default\">\n\t\t\t\t<div class=\"elementor-widget-container\">\n\t\t\t\t\t\t\t<div class=\"elementor-spacer\">\n\t\t\t<div class=\"elementor-spacer-inner\"><\/div>\n\t\t<\/div>\n\t\t\t\t\t\t<\/div>\n\t\t\t\t<\/div>\n\t\t\t\t<div class=\"elementor-element elementor-element-75ae4db elementor-widget elementor-widget-heading\" data-id=\"75ae4db\" data-element_type=\"widget\" data-e-type=\"widget\" data-widget_type=\"heading.default\">\n\t\t\t\t<div class=\"elementor-widget-container\">\n\t\t\t\t\t<h2 class=\"elementor-heading-title elementor-size-default\">2. Defini\u00e7\u00e3o<\/h2>\t\t\t\t<\/div>\n\t\t\t\t<\/div>\n\t\t\t\t<div class=\"elementor-element elementor-element-260f917 elementor-widget-divider--view-line elementor-widget elementor-widget-divider\" data-id=\"260f917\" data-element_type=\"widget\" data-e-type=\"widget\" data-widget_type=\"divider.default\">\n\t\t\t\t<div class=\"elementor-widget-container\">\n\t\t\t\t\t\t\t<div class=\"elementor-divider\">\n\t\t\t<span class=\"elementor-divider-separator\">\n\t\t\t\t\t\t<\/span>\n\t\t<\/div>\n\t\t\t\t\t\t<\/div>\n\t\t\t\t<\/div>\n\t\t\t\t<div class=\"elementor-element elementor-element-f182f34 elementor-widget elementor-widget-text-editor\" data-id=\"f182f34\" data-element_type=\"widget\" data-e-type=\"widget\" data-widget_type=\"text-editor.default\">\n\t\t\t\t<div class=\"elementor-widget-container\">\n\t\t\t\t\t\t\t\t\t<p>Ap\u00f3s a recolha feita na etapa anterior, h\u00e1 que ter consci\u00eancia se o que definimos \u00e9 algo tang\u00edvel, poss\u00edvel de ser resolvido, ou se \u00e9 como o \u201cproblema da gravidade\u201d:, est\u00e1 sempre presente e n\u00e3o podemos fazer nada para oa mudar. Os designers lidam com este tipo de situa\u00e7\u00e3o no dia -a- dia, seja por ter de respeitar a identidade visual da marca a ser trabalhada, ou apenas porque o cliente quer usar uma tipografia caligr\u00e1fica a dourado em todas as comunica\u00e7\u00f5es. Designers, sabem do que falamos, certo? \ud83d\ude42<\/p><p>A segunda etapa foca na compreens\u00e3o do problema e na cria\u00e7\u00e3o de padr\u00f5es identific\u00e1veis, quer sejam eles comportamentais ou visuais. Ao realmente compreendermos quem somos, o que fazemos e no que acreditamos, \u00e9 uma quest\u00e3o de ligar os pontos e tra\u00e7ar um caminho para o futuro. Criar um diagrama ou uma lista s\u00e3o pequenas tarefas que podem fazer a diferen\u00e7a, pois permitem-nos visualizar a informa\u00e7\u00e3o e os dados recolhidos para mais facilmente gerar outras perspetivas.\u00a0<\/p>\t\t\t\t\t\t\t\t<\/div>\n\t\t\t\t<\/div>\n\t\t\t\t\t<\/div>\n\t\t<\/div>\n\t\t\t\t\t<\/div>\n\t\t<\/section>\n\t\t\t\t<section class=\"elementor-section elementor-top-section elementor-element elementor-element-9cfa88a elementor-section-boxed elementor-section-height-default elementor-section-height-default\" data-id=\"9cfa88a\" data-element_type=\"section\" data-e-type=\"section\">\n\t\t\t\t\t\t<div class=\"elementor-container elementor-column-gap-default\">\n\t\t\t\t\t<div class=\"elementor-column elementor-col-100 elementor-top-column elementor-element elementor-element-a539d20\" data-id=\"a539d20\" data-element_type=\"column\" data-e-type=\"column\">\n\t\t\t<div class=\"elementor-widget-wrap elementor-element-populated\">\n\t\t\t\t\t\t<div class=\"elementor-element elementor-element-f4ae739 elementor-widget elementor-widget-spacer\" data-id=\"f4ae739\" data-element_type=\"widget\" data-e-type=\"widget\" data-widget_type=\"spacer.default\">\n\t\t\t\t<div class=\"elementor-widget-container\">\n\t\t\t\t\t\t\t<div class=\"elementor-spacer\">\n\t\t\t<div class=\"elementor-spacer-inner\"><\/div>\n\t\t<\/div>\n\t\t\t\t\t\t<\/div>\n\t\t\t\t<\/div>\n\t\t\t\t<div class=\"elementor-element elementor-element-4236162 elementor-widget elementor-widget-heading\" data-id=\"4236162\" data-element_type=\"widget\" data-e-type=\"widget\" data-widget_type=\"heading.default\">\n\t\t\t\t<div class=\"elementor-widget-container\">\n\t\t\t\t\t<h2 class=\"elementor-heading-title elementor-size-default\">3. Idealiza\u00e7\u00e3o<\/h2>\t\t\t\t<\/div>\n\t\t\t\t<\/div>\n\t\t\t\t<div class=\"elementor-element elementor-element-db5ceed elementor-widget-divider--view-line elementor-widget elementor-widget-divider\" data-id=\"db5ceed\" data-element_type=\"widget\" data-e-type=\"widget\" data-widget_type=\"divider.default\">\n\t\t\t\t<div class=\"elementor-widget-container\">\n\t\t\t\t\t\t\t<div class=\"elementor-divider\">\n\t\t\t<span class=\"elementor-divider-separator\">\n\t\t\t\t\t\t<\/span>\n\t\t<\/div>\n\t\t\t\t\t\t<\/div>\n\t\t\t\t<\/div>\n\t\t\t\t<div class=\"elementor-element elementor-element-1d22390 elementor-widget elementor-widget-text-editor\" data-id=\"1d22390\" data-element_type=\"widget\" data-e-type=\"widget\" data-widget_type=\"text-editor.default\">\n\t\t\t\t<div class=\"elementor-widget-container\">\n\t\t\t\t\t\t\t\t\t<p>Nesta fase s\u00e3o consideradas v\u00e1rias possibilidades para o futuro e geram-se ideias atrav\u00e9s do brainstorming. O conhecimento adquirido nas duas etapas anteriores \u00e9 um meio para come\u00e7armos a pensar fora da caixa e podermos imaginar como nos vemos daqui a 5 anos ou como \u00e9 que um logotipo se pode destacar das marcas concorrentes. O objetivo \u00e9 idealizar um futuro da mesma forma que os designers UX criam personagens fict\u00edcios (personas) com caracter\u00edsticas, motiva\u00e7\u00f5es e objetivos diferentes.<\/p><p>A verdade \u00e9 que n\u00e3o nos importamos com uma escolha at\u00e9 ao momento da sua decis\u00e3o, principalmente se n\u00e3o for tomada por n\u00f3s. Quando temos demasiadas op\u00e7\u00f5es, corremos o risco de nos colocarmos numa situa\u00e7\u00e3o de sobrecarga que nos faz sentir indecisos e por norma, n\u00e3o \u00e9 necess\u00e1rio ter mais de 3 ideias diferentes para uma \u00fanica situa\u00e7\u00e3o.\u00a0<\/p>\t\t\t\t\t\t\t\t<\/div>\n\t\t\t\t<\/div>\n\t\t\t\t\t<\/div>\n\t\t<\/div>\n\t\t\t\t\t<\/div>\n\t\t<\/section>\n\t\t\t\t<section class=\"elementor-section elementor-top-section elementor-element elementor-element-23d8cdb elementor-section-boxed elementor-section-height-default elementor-section-height-default\" data-id=\"23d8cdb\" data-element_type=\"section\" data-e-type=\"section\">\n\t\t\t\t\t\t<div class=\"elementor-container elementor-column-gap-default\">\n\t\t\t\t\t<div class=\"elementor-column elementor-col-100 elementor-top-column elementor-element elementor-element-d119882\" data-id=\"d119882\" data-element_type=\"column\" data-e-type=\"column\">\n\t\t\t<div class=\"elementor-widget-wrap elementor-element-populated\">\n\t\t\t\t\t\t<div class=\"elementor-element elementor-element-b7fd108 elementor-widget elementor-widget-spacer\" data-id=\"b7fd108\" data-element_type=\"widget\" data-e-type=\"widget\" data-widget_type=\"spacer.default\">\n\t\t\t\t<div class=\"elementor-widget-container\">\n\t\t\t\t\t\t\t<div class=\"elementor-spacer\">\n\t\t\t<div class=\"elementor-spacer-inner\"><\/div>\n\t\t<\/div>\n\t\t\t\t\t\t<\/div>\n\t\t\t\t<\/div>\n\t\t\t\t<div class=\"elementor-element elementor-element-a700e98 elementor-widget elementor-widget-heading\" data-id=\"a700e98\" data-element_type=\"widget\" data-e-type=\"widget\" data-widget_type=\"heading.default\">\n\t\t\t\t<div class=\"elementor-widget-container\">\n\t\t\t\t\t<h2 class=\"elementor-heading-title elementor-size-default\">4. Prot\u00f3tipagem<\/h2>\t\t\t\t<\/div>\n\t\t\t\t<\/div>\n\t\t\t\t<div class=\"elementor-element elementor-element-e8bb15f elementor-widget-divider--view-line elementor-widget elementor-widget-divider\" data-id=\"e8bb15f\" data-element_type=\"widget\" data-e-type=\"widget\" data-widget_type=\"divider.default\">\n\t\t\t\t<div class=\"elementor-widget-container\">\n\t\t\t\t\t\t\t<div class=\"elementor-divider\">\n\t\t\t<span class=\"elementor-divider-separator\">\n\t\t\t\t\t\t<\/span>\n\t\t<\/div>\n\t\t\t\t\t\t<\/div>\n\t\t\t\t<\/div>\n\t\t\t\t<div class=\"elementor-element elementor-element-20667ad elementor-widget elementor-widget-text-editor\" data-id=\"20667ad\" data-element_type=\"widget\" data-e-type=\"widget\" data-widget_type=\"text-editor.default\">\n\t\t\t\t<div class=\"elementor-widget-container\">\n\t\t\t\t\t\t\t\t\t<p>Que experi\u00eancias, conversas ou entrevistas conseguimos imaginar para essas\u00a0<i>personas<\/i>\u00a0a curto e longo prazo? Se queremos mudar de carreira, que tal tentar falar com pessoas que t\u00eam o cargo que idealizamos para n\u00f3s? Se queremos come\u00e7ar a fazer exerc\u00edcio, porque n\u00e3o fazer aulas de pilates durante um m\u00eas? Dessa forma poderemos compreender os pr\u00f3s e contras e os aspectos nos despertam mais interesse.<\/p><p>No design, s\u00f3 depois de termos uma solu\u00e7\u00e3o desenvolvida \u00e9 que conseguimos compreender a efic\u00e1cia da mensagem que queremos transmitir. N\u00e3o devemos ter receio de inovar e experimentar coisas novas. Se n\u00e3o gostarmos, voltamos \u00e0 etapa de idealiza\u00e7\u00e3o e escolhemos outra ideia que n\u00e3o foi posta em pr\u00e1tica, eventualmente vamos descobrir algo que nos fa\u00e7a sentir satisfeitos.<\/p>\t\t\t\t\t\t\t\t<\/div>\n\t\t\t\t<\/div>\n\t\t\t\t\t<\/div>\n\t\t<\/div>\n\t\t\t\t\t<\/div>\n\t\t<\/section>\n\t\t\t\t<section class=\"elementor-section elementor-top-section elementor-element elementor-element-6608aa8 elementor-section-boxed elementor-section-height-default elementor-section-height-default\" data-id=\"6608aa8\" data-element_type=\"section\" data-e-type=\"section\">\n\t\t\t\t\t\t<div class=\"elementor-container elementor-column-gap-default\">\n\t\t\t\t\t<div class=\"elementor-column elementor-col-100 elementor-top-column elementor-element elementor-element-d64bd36\" data-id=\"d64bd36\" data-element_type=\"column\" data-e-type=\"column\">\n\t\t\t<div class=\"elementor-widget-wrap elementor-element-populated\">\n\t\t\t\t\t\t<div class=\"elementor-element elementor-element-3f9eef1 elementor-widget elementor-widget-spacer\" data-id=\"3f9eef1\" data-element_type=\"widget\" data-e-type=\"widget\" data-widget_type=\"spacer.default\">\n\t\t\t\t<div class=\"elementor-widget-container\">\n\t\t\t\t\t\t\t<div class=\"elementor-spacer\">\n\t\t\t<div class=\"elementor-spacer-inner\"><\/div>\n\t\t<\/div>\n\t\t\t\t\t\t<\/div>\n\t\t\t\t<\/div>\n\t\t\t\t<div class=\"elementor-element elementor-element-d928246 elementor-widget elementor-widget-heading\" data-id=\"d928246\" data-element_type=\"widget\" data-e-type=\"widget\" data-widget_type=\"heading.default\">\n\t\t\t\t<div class=\"elementor-widget-container\">\n\t\t\t\t\t<h2 class=\"elementor-heading-title elementor-size-default\">5. Testagem<\/h2>\t\t\t\t<\/div>\n\t\t\t\t<\/div>\n\t\t\t\t<div class=\"elementor-element elementor-element-cbe0da5 elementor-widget-divider--view-line elementor-widget elementor-widget-divider\" data-id=\"cbe0da5\" data-element_type=\"widget\" data-e-type=\"widget\" data-widget_type=\"divider.default\">\n\t\t\t\t<div class=\"elementor-widget-container\">\n\t\t\t\t\t\t\t<div class=\"elementor-divider\">\n\t\t\t<span class=\"elementor-divider-separator\">\n\t\t\t\t\t\t<\/span>\n\t\t<\/div>\n\t\t\t\t\t\t<\/div>\n\t\t\t\t<\/div>\n\t\t\t\t<div class=\"elementor-element elementor-element-e43d39e elementor-widget elementor-widget-text-editor\" data-id=\"e43d39e\" data-element_type=\"widget\" data-e-type=\"widget\" data-widget_type=\"text-editor.default\">\n\t\t\t\t<div class=\"elementor-widget-container\">\n\t\t\t\t\t\t\t\t\t<p>Seja o layout de um cartaz, um curso que queiramos fazer, ou uma t\u00e9cnica nova que queiramos aprender, s\u00f3 realmente saberemos se estamos diante uma solu\u00e7\u00e3o v\u00e1lida e funcional ao ser testada no mundo real. Se por algum motivo n\u00e3o gostarmos da experi\u00eancia, s\u00f3 temos de voltar a qualquer umas das etapas anteriores e recome\u00e7ar o processo.<\/p><p>O design e a vida s\u00e3o ambos n\u00e3o-lineares e deveremos ter a coragem e motiva\u00e7\u00e3o para desejar o melhor para n\u00f3s pr\u00f3prios. Raramente acertamos num layout ou num logotipo na primeira vers\u00e3o. Devemos procurar refletir nas experi\u00eancias anteriores, perceber o que gostamos, o que n\u00e3o gostamos e inovar, de forma a avan\u00e7armos com a nossa vida e nos sentirmos realizados.<\/p>\t\t\t\t\t\t\t\t<\/div>\n\t\t\t\t<\/div>\n\t\t\t\t\t<\/div>\n\t\t<\/div>\n\t\t\t\t\t<\/div>\n\t\t<\/section>\n\t\t\t\t<section class=\"elementor-section elementor-top-section elementor-element elementor-element-3b70a65 elementor-section-boxed elementor-section-height-default elementor-section-height-default\" data-id=\"3b70a65\" data-element_type=\"section\" data-e-type=\"section\">\n\t\t\t\t\t\t<div class=\"elementor-container elementor-column-gap-default\">\n\t\t\t\t\t<div class=\"elementor-column elementor-col-100 elementor-top-column elementor-element elementor-element-483dfb0\" data-id=\"483dfb0\" data-element_type=\"column\" data-e-type=\"column\">\n\t\t\t<div class=\"elementor-widget-wrap elementor-element-populated\">\n\t\t\t\t\t\t<div class=\"elementor-element elementor-element-3583dbd elementor-widget elementor-widget-spacer\" data-id=\"3583dbd\" data-element_type=\"widget\" data-e-type=\"widget\" data-widget_type=\"spacer.default\">\n\t\t\t\t<div class=\"elementor-widget-container\">\n\t\t\t\t\t\t\t<div class=\"elementor-spacer\">\n\t\t\t<div class=\"elementor-spacer-inner\"><\/div>\n\t\t<\/div>\n\t\t\t\t\t\t<\/div>\n\t\t\t\t<\/div>\n\t\t\t\t<div class=\"elementor-element elementor-element-a064fc7 elementor-widget elementor-widget-text-editor\" data-id=\"a064fc7\" data-element_type=\"widget\" data-e-type=\"widget\" data-widget_type=\"text-editor.default\">\n\t\t\t\t<div class=\"elementor-widget-container\">\n\t\t\t\t\t\t\t\t\t<p>Que tal aplicar um pouco do que aprendeste sobre Design Thinking neste artigo para inovar na tua vida pessoal ou profissional? Se este artigo foi \u00fatil para ti, partilha-o com os teus amigos ou colegas! N\u00f3s vamos ficar muito felizes \ud83d\ude09<\/p>\t\t\t\t\t\t\t\t<\/div>\n\t\t\t\t<\/div>\n\t\t\t\t\t<\/div>\n\t\t<\/div>\n\t\t\t\t\t<\/div>\n\t\t<\/section>\n\t\t\t\t<section class=\"elementor-section elementor-top-section elementor-element elementor-element-55b4e68 elementor-section-boxed elementor-section-height-default elementor-section-height-default\" data-id=\"55b4e68\" data-element_type=\"section\" data-e-type=\"section\">\n\t\t\t\t\t\t<div class=\"elementor-container elementor-column-gap-default\">\n\t\t\t\t\t<div class=\"elementor-column elementor-col-100 elementor-top-column elementor-element elementor-element-17286fd\" data-id=\"17286fd\" data-element_type=\"column\" data-e-type=\"column\">\n\t\t\t<div class=\"elementor-widget-wrap elementor-element-populated\">\n\t\t\t\t\t\t<div class=\"elementor-element elementor-element-116d80a elementor-widget elementor-widget-template\" data-id=\"116d80a\" data-element_type=\"widget\" data-e-type=\"widget\" data-widget_type=\"template.default\">\n\t\t\t\t<div class=\"elementor-widget-container\">\n\t\t\t\t\t\t\t<div class=\"elementor-template\">\n\t\t\t\t\t<div data-elementor-type=\"section\" data-elementor-id=\"17461\" class=\"elementor elementor-17461\" data-elementor-post-type=\"elementor_library\">\n\t\t\t\t\t<section class=\"elementor-section elementor-top-section elementor-element elementor-element-a19dc2b elementor-section-full_width elementor-section-stretched elementor-section-height-default elementor-section-height-default\" data-id=\"a19dc2b\" data-element_type=\"section\" data-e-type=\"section\" data-settings=\"{&quot;background_background&quot;:&quot;classic&quot;,&quot;stretch_section&quot;:&quot;section-stretched&quot;}\">\n\t\t\t\t\t\t<div class=\"elementor-container elementor-column-gap-default\">\n\t\t\t\t\t<div class=\"elementor-column elementor-col-100 elementor-top-column elementor-element elementor-element-6fc81c1\" data-id=\"6fc81c1\" data-element_type=\"column\" data-e-type=\"column\">\n\t\t\t<div class=\"elementor-widget-wrap elementor-element-populated\">\n\t\t\t\t\t\t<div class=\"elementor-element elementor-element-29625fc elementor-widget elementor-widget-heading\" data-id=\"29625fc\" data-element_type=\"widget\" data-e-type=\"widget\" data-widget_type=\"heading.default\">\n\t\t\t\t<div class=\"elementor-widget-container\">\n\t\t\t\t\t<h4 class=\"elementor-heading-title elementor-size-default\">V\u00ea mais artigos deste Autor<\/h4>\t\t\t\t<\/div>\n\t\t\t\t<\/div>\n\t\t\t\t\t<\/div>\n\t\t<\/div>\n\t\t\t\t\t<\/div>\n\t\t<\/section>\n\t\t\t\t<section class=\"elementor-section elementor-top-section elementor-element elementor-element-e0f60f1 elementor-section-full_width elementor-section-stretched elementor-section-height-default elementor-section-height-default\" data-id=\"e0f60f1\" data-element_type=\"section\" data-e-type=\"section\" data-settings=\"{&quot;background_background&quot;:&quot;gradient&quot;,&quot;stretch_section&quot;:&quot;section-stretched&quot;}\">\n\t\t\t\t\t\t<div class=\"elementor-container elementor-column-gap-extended\">\n\t\t\t\t\t<div class=\"elementor-column elementor-col-100 elementor-top-column elementor-element elementor-element-f312511\" data-id=\"f312511\" data-element_type=\"column\" data-e-type=\"column\">\n\t\t\t<div class=\"elementor-widget-wrap elementor-element-populated\">\n\t\t\t\t\t\t<section class=\"elementor-section elementor-inner-section elementor-element elementor-element-347d879 elementor-section-boxed elementor-section-height-default elementor-section-height-default\" data-id=\"347d879\" data-element_type=\"section\" data-e-type=\"section\">\n\t\t\t\t\t\t<div class=\"elementor-container elementor-column-gap-default\">\n\t\t\t\t\t<div class=\"elementor-column elementor-col-50 elementor-inner-column elementor-element elementor-element-7489df5\" data-id=\"7489df5\" data-element_type=\"column\" data-e-type=\"column\">\n\t\t\t<div class=\"elementor-widget-wrap elementor-element-populated\">\n\t\t\t\t\t\t<div class=\"elementor-element elementor-element-0bfe494 elementor-widget elementor-widget-premium-addon-person\" data-id=\"0bfe494\" data-element_type=\"widget\" data-e-type=\"widget\" data-settings=\"{&quot;persons_per_row&quot;:&quot;100%&quot;,&quot;persons_per_row_tablet&quot;:&quot;100%&quot;,&quot;persons_per_row_mobile&quot;:&quot;100%&quot;}\" data-widget_type=\"premium-addon-person.default\">\n\t\t\t\t<div class=\"elementor-widget-container\">\n\t\t\t\t\t\t\t<div class=\"premium-persons-container premium-person-style1 multiple-persons\" data-persons-equal=\"\">\n\t\t\t\t\t\t\t\t<div class=\"premium-person-container premium-person-none-effect\">\n\t\t\t\t\t\t<div class=\"premium-person-image-container\">\n\t\t\t\t\t\t<img decoding=\"async\" width=\"500\" height=\"700\" data-src=\"https:\/\/boomer.pt\/raiodoblog\/wp-content\/uploads\/2023\/11\/fotos_equipa_0004_TO_1.jpg\" class=\"attachment-full size-full wp-image-19982 lazyload\" alt=\"\" data-srcset=\"https:\/\/boomer.pt\/raiodoblog\/wp-content\/uploads\/2023\/11\/fotos_equipa_0004_TO_1.jpg 500w, https:\/\/boomer.pt\/raiodoblog\/wp-content\/uploads\/2023\/11\/fotos_equipa_0004_TO_1-214x300.jpg 214w\" data-sizes=\"(max-width: 500px) 100vw, 500px\" src=\"data:image\/gif;base64,R0lGODlhAQABAAAAACH5BAEKAAEALAAAAAABAAEAAAICTAEAOw==\" style=\"--smush-placeholder-width: 500px; --smush-placeholder-aspect-ratio: 500\/700;\" \/>\t\t\t\t\t\t\t\t\t\t\t\t\t<\/div>\n\t\t\t\t\t\t<div class=\"premium-person-info\">\n\t\t\t\t\t\t\t\t\t\t<div class=\"premium-person-info-container\">\n\t\t\t\t\t\t\t\t\t<h3 class=\"premium-person-name\">Tiago Oliveira<\/h3>\n\t\t\t\t\t\t\t\t\t\t\t<h5 class=\"premium-person-title\">\n\t\t\t\t\t\t\t<span>Designer<\/span>\n\t\t\t\t\t\t<\/h5>\n\t\t\t\t\t\t\t\t<\/div>\n\t\t\t\t\t\t\t\t\t<\/div>\n\t\t\t\t\t<\/div>\n\t\t\t\t\t\t\t<\/div>\n\t\t\t\t\t\t<\/div>\n\t\t\t\t<\/div>\n\t\t\t\t\t<\/div>\n\t\t<\/div>\n\t\t\t\t<div class=\"elementor-column elementor-col-50 elementor-inner-column elementor-element elementor-element-e032613\" data-id=\"e032613\" data-element_type=\"column\" data-e-type=\"column\">\n\t\t\t<div class=\"elementor-widget-wrap elementor-element-populated\">\n\t\t\t\t\t\t<div class=\"elementor-element elementor-element-25002f8 elementor-grid-3 elementor-grid-tablet-2 elementor-grid-mobile-1 elementor-posts--thumbnail-top elementor-card-shadow-yes elementor-posts__hover-gradient elementor-widget elementor-widget-posts\" data-id=\"25002f8\" data-element_type=\"widget\" data-e-type=\"widget\" data-settings=\"{&quot;cards_columns&quot;:&quot;3&quot;,&quot;cards_columns_tablet&quot;:&quot;2&quot;,&quot;cards_columns_mobile&quot;:&quot;1&quot;,&quot;cards_row_gap&quot;:{&quot;unit&quot;:&quot;px&quot;,&quot;size&quot;:35,&quot;sizes&quot;:[]},&quot;cards_row_gap_tablet&quot;:{&quot;unit&quot;:&quot;px&quot;,&quot;size&quot;:&quot;&quot;,&quot;sizes&quot;:[]},&quot;cards_row_gap_mobile&quot;:{&quot;unit&quot;:&quot;px&quot;,&quot;size&quot;:&quot;&quot;,&quot;sizes&quot;:[]}}\" data-widget_type=\"posts.cards\">\n\t\t\t\t<div class=\"elementor-widget-container\">\n\t\t\t\t\t\t\t<div class=\"elementor-posts-container elementor-posts elementor-posts--skin-cards elementor-grid\" role=\"list\">\n\t\t\t\t<article class=\"elementor-post elementor-grid-item post-19205 post type-post status-publish format-standard has-post-thumbnail hentry category-design category-marketing tag-agencia-digital tag-agenciademarketing tag-ai tag-boomer tag-boomer-academy tag-branding tag-design tag-formas tag-gestaoredesosciais tag-marca tag-marketingdigital tag-psicologia tag-redessociais tag-significado tag-vila-nova-de-famalicao\" role=\"listitem\">\n\t\t\t<div class=\"elementor-post__card\">\n\t\t\t\t<a class=\"elementor-post__thumbnail__link\" href=\"https:\/\/boomer.pt\/raiodoblog\/psicologia-das-formas-o-significado-das-formas-no-design\/\" tabindex=\"-1\" target=\"_blank\"><div class=\"elementor-post__thumbnail\"><img decoding=\"async\" width=\"2001\" height=\"1001\" data-src=\"https:\/\/boomer.pt\/raiodoblog\/wp-content\/uploads\/2023\/10\/w41_PsicologiaFormas_banner-blog.png\" class=\"attachment-full size-full wp-image-19206 lazyload\" alt=\"\" data-srcset=\"https:\/\/boomer.pt\/raiodoblog\/wp-content\/uploads\/2023\/10\/w41_PsicologiaFormas_banner-blog.png 2001w, https:\/\/boomer.pt\/raiodoblog\/wp-content\/uploads\/2023\/10\/w41_PsicologiaFormas_banner-blog-300x150.png 300w, https:\/\/boomer.pt\/raiodoblog\/wp-content\/uploads\/2023\/10\/w41_PsicologiaFormas_banner-blog-1024x512.png 1024w, https:\/\/boomer.pt\/raiodoblog\/wp-content\/uploads\/2023\/10\/w41_PsicologiaFormas_banner-blog-768x384.png 768w, https:\/\/boomer.pt\/raiodoblog\/wp-content\/uploads\/2023\/10\/w41_PsicologiaFormas_banner-blog-1536x768.png 1536w\" data-sizes=\"(max-width: 2001px) 100vw, 2001px\" src=\"data:image\/gif;base64,R0lGODlhAQABAAAAACH5BAEKAAEALAAAAAABAAEAAAICTAEAOw==\" style=\"--smush-placeholder-width: 2001px; --smush-placeholder-aspect-ratio: 2001\/1001;\" \/><\/div><\/a>\n\t\t\t\t<div class=\"elementor-post__text\">\n\t\t\t\t<h3 class=\"elementor-post__title\">\n\t\t\t<a href=\"https:\/\/boomer.pt\/raiodoblog\/psicologia-das-formas-o-significado-das-formas-no-design\/\" target=&quot;_blank&quot;>\n\t\t\t\tPsicologia das formas: O Significado das formas no design\t\t\t<\/a>\n\t\t<\/h3>\n\t\t\t\t<div class=\"elementor-post__excerpt\">\n\t\t\t<p>Cada elemento que escolhemos para uma pe\u00e7a gr\u00e1fica tem o poder de transmitir mensagens e influenciar a perce\u00e7\u00e3o do p\u00fablico.<\/p>\n<p>Entre esses elementos do design, as formas desempenham um papel fundamental na forma como percebemos e reagimos aos elementos visuais. <\/p>\n\t\t<\/div>\n\t\t\t\t\t<div class=\"elementor-post__read-more-wrapper\">\n\t\t\n\t\t<a class=\"elementor-post__read-more\" href=\"https:\/\/boomer.pt\/raiodoblog\/psicologia-das-formas-o-significado-das-formas-no-design\/\" aria-label=\"Read more about Psicologia das formas: O Significado das formas no design\" tabindex=\"-1\" target=\"_blank\">\n\t\t\tLER MAIS\t\t<\/a>\n\n\t\t\t\t\t<\/div>\n\t\t\t\t<\/div>\n\t\t\t\t<div class=\"elementor-post__meta-data\">\n\t\t\t\t\t<span class=\"elementor-post-date\">\n\t\t\t8 de March, 2025\t\t<\/span>\n\t\t\t\t<\/div>\n\t\t\t\t\t<\/div>\n\t\t<\/article>\n\t\t\t\t<article class=\"elementor-post elementor-grid-item post-16827 post type-post status-publish format-standard has-post-thumbnail hentry category-comunicacao category-criatividade category-design tag-branding tag-city tag-citybranding tag-design tag-urbanbranding\" role=\"listitem\">\n\t\t\t<div class=\"elementor-post__card\">\n\t\t\t\t<a class=\"elementor-post__thumbnail__link\" href=\"https:\/\/boomer.pt\/raiodoblog\/city-branding-transformar-cidades-em-marcas-vivas\/\" tabindex=\"-1\" target=\"_blank\"><div class=\"elementor-post__thumbnail\"><img decoding=\"async\" width=\"2001\" height=\"1001\" data-src=\"https:\/\/boomer.pt\/raiodoblog\/wp-content\/uploads\/2023\/08\/w31_CityBranding_banner-blog.png\" class=\"attachment-full size-full wp-image-16828 lazyload\" alt=\"\" data-srcset=\"https:\/\/boomer.pt\/raiodoblog\/wp-content\/uploads\/2023\/08\/w31_CityBranding_banner-blog.png 2001w, https:\/\/boomer.pt\/raiodoblog\/wp-content\/uploads\/2023\/08\/w31_CityBranding_banner-blog-300x150.png 300w, https:\/\/boomer.pt\/raiodoblog\/wp-content\/uploads\/2023\/08\/w31_CityBranding_banner-blog-1024x512.png 1024w, https:\/\/boomer.pt\/raiodoblog\/wp-content\/uploads\/2023\/08\/w31_CityBranding_banner-blog-768x384.png 768w, https:\/\/boomer.pt\/raiodoblog\/wp-content\/uploads\/2023\/08\/w31_CityBranding_banner-blog-1536x768.png 1536w, https:\/\/boomer.pt\/raiodoblog\/wp-content\/uploads\/2023\/08\/w31_CityBranding_banner-blog-1568x784.png 1568w\" data-sizes=\"(max-width: 2001px) 100vw, 2001px\" src=\"data:image\/gif;base64,R0lGODlhAQABAAAAACH5BAEKAAEALAAAAAABAAEAAAICTAEAOw==\" style=\"--smush-placeholder-width: 2001px; --smush-placeholder-aspect-ratio: 2001\/1001;\" \/><\/div><\/a>\n\t\t\t\t<div class=\"elementor-post__text\">\n\t\t\t\t<h3 class=\"elementor-post__title\">\n\t\t\t<a href=\"https:\/\/boomer.pt\/raiodoblog\/city-branding-transformar-cidades-em-marcas-vivas\/\" target=&quot;_blank&quot;>\n\t\t\t\tCity Branding: Transformar Cidades em Marcas Vivas\t\t\t<\/a>\n\t\t<\/h3>\n\t\t\t\t<div class=\"elementor-post__excerpt\">\n\t\t\t<p>No cen\u00e1rio global cada vez mais competitivo, onde as cidades se tornam centros de neg\u00f3cios, turismo e cultura, o conceito de &#8220;city branding&#8221; ou \u201cplace branding\u201d ganha relev\u00e2ncia. <\/p>\n\t\t<\/div>\n\t\t\t\t\t<div class=\"elementor-post__read-more-wrapper\">\n\t\t\n\t\t<a class=\"elementor-post__read-more\" href=\"https:\/\/boomer.pt\/raiodoblog\/city-branding-transformar-cidades-em-marcas-vivas\/\" aria-label=\"Read more about City Branding: Transformar Cidades em Marcas Vivas\" tabindex=\"-1\" target=\"_blank\">\n\t\t\tLER MAIS\t\t<\/a>\n\n\t\t\t\t\t<\/div>\n\t\t\t\t<\/div>\n\t\t\t\t<div class=\"elementor-post__meta-data\">\n\t\t\t\t\t<span class=\"elementor-post-date\">\n\t\t\t31 de August, 2024\t\t<\/span>\n\t\t\t\t<\/div>\n\t\t\t\t\t<\/div>\n\t\t<\/article>\n\t\t\t\t<article class=\"elementor-post elementor-grid-item post-20848 post type-post status-publish format-standard has-post-thumbnail hentry category-comunicacao category-design category-marketing tag-agencia-digital tag-agenciademarketing tag-ai tag-boomer tag-boomer-academy tag-branding tag-design tag-formas tag-gestaoredesosciais tag-marca tag-vila-nova-de-famalicao\" role=\"listitem\">\n\t\t\t<div class=\"elementor-post__card\">\n\t\t\t\t<a class=\"elementor-post__thumbnail__link\" href=\"https:\/\/boomer.pt\/raiodoblog\/principios-do-design-inclusivo\/\" tabindex=\"-1\" target=\"_blank\"><div class=\"elementor-post__thumbnail\"><img decoding=\"async\" width=\"1403\" height=\"702\" data-src=\"https:\/\/boomer.pt\/raiodoblog\/wp-content\/uploads\/2023\/12\/BLOG-INSTAGRAM-NEWSLETTER-parte-4_w49_DesignIclusivo_banner-blog.webp\" class=\"attachment-full size-full wp-image-20854 lazyload\" alt=\"\" data-srcset=\"https:\/\/boomer.pt\/raiodoblog\/wp-content\/uploads\/2023\/12\/BLOG-INSTAGRAM-NEWSLETTER-parte-4_w49_DesignIclusivo_banner-blog.webp 1403w, https:\/\/boomer.pt\/raiodoblog\/wp-content\/uploads\/2023\/12\/BLOG-INSTAGRAM-NEWSLETTER-parte-4_w49_DesignIclusivo_banner-blog-300x150.webp 300w, https:\/\/boomer.pt\/raiodoblog\/wp-content\/uploads\/2023\/12\/BLOG-INSTAGRAM-NEWSLETTER-parte-4_w49_DesignIclusivo_banner-blog-1024x512.webp 1024w, https:\/\/boomer.pt\/raiodoblog\/wp-content\/uploads\/2023\/12\/BLOG-INSTAGRAM-NEWSLETTER-parte-4_w49_DesignIclusivo_banner-blog-768x384.webp 768w\" data-sizes=\"(max-width: 1403px) 100vw, 1403px\" src=\"data:image\/gif;base64,R0lGODlhAQABAAAAACH5BAEKAAEALAAAAAABAAEAAAICTAEAOw==\" style=\"--smush-placeholder-width: 1403px; --smush-placeholder-aspect-ratio: 1403\/702;\" \/><\/div><\/a>\n\t\t\t\t<div class=\"elementor-post__text\">\n\t\t\t\t<h3 class=\"elementor-post__title\">\n\t\t\t<a href=\"https:\/\/boomer.pt\/raiodoblog\/principios-do-design-inclusivo\/\" target=&quot;_blank&quot;>\n\t\t\t\t5 princ\u00edpios do Design Inclusivo\t\t\t<\/a>\n\t\t<\/h3>\n\t\t\t\t<div class=\"elementor-post__excerpt\">\n\t\t\t<p>\u00c0 medida que as marcas procuram relacionar-se com uma audi\u00eancia cada vez mais diversificada, o design gr\u00e1fico inclusivo emerge como uma ferramenta poderosa para criar estrat\u00e9gias e produtos que transcendem barreiras. Este artigo explora cinco princ\u00edpios fundamentais do design gr\u00e1fico inclusivo e como as marcas os podem incorporar para ampliar o seu alcance e construir uma presen\u00e7a mais inclusiva e aut\u00eantica.<\/p>\n\t\t<\/div>\n\t\t\t\t\t<div class=\"elementor-post__read-more-wrapper\">\n\t\t\n\t\t<a class=\"elementor-post__read-more\" href=\"https:\/\/boomer.pt\/raiodoblog\/principios-do-design-inclusivo\/\" aria-label=\"Read more about 5 princ\u00edpios do Design Inclusivo\" tabindex=\"-1\" target=\"_blank\">\n\t\t\tLER MAIS\t\t<\/a>\n\n\t\t\t\t\t<\/div>\n\t\t\t\t<\/div>\n\t\t\t\t<div class=\"elementor-post__meta-data\">\n\t\t\t\t\t<span class=\"elementor-post-date\">\n\t\t\t8 de May, 2023\t\t<\/span>\n\t\t\t\t<\/div>\n\t\t\t\t\t<\/div>\n\t\t<\/article>\n\t\t\t\t<\/div>\n\t\t\n\t\t\t\t\t\t<\/div>\n\t\t\t\t<\/div>\n\t\t\t\t\t<\/div>\n\t\t<\/div>\n\t\t\t\t\t<\/div>\n\t\t<\/section>\n\t\t\t\t\t<\/div>\n\t\t<\/div>\n\t\t\t\t\t<\/div>\n\t\t<\/section>\n\t\t\t\t<\/div>\n\t\t\t\t<\/div>\n\t\t\t\t\t\t<\/div>\n\t\t\t\t<\/div>\n\t\t\t\t\t<\/div>\n\t\t<\/div>\n\t\t\t\t\t<\/div>\n\t\t<\/section>\n\t\t\t\t<\/div>\n\t\t","protected":false},"excerpt":{"rendered":"<p><img decoding=\"async\" style=\"display: block; margin-left: auto; margin-right: auto;\" data-src=\"images\/o_raio_do_blog\/25-06-21\/24_5-ferramentas-para-social-media-manager_1.png\" alt=\"\" src=\"data:image\/gif;base64,R0lGODlhAQABAAAAACH5BAEKAAEALAAAAAABAAEAAAICTAEAOw==\" class=\"lazyload\" \/><\/p>\n<div class=\"\">\n<p class=\"p1\"><span style=\"font-weight: 400; font-size: 10pt;\">Estarmos constantemente insatisfeitos com alguma coisa, \u00e9 intr\u00ednseco ao ser humano. Durante a nossa vida \u00e9 bastante comum chegarmos a um ponto de encruzilhada em que n\u00e3o temos a certeza do caminho a seguir.<\/span><\/p>\n","protected":false},"author":5,"featured_media":7092,"comment_status":"open","ping_status":"open","sticky":false,"template":"elementor_theme","format":"standard","meta":{"footnotes":""},"categories":[98],"tags":[131,130,156,140,154,287,151,139,148,133,132],"class_list":["post-7093","post","type-post","status-publish","format-standard","has-post-thumbnail","hentry","category-design","tag-agencia-digital","tag-agenciademarketing","tag-ai","tag-branding","tag-design","tag-design-thinking","tag-gestaoredesosciais","tag-marca","tag-marketingdigital","tag-redessociais","tag-vila-nova-de-famalicao"],"yoast_head":"<!-- This site is optimized with the Yoast SEO plugin v24.7 - https:\/\/yoast.com\/wordpress\/plugins\/seo\/ -->\n<title>Design Thinking: O que \u00e9 - BOOMER<\/title>\n<meta name=\"description\" content=\"O Design Thinking, um processo n\u00e3o-linear, focado na resolu\u00e7\u00e3o de um ou mais problemas, atrav\u00e9s de 5 etapas: empatia, defini\u00e7\u00e3o...\" \/>\n<meta name=\"robots\" content=\"index, follow, max-snippet:-1, max-image-preview:large, max-video-preview:-1\" \/>\n<link rel=\"canonical\" href=\"https:\/\/boomer.pt\/raiodoblog\/designthinking-o-que-e-quais-as-etapas-aplicar-no-dia-a-dia\/\" \/>\n<meta property=\"og:locale\" content=\"en_US\" \/>\n<meta property=\"og:type\" content=\"article\" \/>\n<meta property=\"og:title\" content=\"Design Thinking: O que \u00e9 - BOOMER\" \/>\n<meta property=\"og:description\" content=\"O Design Thinking, um processo n\u00e3o-linear, focado na resolu\u00e7\u00e3o de um ou mais problemas, atrav\u00e9s de 5 etapas: empatia, defini\u00e7\u00e3o...\" \/>\n<meta property=\"og:url\" content=\"https:\/\/boomer.pt\/raiodoblog\/designthinking-o-que-e-quais-as-etapas-aplicar-no-dia-a-dia\/\" \/>\n<meta property=\"og:site_name\" content=\"BOOMER\" \/>\n<meta property=\"article:publisher\" content=\"https:\/\/www.facebook.com\/boomer.pt\" \/>\n<meta property=\"article:published_time\" content=\"2020-09-10T08:02:15+00:00\" \/>\n<meta property=\"og:image\" content=\"https:\/\/boomer.pt\/raiodoblog\/wp-content\/uploads\/2021\/07\/imagens_BLOG_e_INSTA-16.png\" \/>\n\t<meta property=\"og:image:width\" content=\"2001\" \/>\n\t<meta property=\"og:image:height\" content=\"1001\" \/>\n\t<meta property=\"og:image:type\" content=\"image\/png\" \/>\n<meta name=\"author\" content=\"Tiago Oliveira\" \/>\n<meta name=\"twitter:card\" content=\"summary_large_image\" \/>\n<meta name=\"twitter:label1\" content=\"Written by\" \/>\n\t<meta name=\"twitter:data1\" content=\"Tiago Oliveira\" \/>\n\t<meta name=\"twitter:label2\" content=\"Est. reading time\" \/>\n\t<meta name=\"twitter:data2\" content=\"5 minutes\" \/>\n<script type=\"application\/ld+json\" class=\"yoast-schema-graph\">{\"@context\":\"https:\/\/schema.org\",\"@graph\":[{\"@type\":\"Article\",\"@id\":\"https:\/\/boomer.pt\/raiodoblog\/designthinking-o-que-e-quais-as-etapas-aplicar-no-dia-a-dia\/#article\",\"isPartOf\":{\"@id\":\"https:\/\/boomer.pt\/raiodoblog\/designthinking-o-que-e-quais-as-etapas-aplicar-no-dia-a-dia\/\"},\"author\":{\"name\":\"Tiago Oliveira\",\"@id\":\"https:\/\/boomer.pt\/raiodoblog\/#\/schema\/person\/b3543747e5383f4bb8bbbfa21499bf37\"},\"headline\":\"Design Thinking: O que \u00e9, quais as etapas e como aplicar no dia-a-dia?\",\"datePublished\":\"2020-09-10T08:02:15+00:00\",\"mainEntityOfPage\":{\"@id\":\"https:\/\/boomer.pt\/raiodoblog\/designthinking-o-que-e-quais-as-etapas-aplicar-no-dia-a-dia\/\"},\"wordCount\":882,\"commentCount\":0,\"publisher\":{\"@id\":\"https:\/\/boomer.pt\/raiodoblog\/#organization\"},\"image\":{\"@id\":\"https:\/\/boomer.pt\/raiodoblog\/designthinking-o-que-e-quais-as-etapas-aplicar-no-dia-a-dia\/#primaryimage\"},\"thumbnailUrl\":\"https:\/\/boomer.pt\/raiodoblog\/wp-content\/uploads\/2021\/07\/imagens_BLOG_e_INSTA-16.png\",\"keywords\":[\"agencia digital\",\"agenciademarketing\",\"ai\",\"branding\",\"design\",\"design thinking\",\"gestaoredesosciais\",\"marca\",\"marketingdigital\",\"redessociais\",\"vila nova de famalicao\"],\"articleSection\":[\"Design Gr\u00e1fico\"],\"inLanguage\":\"en-US\",\"potentialAction\":[{\"@type\":\"CommentAction\",\"name\":\"Comment\",\"target\":[\"https:\/\/boomer.pt\/raiodoblog\/designthinking-o-que-e-quais-as-etapas-aplicar-no-dia-a-dia\/#respond\"]}]},{\"@type\":\"WebPage\",\"@id\":\"https:\/\/boomer.pt\/raiodoblog\/designthinking-o-que-e-quais-as-etapas-aplicar-no-dia-a-dia\/\",\"url\":\"https:\/\/boomer.pt\/raiodoblog\/designthinking-o-que-e-quais-as-etapas-aplicar-no-dia-a-dia\/\",\"name\":\"Design Thinking: O que \u00e9 - BOOMER\",\"isPartOf\":{\"@id\":\"https:\/\/boomer.pt\/raiodoblog\/#website\"},\"primaryImageOfPage\":{\"@id\":\"https:\/\/boomer.pt\/raiodoblog\/designthinking-o-que-e-quais-as-etapas-aplicar-no-dia-a-dia\/#primaryimage\"},\"image\":{\"@id\":\"https:\/\/boomer.pt\/raiodoblog\/designthinking-o-que-e-quais-as-etapas-aplicar-no-dia-a-dia\/#primaryimage\"},\"thumbnailUrl\":\"https:\/\/boomer.pt\/raiodoblog\/wp-content\/uploads\/2021\/07\/imagens_BLOG_e_INSTA-16.png\",\"datePublished\":\"2020-09-10T08:02:15+00:00\",\"description\":\"O Design Thinking, um processo n\u00e3o-linear, focado na resolu\u00e7\u00e3o de um ou mais problemas, atrav\u00e9s de 5 etapas: empatia, defini\u00e7\u00e3o...\",\"breadcrumb\":{\"@id\":\"https:\/\/boomer.pt\/raiodoblog\/designthinking-o-que-e-quais-as-etapas-aplicar-no-dia-a-dia\/#breadcrumb\"},\"inLanguage\":\"en-US\",\"potentialAction\":[{\"@type\":\"ReadAction\",\"target\":[\"https:\/\/boomer.pt\/raiodoblog\/designthinking-o-que-e-quais-as-etapas-aplicar-no-dia-a-dia\/\"]}]},{\"@type\":\"ImageObject\",\"inLanguage\":\"en-US\",\"@id\":\"https:\/\/boomer.pt\/raiodoblog\/designthinking-o-que-e-quais-as-etapas-aplicar-no-dia-a-dia\/#primaryimage\",\"url\":\"https:\/\/boomer.pt\/raiodoblog\/wp-content\/uploads\/2021\/07\/imagens_BLOG_e_INSTA-16.png\",\"contentUrl\":\"https:\/\/boomer.pt\/raiodoblog\/wp-content\/uploads\/2021\/07\/imagens_BLOG_e_INSTA-16.png\",\"width\":2001,\"height\":1001},{\"@type\":\"BreadcrumbList\",\"@id\":\"https:\/\/boomer.pt\/raiodoblog\/designthinking-o-que-e-quais-as-etapas-aplicar-no-dia-a-dia\/#breadcrumb\",\"itemListElement\":[{\"@type\":\"ListItem\",\"position\":1,\"name\":\"In\u00edcio\",\"item\":\"https:\/\/boomer.pt\/raiodoblog\/\"},{\"@type\":\"ListItem\",\"position\":2,\"name\":\"Design Thinking: O que \u00e9, quais as etapas e como aplicar no dia-a-dia?\"}]},{\"@type\":\"WebSite\",\"@id\":\"https:\/\/boomer.pt\/raiodoblog\/#website\",\"url\":\"https:\/\/boomer.pt\/raiodoblog\/\",\"name\":\"BOOMER\",\"description\":\"Brand &amp; Digital Agency\",\"publisher\":{\"@id\":\"https:\/\/boomer.pt\/raiodoblog\/#organization\"},\"potentialAction\":[{\"@type\":\"SearchAction\",\"target\":{\"@type\":\"EntryPoint\",\"urlTemplate\":\"https:\/\/boomer.pt\/raiodoblog\/?s={search_term_string}\"},\"query-input\":{\"@type\":\"PropertyValueSpecification\",\"valueRequired\":true,\"valueName\":\"search_term_string\"}}],\"inLanguage\":\"en-US\"},{\"@type\":\"Organization\",\"@id\":\"https:\/\/boomer.pt\/raiodoblog\/#organization\",\"name\":\"BOOMER\",\"url\":\"https:\/\/boomer.pt\/raiodoblog\/\",\"logo\":{\"@type\":\"ImageObject\",\"inLanguage\":\"en-US\",\"@id\":\"https:\/\/boomer.pt\/raiodoblog\/#\/schema\/logo\/image\/\",\"url\":\"https:\/\/boomer.pt\/raiodoblog\/wp-content\/uploads\/2022\/10\/BoomerLogo-2.svg\",\"contentUrl\":\"https:\/\/boomer.pt\/raiodoblog\/wp-content\/uploads\/2022\/10\/BoomerLogo-2.svg\",\"width\":154,\"height\":40,\"caption\":\"BOOMER\"},\"image\":{\"@id\":\"https:\/\/boomer.pt\/raiodoblog\/#\/schema\/logo\/image\/\"},\"sameAs\":[\"https:\/\/www.facebook.com\/boomer.pt\",\"https:\/\/www.instagram.com\/boomerpt\/\",\"https:\/\/www.linkedin.com\/company\/2641069\/admin\/\",\"https:\/\/www.youtube.com\/channel\/UCJ4-FswWDdO5i1UVdIUqtGw\/feed\",\"https:\/\/www.behance.net\/boomer_pt\"]},{\"@type\":\"Person\",\"@id\":\"https:\/\/boomer.pt\/raiodoblog\/#\/schema\/person\/b3543747e5383f4bb8bbbfa21499bf37\",\"name\":\"Tiago Oliveira\",\"image\":{\"@type\":\"ImageObject\",\"inLanguage\":\"en-US\",\"@id\":\"https:\/\/boomer.pt\/raiodoblog\/#\/schema\/person\/image\/\",\"url\":\"https:\/\/secure.gravatar.com\/avatar\/6eb59808feba8e22cfa7ed2be6dbbcfdb382a8694f65786be3ab472eb52cb717?s=96&d=mm&r=g\",\"contentUrl\":\"https:\/\/secure.gravatar.com\/avatar\/6eb59808feba8e22cfa7ed2be6dbbcfdb382a8694f65786be3ab472eb52cb717?s=96&d=mm&r=g\",\"caption\":\"Tiago Oliveira\"},\"description\":\"Designer\",\"url\":\"https:\/\/boomer.pt\/raiodoblog\/author\/tiago-oliveira\/\"}]}<\/script>\n<!-- \/ Yoast SEO plugin. -->","yoast_head_json":{"title":"Design Thinking: O que \u00e9 - BOOMER","description":"O Design Thinking, um processo n\u00e3o-linear, focado na resolu\u00e7\u00e3o de um ou mais problemas, atrav\u00e9s de 5 etapas: empatia, defini\u00e7\u00e3o...","robots":{"index":"index","follow":"follow","max-snippet":"max-snippet:-1","max-image-preview":"max-image-preview:large","max-video-preview":"max-video-preview:-1"},"canonical":"https:\/\/boomer.pt\/raiodoblog\/designthinking-o-que-e-quais-as-etapas-aplicar-no-dia-a-dia\/","og_locale":"en_US","og_type":"article","og_title":"Design Thinking: O que \u00e9 - BOOMER","og_description":"O Design Thinking, um processo n\u00e3o-linear, focado na resolu\u00e7\u00e3o de um ou mais problemas, atrav\u00e9s de 5 etapas: empatia, defini\u00e7\u00e3o...","og_url":"https:\/\/boomer.pt\/raiodoblog\/designthinking-o-que-e-quais-as-etapas-aplicar-no-dia-a-dia\/","og_site_name":"BOOMER","article_publisher":"https:\/\/www.facebook.com\/boomer.pt","article_published_time":"2020-09-10T08:02:15+00:00","og_image":[{"width":2001,"height":1001,"url":"https:\/\/boomer.pt\/raiodoblog\/wp-content\/uploads\/2021\/07\/imagens_BLOG_e_INSTA-16.png","type":"image\/png"}],"author":"Tiago Oliveira","twitter_card":"summary_large_image","twitter_misc":{"Written by":"Tiago Oliveira","Est. reading time":"5 minutes"},"schema":{"@context":"https:\/\/schema.org","@graph":[{"@type":"Article","@id":"https:\/\/boomer.pt\/raiodoblog\/designthinking-o-que-e-quais-as-etapas-aplicar-no-dia-a-dia\/#article","isPartOf":{"@id":"https:\/\/boomer.pt\/raiodoblog\/designthinking-o-que-e-quais-as-etapas-aplicar-no-dia-a-dia\/"},"author":{"name":"Tiago Oliveira","@id":"https:\/\/boomer.pt\/raiodoblog\/#\/schema\/person\/b3543747e5383f4bb8bbbfa21499bf37"},"headline":"Design Thinking: O que \u00e9, quais as etapas e como aplicar no dia-a-dia?","datePublished":"2020-09-10T08:02:15+00:00","mainEntityOfPage":{"@id":"https:\/\/boomer.pt\/raiodoblog\/designthinking-o-que-e-quais-as-etapas-aplicar-no-dia-a-dia\/"},"wordCount":882,"commentCount":0,"publisher":{"@id":"https:\/\/boomer.pt\/raiodoblog\/#organization"},"image":{"@id":"https:\/\/boomer.pt\/raiodoblog\/designthinking-o-que-e-quais-as-etapas-aplicar-no-dia-a-dia\/#primaryimage"},"thumbnailUrl":"https:\/\/boomer.pt\/raiodoblog\/wp-content\/uploads\/2021\/07\/imagens_BLOG_e_INSTA-16.png","keywords":["agencia digital","agenciademarketing","ai","branding","design","design thinking","gestaoredesosciais","marca","marketingdigital","redessociais","vila nova de famalicao"],"articleSection":["Design Gr\u00e1fico"],"inLanguage":"en-US","potentialAction":[{"@type":"CommentAction","name":"Comment","target":["https:\/\/boomer.pt\/raiodoblog\/designthinking-o-que-e-quais-as-etapas-aplicar-no-dia-a-dia\/#respond"]}]},{"@type":"WebPage","@id":"https:\/\/boomer.pt\/raiodoblog\/designthinking-o-que-e-quais-as-etapas-aplicar-no-dia-a-dia\/","url":"https:\/\/boomer.pt\/raiodoblog\/designthinking-o-que-e-quais-as-etapas-aplicar-no-dia-a-dia\/","name":"Design Thinking: O que \u00e9 - BOOMER","isPartOf":{"@id":"https:\/\/boomer.pt\/raiodoblog\/#website"},"primaryImageOfPage":{"@id":"https:\/\/boomer.pt\/raiodoblog\/designthinking-o-que-e-quais-as-etapas-aplicar-no-dia-a-dia\/#primaryimage"},"image":{"@id":"https:\/\/boomer.pt\/raiodoblog\/designthinking-o-que-e-quais-as-etapas-aplicar-no-dia-a-dia\/#primaryimage"},"thumbnailUrl":"https:\/\/boomer.pt\/raiodoblog\/wp-content\/uploads\/2021\/07\/imagens_BLOG_e_INSTA-16.png","datePublished":"2020-09-10T08:02:15+00:00","description":"O Design Thinking, um processo n\u00e3o-linear, focado na resolu\u00e7\u00e3o de um ou mais problemas, atrav\u00e9s de 5 etapas: empatia, defini\u00e7\u00e3o...","breadcrumb":{"@id":"https:\/\/boomer.pt\/raiodoblog\/designthinking-o-que-e-quais-as-etapas-aplicar-no-dia-a-dia\/#breadcrumb"},"inLanguage":"en-US","potentialAction":[{"@type":"ReadAction","target":["https:\/\/boomer.pt\/raiodoblog\/designthinking-o-que-e-quais-as-etapas-aplicar-no-dia-a-dia\/"]}]},{"@type":"ImageObject","inLanguage":"en-US","@id":"https:\/\/boomer.pt\/raiodoblog\/designthinking-o-que-e-quais-as-etapas-aplicar-no-dia-a-dia\/#primaryimage","url":"https:\/\/boomer.pt\/raiodoblog\/wp-content\/uploads\/2021\/07\/imagens_BLOG_e_INSTA-16.png","contentUrl":"https:\/\/boomer.pt\/raiodoblog\/wp-content\/uploads\/2021\/07\/imagens_BLOG_e_INSTA-16.png","width":2001,"height":1001},{"@type":"BreadcrumbList","@id":"https:\/\/boomer.pt\/raiodoblog\/designthinking-o-que-e-quais-as-etapas-aplicar-no-dia-a-dia\/#breadcrumb","itemListElement":[{"@type":"ListItem","position":1,"name":"In\u00edcio","item":"https:\/\/boomer.pt\/raiodoblog\/"},{"@type":"ListItem","position":2,"name":"Design Thinking: O que \u00e9, quais as etapas e como aplicar no dia-a-dia?"}]},{"@type":"WebSite","@id":"https:\/\/boomer.pt\/raiodoblog\/#website","url":"https:\/\/boomer.pt\/raiodoblog\/","name":"BOOMER","description":"Brand &amp; Digital Agency","publisher":{"@id":"https:\/\/boomer.pt\/raiodoblog\/#organization"},"potentialAction":[{"@type":"SearchAction","target":{"@type":"EntryPoint","urlTemplate":"https:\/\/boomer.pt\/raiodoblog\/?s={search_term_string}"},"query-input":{"@type":"PropertyValueSpecification","valueRequired":true,"valueName":"search_term_string"}}],"inLanguage":"en-US"},{"@type":"Organization","@id":"https:\/\/boomer.pt\/raiodoblog\/#organization","name":"BOOMER","url":"https:\/\/boomer.pt\/raiodoblog\/","logo":{"@type":"ImageObject","inLanguage":"en-US","@id":"https:\/\/boomer.pt\/raiodoblog\/#\/schema\/logo\/image\/","url":"https:\/\/boomer.pt\/raiodoblog\/wp-content\/uploads\/2022\/10\/BoomerLogo-2.svg","contentUrl":"https:\/\/boomer.pt\/raiodoblog\/wp-content\/uploads\/2022\/10\/BoomerLogo-2.svg","width":154,"height":40,"caption":"BOOMER"},"image":{"@id":"https:\/\/boomer.pt\/raiodoblog\/#\/schema\/logo\/image\/"},"sameAs":["https:\/\/www.facebook.com\/boomer.pt","https:\/\/www.instagram.com\/boomerpt\/","https:\/\/www.linkedin.com\/company\/2641069\/admin\/","https:\/\/www.youtube.com\/channel\/UCJ4-FswWDdO5i1UVdIUqtGw\/feed","https:\/\/www.behance.net\/boomer_pt"]},{"@type":"Person","@id":"https:\/\/boomer.pt\/raiodoblog\/#\/schema\/person\/b3543747e5383f4bb8bbbfa21499bf37","name":"Tiago Oliveira","image":{"@type":"ImageObject","inLanguage":"en-US","@id":"https:\/\/boomer.pt\/raiodoblog\/#\/schema\/person\/image\/","url":"https:\/\/secure.gravatar.com\/avatar\/6eb59808feba8e22cfa7ed2be6dbbcfdb382a8694f65786be3ab472eb52cb717?s=96&d=mm&r=g","contentUrl":"https:\/\/secure.gravatar.com\/avatar\/6eb59808feba8e22cfa7ed2be6dbbcfdb382a8694f65786be3ab472eb52cb717?s=96&d=mm&r=g","caption":"Tiago Oliveira"},"description":"Designer","url":"https:\/\/boomer.pt\/raiodoblog\/author\/tiago-oliveira\/"}]}},"_links":{"self":[{"href":"https:\/\/boomer.pt\/raiodoblog\/wp-json\/wp\/v2\/posts\/7093","targetHints":{"allow":["GET"]}}],"collection":[{"href":"https:\/\/boomer.pt\/raiodoblog\/wp-json\/wp\/v2\/posts"}],"about":[{"href":"https:\/\/boomer.pt\/raiodoblog\/wp-json\/wp\/v2\/types\/post"}],"author":[{"embeddable":true,"href":"https:\/\/boomer.pt\/raiodoblog\/wp-json\/wp\/v2\/users\/5"}],"replies":[{"embeddable":true,"href":"https:\/\/boomer.pt\/raiodoblog\/wp-json\/wp\/v2\/comments?post=7093"}],"version-history":[{"count":1,"href":"https:\/\/boomer.pt\/raiodoblog\/wp-json\/wp\/v2\/posts\/7093\/revisions"}],"predecessor-version":[{"id":26095,"href":"https:\/\/boomer.pt\/raiodoblog\/wp-json\/wp\/v2\/posts\/7093\/revisions\/26095"}],"wp:featuredmedia":[{"embeddable":true,"href":"https:\/\/boomer.pt\/raiodoblog\/wp-json\/wp\/v2\/media\/7092"}],"wp:attachment":[{"href":"https:\/\/boomer.pt\/raiodoblog\/wp-json\/wp\/v2\/media?parent=7093"}],"wp:term":[{"taxonomy":"category","embeddable":true,"href":"https:\/\/boomer.pt\/raiodoblog\/wp-json\/wp\/v2\/categories?post=7093"},{"taxonomy":"post_tag","embeddable":true,"href":"https:\/\/boomer.pt\/raiodoblog\/wp-json\/wp\/v2\/tags?post=7093"}],"curies":[{"name":"wp","href":"https:\/\/api.w.org\/{rel}","templated":true}]}}