{"id":6900,"date":"2019-10-05T18:33:54","date_gmt":"2019-10-05T17:33:54","guid":{"rendered":"http:\/\/boomer.pt\/psicologia-das-cores-uma-ferramenta-fundamental-para-o-marketing\/"},"modified":"2019-10-05T18:33:54","modified_gmt":"2019-10-05T17:33:54","slug":"psicologia-das-cores-uma-ferramenta-fundamental-para-o-marketing","status":"publish","type":"post","link":"https:\/\/boomer.pt\/raiodoblog\/psicologia-das-cores-uma-ferramenta-fundamental-para-o-marketing\/","title":{"rendered":"PSICOLOGIA DAS CORES \u2013 UMA FERRAMENTA FUNDAMENTAL PARA O MARKETING"},"content":{"rendered":"\t\t<div data-elementor-type=\"wp-post\" data-elementor-id=\"6900\" class=\"elementor elementor-6900\" data-elementor-post-type=\"post\">\n\t\t\t\t\t\t<section class=\"elementor-section elementor-top-section elementor-element elementor-element-261c481 elementor-section-boxed elementor-section-height-default elementor-section-height-default\" data-id=\"261c481\" data-element_type=\"section\" data-e-type=\"section\">\n\t\t\t\t\t\t<div class=\"elementor-container elementor-column-gap-default\">\n\t\t\t\t\t<div class=\"elementor-column elementor-col-100 elementor-top-column elementor-element elementor-element-e4d6e74\" data-id=\"e4d6e74\" data-element_type=\"column\" data-e-type=\"column\">\n\t\t\t<div class=\"elementor-widget-wrap elementor-element-populated\">\n\t\t\t\t\t\t<div class=\"elementor-element elementor-element-f7bd806 elementor-widget elementor-widget-text-editor\" data-id=\"f7bd806\" data-element_type=\"widget\" data-e-type=\"widget\" data-widget_type=\"text-editor.default\">\n\t\t\t\t<div class=\"elementor-widget-container\">\n\t\t\t\t\t\t\t\t\t<p>As cores comunicam e s\u00e3o um \u00f3timo ve\u00edculo de persuas\u00e3o<\/p>\t\t\t\t\t\t\t\t<\/div>\n\t\t\t\t<\/div>\n\t\t\t\t\t<\/div>\n\t\t<\/div>\n\t\t\t\t\t<\/div>\n\t\t<\/section>\n\t\t\t\t<section class=\"elementor-section elementor-top-section elementor-element elementor-element-842a03d elementor-section-boxed elementor-section-height-default elementor-section-height-default\" data-id=\"842a03d\" data-element_type=\"section\" data-e-type=\"section\">\n\t\t\t\t\t\t<div class=\"elementor-container elementor-column-gap-default\">\n\t\t\t\t\t<div class=\"elementor-column elementor-col-100 elementor-top-column elementor-element elementor-element-3cdbb7d\" data-id=\"3cdbb7d\" data-element_type=\"column\" data-e-type=\"column\">\n\t\t\t<div class=\"elementor-widget-wrap elementor-element-populated\">\n\t\t\t\t\t\t<div class=\"elementor-element elementor-element-e49376b elementor-widget elementor-widget-spacer\" data-id=\"e49376b\" data-element_type=\"widget\" data-e-type=\"widget\" data-widget_type=\"spacer.default\">\n\t\t\t\t<div class=\"elementor-widget-container\">\n\t\t\t\t\t\t\t<div class=\"elementor-spacer\">\n\t\t\t<div class=\"elementor-spacer-inner\"><\/div>\n\t\t<\/div>\n\t\t\t\t\t\t<\/div>\n\t\t\t\t<\/div>\n\t\t\t\t<div class=\"elementor-element elementor-element-65d4c97 elementor-widget elementor-widget-text-editor\" data-id=\"65d4c97\" data-element_type=\"widget\" data-e-type=\"widget\" data-widget_type=\"text-editor.default\">\n\t\t\t\t<div class=\"elementor-widget-container\">\n\t\t\t\t\t\t\t\t\t<p>Hoje vou falar-vos da&nbsp;<strong>Psicologia das Cores!<\/strong><\/p><p><strong><br><\/strong><\/p>\n<p>Calma, n\u00e3o \u00e9 nenhuma doen\u00e7a! Pelo contr\u00e1rio, pode ser um \u201crem\u00e9dio\u201d que cura muitos males. Que o digam os designers, por exemplo.<\/p><p><br><\/p>\n<ul>\n<li>As cores comunicam e s\u00e3o um \u00f3timo ve\u00edculo de persuas\u00e3o.&nbsp;Quantos de n\u00f3s, muitas vezes, nos sentimos \u201chipnotizados\u201d por uma cor quando os nossos olhos nos levam para um outro mundo, mesmo sem nos darmos conta?<\/li>\n<\/ul><div><br><\/div>\n<p>Nada disto \u00e9 ao acaso e as marcas pensam estas quest\u00f5es ao pormenor!<\/p><p><br><\/p>\n<ul>\n<li>As cores s\u00e3o uma ferramenta poderos\u00edssima da Comunica\u00e7\u00e3o e podem ditar o sucesso ou n\u00e3o de uma marca, de um produto, de um servi\u00e7o ou mesmo de uma mera informa\u00e7\u00e3o.<\/li>\n<li>As cores representam emo\u00e7\u00f5es e, como tal, provocam diferentes sentimentos em quem as observa.<br>Juan Ram\u00f3n Jimenez, poeta espanhol, dizia:<em>&nbsp;\u201cO que \u00e9 o ser humano diante das cores do mundo? As cores do mundo s\u00e3o maiores do que o sentimento do homem\u201d<\/em>.<\/li>\n<li>Percebemos que nem sempre \u00e9 f\u00e1cil conseguir o tom certo, aquele que comunicar\u00e1 de forma ex\u00edmia para todos os recetores. A cor estimula o nosso c\u00e9rebro de muitas maneiras diferentes.<\/li>\n<\/ul><div><br><\/div>\n<p>Vejamos a imagem a seguir!<\/p>\n<p><br><\/p>\n<p><\/p>\n<p>Pensemos nas grandes marcas e na influ\u00eancia que elas t\u00eam, muito por causa das suas cores.<\/p><p><br><\/p>\n<p>Um exemplo?&nbsp;<strong>McDonald\u2019s!<\/strong><\/p><p><strong><br><\/strong><\/p>\n<p>Que cores vieram \u00e0 tua cabe\u00e7a?<\/p>\n<p><br><\/p>\n<p><\/p>\n<p>J\u00e1 reparaste que h\u00e1 diversas marcas alimentares, especialmente de&nbsp;<em>Fast Food<\/em>, a utilizar as mesmas cores? N\u00e3o \u00e9 por acaso!<\/p>\n<p><br><\/p>\n<p>Na verdade, nos \u00faltimos anos a McDonald\u2019s tem alterado progressivamente a sua cor para verde em diversos pa\u00edses da Europa, incluindo Portugal. A mudan\u00e7a de cor da marca vem no seguimento duma tentativa de aproximar a marca dos ideais de sustentabilidade, ecologia e natureza \u2013 palavras-chave associadas \u00e0 nova cor.<\/p><p><br><\/p>\n<p>Havia tanto ainda para falarmos sobre as cores\u2026 Quase tanto quanto a quantidade de c\u00f3digos de cores existentes\u2026 Mas isso j\u00e1 s\u00e3o outras conversas!<\/p>\t\t\t\t\t\t\t\t<\/div>\n\t\t\t\t<\/div>\n\t\t\t\t\t<\/div>\n\t\t<\/div>\n\t\t\t\t\t<\/div>\n\t\t<\/section>\n\t\t\t\t<\/div>\n\t\t","protected":false},"excerpt":{"rendered":"<p>As cores comunicam e s\u00e3o um \u00f3timo ve\u00edculo de persuas\u00e3o<\/p>\n","protected":false},"author":1,"featured_media":0,"comment_status":"open","ping_status":"open","sticky":false,"template":"elementor_theme","format":"standard","meta":{"footnotes":""},"categories":[1],"tags":[131,130,156,197,198,140,154,151,139,148,133,132],"class_list":["post-6900","post","type-post","status-publish","format-standard","hentry","category-sem-categoria","tag-agencia-digital","tag-agenciademarketing","tag-ai","tag-boomer","tag-boomer-academy","tag-branding","tag-design","tag-gestaoredesosciais","tag-marca","tag-marketingdigital","tag-redessociais","tag-vila-nova-de-famalicao"],"yoast_head":"<!-- This site is optimized with the Yoast SEO plugin v24.7 - https:\/\/yoast.com\/wordpress\/plugins\/seo\/ -->\n<title>PSICOLOGIA DAS CORES \u2013 FERRAMENTA DE MARKETING<\/title>\n<meta name=\"description\" content=\"As cores comunicam e s\u00e3o um \u00f3timo ve\u00edculo de persuas\u00e3o. Quantos de n\u00f3s, muitas vezes, nos sentimos \u201chipnotizados\u201d por uma cor quando os ...\" \/>\n<meta name=\"robots\" content=\"index, follow, max-snippet:-1, max-image-preview:large, max-video-preview:-1\" \/>\n<link rel=\"canonical\" href=\"https:\/\/boomer.pt\/raiodoblog\/psicologia-das-cores-uma-ferramenta-fundamental-para-o-marketing\/\" \/>\n<meta property=\"og:locale\" content=\"en_US\" \/>\n<meta property=\"og:type\" content=\"article\" \/>\n<meta property=\"og:title\" content=\"PSICOLOGIA DAS CORES \u2013 FERRAMENTA DE MARKETING\" \/>\n<meta property=\"og:description\" content=\"As cores comunicam e s\u00e3o um \u00f3timo ve\u00edculo de persuas\u00e3o. Quantos de n\u00f3s, muitas vezes, nos sentimos \u201chipnotizados\u201d por uma cor quando os ...\" \/>\n<meta property=\"og:url\" content=\"https:\/\/boomer.pt\/raiodoblog\/psicologia-das-cores-uma-ferramenta-fundamental-para-o-marketing\/\" \/>\n<meta property=\"og:site_name\" content=\"BOOMER\" \/>\n<meta property=\"article:publisher\" content=\"https:\/\/www.facebook.com\/boomer.pt\" \/>\n<meta property=\"article:published_time\" content=\"2019-10-05T17:33:54+00:00\" \/>\n<meta name=\"author\" content=\"Vera Oliveira\" \/>\n<meta name=\"twitter:card\" content=\"summary_large_image\" \/>\n<meta name=\"twitter:label1\" content=\"Written by\" \/>\n\t<meta name=\"twitter:data1\" content=\"Vera Oliveira\" \/>\n\t<meta name=\"twitter:label2\" content=\"Est. reading time\" \/>\n\t<meta name=\"twitter:data2\" content=\"2 minutes\" \/>\n<script type=\"application\/ld+json\" class=\"yoast-schema-graph\">{\"@context\":\"https:\/\/schema.org\",\"@graph\":[{\"@type\":\"Article\",\"@id\":\"https:\/\/boomer.pt\/raiodoblog\/psicologia-das-cores-uma-ferramenta-fundamental-para-o-marketing\/#article\",\"isPartOf\":{\"@id\":\"https:\/\/boomer.pt\/raiodoblog\/psicologia-das-cores-uma-ferramenta-fundamental-para-o-marketing\/\"},\"author\":{\"name\":\"Vera Oliveira\",\"@id\":\"https:\/\/boomer.pt\/raiodoblog\/#\/schema\/person\/6cdc1fb5ce8d2bed7d6b684648d4c36b\"},\"headline\":\"PSICOLOGIA DAS CORES \u2013 UMA FERRAMENTA FUNDAMENTAL PARA O MARKETING\",\"datePublished\":\"2019-10-05T17:33:54+00:00\",\"mainEntityOfPage\":{\"@id\":\"https:\/\/boomer.pt\/raiodoblog\/psicologia-das-cores-uma-ferramenta-fundamental-para-o-marketing\/\"},\"wordCount\":355,\"commentCount\":0,\"publisher\":{\"@id\":\"https:\/\/boomer.pt\/raiodoblog\/#organization\"},\"keywords\":[\"agencia digital\",\"agenciademarketing\",\"ai\",\"Boomer\",\"Boomer Academy\",\"branding\",\"design\",\"gestaoredesosciais\",\"marca\",\"marketingdigital\",\"redessociais\",\"vila nova de famalicao\"],\"articleSection\":[\"Sem categoria\"],\"inLanguage\":\"en-US\",\"potentialAction\":[{\"@type\":\"CommentAction\",\"name\":\"Comment\",\"target\":[\"https:\/\/boomer.pt\/raiodoblog\/psicologia-das-cores-uma-ferramenta-fundamental-para-o-marketing\/#respond\"]}]},{\"@type\":\"WebPage\",\"@id\":\"https:\/\/boomer.pt\/raiodoblog\/psicologia-das-cores-uma-ferramenta-fundamental-para-o-marketing\/\",\"url\":\"https:\/\/boomer.pt\/raiodoblog\/psicologia-das-cores-uma-ferramenta-fundamental-para-o-marketing\/\",\"name\":\"PSICOLOGIA DAS CORES \u2013 FERRAMENTA DE MARKETING\",\"isPartOf\":{\"@id\":\"https:\/\/boomer.pt\/raiodoblog\/#website\"},\"datePublished\":\"2019-10-05T17:33:54+00:00\",\"description\":\"As cores comunicam e s\u00e3o um \u00f3timo ve\u00edculo de persuas\u00e3o. Quantos de n\u00f3s, muitas vezes, nos sentimos \u201chipnotizados\u201d por uma cor quando os ...\",\"breadcrumb\":{\"@id\":\"https:\/\/boomer.pt\/raiodoblog\/psicologia-das-cores-uma-ferramenta-fundamental-para-o-marketing\/#breadcrumb\"},\"inLanguage\":\"en-US\",\"potentialAction\":[{\"@type\":\"ReadAction\",\"target\":[\"https:\/\/boomer.pt\/raiodoblog\/psicologia-das-cores-uma-ferramenta-fundamental-para-o-marketing\/\"]}]},{\"@type\":\"BreadcrumbList\",\"@id\":\"https:\/\/boomer.pt\/raiodoblog\/psicologia-das-cores-uma-ferramenta-fundamental-para-o-marketing\/#breadcrumb\",\"itemListElement\":[{\"@type\":\"ListItem\",\"position\":1,\"name\":\"In\u00edcio\",\"item\":\"https:\/\/boomer.pt\/raiodoblog\/\"},{\"@type\":\"ListItem\",\"position\":2,\"name\":\"PSICOLOGIA DAS CORES \u2013 UMA FERRAMENTA FUNDAMENTAL PARA O MARKETING\"}]},{\"@type\":\"WebSite\",\"@id\":\"https:\/\/boomer.pt\/raiodoblog\/#website\",\"url\":\"https:\/\/boomer.pt\/raiodoblog\/\",\"name\":\"BOOMER\",\"description\":\"Brand &amp; Digital Agency\",\"publisher\":{\"@id\":\"https:\/\/boomer.pt\/raiodoblog\/#organization\"},\"potentialAction\":[{\"@type\":\"SearchAction\",\"target\":{\"@type\":\"EntryPoint\",\"urlTemplate\":\"https:\/\/boomer.pt\/raiodoblog\/?s={search_term_string}\"},\"query-input\":{\"@type\":\"PropertyValueSpecification\",\"valueRequired\":true,\"valueName\":\"search_term_string\"}}],\"inLanguage\":\"en-US\"},{\"@type\":\"Organization\",\"@id\":\"https:\/\/boomer.pt\/raiodoblog\/#organization\",\"name\":\"BOOMER\",\"url\":\"https:\/\/boomer.pt\/raiodoblog\/\",\"logo\":{\"@type\":\"ImageObject\",\"inLanguage\":\"en-US\",\"@id\":\"https:\/\/boomer.pt\/raiodoblog\/#\/schema\/logo\/image\/\",\"url\":\"https:\/\/boomer.pt\/raiodoblog\/wp-content\/uploads\/2022\/10\/BoomerLogo-2.svg\",\"contentUrl\":\"https:\/\/boomer.pt\/raiodoblog\/wp-content\/uploads\/2022\/10\/BoomerLogo-2.svg\",\"width\":154,\"height\":40,\"caption\":\"BOOMER\"},\"image\":{\"@id\":\"https:\/\/boomer.pt\/raiodoblog\/#\/schema\/logo\/image\/\"},\"sameAs\":[\"https:\/\/www.facebook.com\/boomer.pt\",\"https:\/\/www.instagram.com\/boomerpt\/\",\"https:\/\/www.linkedin.com\/company\/2641069\/admin\/\",\"https:\/\/www.youtube.com\/channel\/UCJ4-FswWDdO5i1UVdIUqtGw\/feed\",\"https:\/\/www.behance.net\/boomer_pt\"]},{\"@type\":\"Person\",\"@id\":\"https:\/\/boomer.pt\/raiodoblog\/#\/schema\/person\/6cdc1fb5ce8d2bed7d6b684648d4c36b\",\"name\":\"Vera Oliveira\",\"image\":{\"@type\":\"ImageObject\",\"inLanguage\":\"en-US\",\"@id\":\"https:\/\/boomer.pt\/raiodoblog\/#\/schema\/person\/image\/\",\"url\":\"https:\/\/secure.gravatar.com\/avatar\/c663de2e261bf1f6f4b5d10da88c048afb46763caa66ae37b6eb2d65a9f2a2fe?s=96&d=mm&r=g\",\"contentUrl\":\"https:\/\/secure.gravatar.com\/avatar\/c663de2e261bf1f6f4b5d10da88c048afb46763caa66ae37b6eb2d65a9f2a2fe?s=96&d=mm&r=g\",\"caption\":\"Vera Oliveira\"},\"description\":\"Project Manager\",\"sameAs\":[\"http:\/\/boomer.pt\"],\"url\":\"https:\/\/boomer.pt\/raiodoblog\/author\/boomer2022\/\"}]}<\/script>\n<!-- \/ Yoast SEO plugin. -->","yoast_head_json":{"title":"PSICOLOGIA DAS CORES \u2013 FERRAMENTA DE MARKETING","description":"As cores comunicam e s\u00e3o um \u00f3timo ve\u00edculo de persuas\u00e3o. Quantos de n\u00f3s, muitas vezes, nos sentimos \u201chipnotizados\u201d por uma cor quando os ...","robots":{"index":"index","follow":"follow","max-snippet":"max-snippet:-1","max-image-preview":"max-image-preview:large","max-video-preview":"max-video-preview:-1"},"canonical":"https:\/\/boomer.pt\/raiodoblog\/psicologia-das-cores-uma-ferramenta-fundamental-para-o-marketing\/","og_locale":"en_US","og_type":"article","og_title":"PSICOLOGIA DAS CORES \u2013 FERRAMENTA DE MARKETING","og_description":"As cores comunicam e s\u00e3o um \u00f3timo ve\u00edculo de persuas\u00e3o. Quantos de n\u00f3s, muitas vezes, nos sentimos \u201chipnotizados\u201d por uma cor quando os ...","og_url":"https:\/\/boomer.pt\/raiodoblog\/psicologia-das-cores-uma-ferramenta-fundamental-para-o-marketing\/","og_site_name":"BOOMER","article_publisher":"https:\/\/www.facebook.com\/boomer.pt","article_published_time":"2019-10-05T17:33:54+00:00","author":"Vera Oliveira","twitter_card":"summary_large_image","twitter_misc":{"Written by":"Vera Oliveira","Est. reading time":"2 minutes"},"schema":{"@context":"https:\/\/schema.org","@graph":[{"@type":"Article","@id":"https:\/\/boomer.pt\/raiodoblog\/psicologia-das-cores-uma-ferramenta-fundamental-para-o-marketing\/#article","isPartOf":{"@id":"https:\/\/boomer.pt\/raiodoblog\/psicologia-das-cores-uma-ferramenta-fundamental-para-o-marketing\/"},"author":{"name":"Vera Oliveira","@id":"https:\/\/boomer.pt\/raiodoblog\/#\/schema\/person\/6cdc1fb5ce8d2bed7d6b684648d4c36b"},"headline":"PSICOLOGIA DAS CORES \u2013 UMA FERRAMENTA FUNDAMENTAL PARA O MARKETING","datePublished":"2019-10-05T17:33:54+00:00","mainEntityOfPage":{"@id":"https:\/\/boomer.pt\/raiodoblog\/psicologia-das-cores-uma-ferramenta-fundamental-para-o-marketing\/"},"wordCount":355,"commentCount":0,"publisher":{"@id":"https:\/\/boomer.pt\/raiodoblog\/#organization"},"keywords":["agencia digital","agenciademarketing","ai","Boomer","Boomer Academy","branding","design","gestaoredesosciais","marca","marketingdigital","redessociais","vila nova de famalicao"],"articleSection":["Sem categoria"],"inLanguage":"en-US","potentialAction":[{"@type":"CommentAction","name":"Comment","target":["https:\/\/boomer.pt\/raiodoblog\/psicologia-das-cores-uma-ferramenta-fundamental-para-o-marketing\/#respond"]}]},{"@type":"WebPage","@id":"https:\/\/boomer.pt\/raiodoblog\/psicologia-das-cores-uma-ferramenta-fundamental-para-o-marketing\/","url":"https:\/\/boomer.pt\/raiodoblog\/psicologia-das-cores-uma-ferramenta-fundamental-para-o-marketing\/","name":"PSICOLOGIA DAS CORES \u2013 FERRAMENTA DE MARKETING","isPartOf":{"@id":"https:\/\/boomer.pt\/raiodoblog\/#website"},"datePublished":"2019-10-05T17:33:54+00:00","description":"As cores comunicam e s\u00e3o um \u00f3timo ve\u00edculo de persuas\u00e3o. Quantos de n\u00f3s, muitas vezes, nos sentimos \u201chipnotizados\u201d por uma cor quando os ...","breadcrumb":{"@id":"https:\/\/boomer.pt\/raiodoblog\/psicologia-das-cores-uma-ferramenta-fundamental-para-o-marketing\/#breadcrumb"},"inLanguage":"en-US","potentialAction":[{"@type":"ReadAction","target":["https:\/\/boomer.pt\/raiodoblog\/psicologia-das-cores-uma-ferramenta-fundamental-para-o-marketing\/"]}]},{"@type":"BreadcrumbList","@id":"https:\/\/boomer.pt\/raiodoblog\/psicologia-das-cores-uma-ferramenta-fundamental-para-o-marketing\/#breadcrumb","itemListElement":[{"@type":"ListItem","position":1,"name":"In\u00edcio","item":"https:\/\/boomer.pt\/raiodoblog\/"},{"@type":"ListItem","position":2,"name":"PSICOLOGIA DAS CORES \u2013 UMA FERRAMENTA FUNDAMENTAL PARA O MARKETING"}]},{"@type":"WebSite","@id":"https:\/\/boomer.pt\/raiodoblog\/#website","url":"https:\/\/boomer.pt\/raiodoblog\/","name":"BOOMER","description":"Brand &amp; Digital Agency","publisher":{"@id":"https:\/\/boomer.pt\/raiodoblog\/#organization"},"potentialAction":[{"@type":"SearchAction","target":{"@type":"EntryPoint","urlTemplate":"https:\/\/boomer.pt\/raiodoblog\/?s={search_term_string}"},"query-input":{"@type":"PropertyValueSpecification","valueRequired":true,"valueName":"search_term_string"}}],"inLanguage":"en-US"},{"@type":"Organization","@id":"https:\/\/boomer.pt\/raiodoblog\/#organization","name":"BOOMER","url":"https:\/\/boomer.pt\/raiodoblog\/","logo":{"@type":"ImageObject","inLanguage":"en-US","@id":"https:\/\/boomer.pt\/raiodoblog\/#\/schema\/logo\/image\/","url":"https:\/\/boomer.pt\/raiodoblog\/wp-content\/uploads\/2022\/10\/BoomerLogo-2.svg","contentUrl":"https:\/\/boomer.pt\/raiodoblog\/wp-content\/uploads\/2022\/10\/BoomerLogo-2.svg","width":154,"height":40,"caption":"BOOMER"},"image":{"@id":"https:\/\/boomer.pt\/raiodoblog\/#\/schema\/logo\/image\/"},"sameAs":["https:\/\/www.facebook.com\/boomer.pt","https:\/\/www.instagram.com\/boomerpt\/","https:\/\/www.linkedin.com\/company\/2641069\/admin\/","https:\/\/www.youtube.com\/channel\/UCJ4-FswWDdO5i1UVdIUqtGw\/feed","https:\/\/www.behance.net\/boomer_pt"]},{"@type":"Person","@id":"https:\/\/boomer.pt\/raiodoblog\/#\/schema\/person\/6cdc1fb5ce8d2bed7d6b684648d4c36b","name":"Vera Oliveira","image":{"@type":"ImageObject","inLanguage":"en-US","@id":"https:\/\/boomer.pt\/raiodoblog\/#\/schema\/person\/image\/","url":"https:\/\/secure.gravatar.com\/avatar\/c663de2e261bf1f6f4b5d10da88c048afb46763caa66ae37b6eb2d65a9f2a2fe?s=96&d=mm&r=g","contentUrl":"https:\/\/secure.gravatar.com\/avatar\/c663de2e261bf1f6f4b5d10da88c048afb46763caa66ae37b6eb2d65a9f2a2fe?s=96&d=mm&r=g","caption":"Vera Oliveira"},"description":"Project Manager","sameAs":["http:\/\/boomer.pt"],"url":"https:\/\/boomer.pt\/raiodoblog\/author\/boomer2022\/"}]}},"_links":{"self":[{"href":"https:\/\/boomer.pt\/raiodoblog\/wp-json\/wp\/v2\/posts\/6900","targetHints":{"allow":["GET"]}}],"collection":[{"href":"https:\/\/boomer.pt\/raiodoblog\/wp-json\/wp\/v2\/posts"}],"about":[{"href":"https:\/\/boomer.pt\/raiodoblog\/wp-json\/wp\/v2\/types\/post"}],"author":[{"embeddable":true,"href":"https:\/\/boomer.pt\/raiodoblog\/wp-json\/wp\/v2\/users\/1"}],"replies":[{"embeddable":true,"href":"https:\/\/boomer.pt\/raiodoblog\/wp-json\/wp\/v2\/comments?post=6900"}],"version-history":[{"count":1,"href":"https:\/\/boomer.pt\/raiodoblog\/wp-json\/wp\/v2\/posts\/6900\/revisions"}],"predecessor-version":[{"id":26146,"href":"https:\/\/boomer.pt\/raiodoblog\/wp-json\/wp\/v2\/posts\/6900\/revisions\/26146"}],"wp:attachment":[{"href":"https:\/\/boomer.pt\/raiodoblog\/wp-json\/wp\/v2\/media?parent=6900"}],"wp:term":[{"taxonomy":"category","embeddable":true,"href":"https:\/\/boomer.pt\/raiodoblog\/wp-json\/wp\/v2\/categories?post=6900"},{"taxonomy":"post_tag","embeddable":true,"href":"https:\/\/boomer.pt\/raiodoblog\/wp-json\/wp\/v2\/tags?post=6900"}],"curies":[{"name":"wp","href":"https:\/\/api.w.org\/{rel}","templated":true}]}}