{"id":16720,"date":"2022-11-18T11:08:49","date_gmt":"2022-11-18T11:08:49","guid":{"rendered":"http:\/\/boomer.pt\/?p=16720"},"modified":"2022-11-18T11:08:49","modified_gmt":"2022-11-18T11:08:49","slug":"marketing-pessoal-como-construires-a-tua-marca-em-5-passos","status":"publish","type":"post","link":"https:\/\/boomer.pt\/raiodoblog\/marketing-pessoal-como-construires-a-tua-marca-em-5-passos\/","title":{"rendered":"Marketing Pessoal: Como constru\u00edres a tua marca em 5 passos"},"content":{"rendered":"\t\t<div data-elementor-type=\"wp-post\" data-elementor-id=\"16720\" class=\"elementor elementor-16720\" data-elementor-post-type=\"post\">\n\t\t\t\t\t\t<section class=\"elementor-section elementor-top-section elementor-element elementor-element-74bb31f elementor-section-boxed elementor-section-height-default elementor-section-height-default\" data-id=\"74bb31f\" data-element_type=\"section\" data-e-type=\"section\">\n\t\t\t\t\t\t<div class=\"elementor-container elementor-column-gap-default\">\n\t\t\t\t\t<div class=\"elementor-column elementor-col-100 elementor-top-column elementor-element elementor-element-d1c1c42\" data-id=\"d1c1c42\" data-element_type=\"column\" data-e-type=\"column\">\n\t\t\t<div class=\"elementor-widget-wrap elementor-element-populated\">\n\t\t\t\t\t\t<div class=\"elementor-element elementor-element-660b43e elementor-widget elementor-widget-theme-post-title elementor-page-title elementor-widget-heading\" data-id=\"660b43e\" data-element_type=\"widget\" data-e-type=\"widget\" data-widget_type=\"theme-post-title.default\">\n\t\t\t\t<div class=\"elementor-widget-container\">\n\t\t\t\t\t<h1 class=\"elementor-heading-title elementor-size-default\">Marketing Pessoal: Como constru\u00edres a tua marca em 5 passos<\/h1>\t\t\t\t<\/div>\n\t\t\t\t<\/div>\n\t\t\t\t<div class=\"elementor-element elementor-element-b2646c2 elementor-widget elementor-widget-image\" data-id=\"b2646c2\" data-element_type=\"widget\" data-e-type=\"widget\" data-widget_type=\"image.default\">\n\t\t\t\t<div class=\"elementor-widget-container\">\n\t\t\t\t\t\t\t\t\t\t\t\t\t\t\t<img decoding=\"async\" data-src=\"https:\/\/boomer.pt\/raiodoblog\/wp-content\/uploads\/2023\/07\/banner-blog.png\" title=\"_banner blog\" alt=\"Marketing Pessoal\" src=\"data:image\/gif;base64,R0lGODlhAQABAAAAACH5BAEKAAEALAAAAAABAAEAAAICTAEAOw==\" class=\"lazyload\" style=\"--smush-placeholder-width: 2001px; --smush-placeholder-aspect-ratio: 2001\/1001;\" \/>\t\t\t\t\t\t\t\t\t\t\t\t\t\t\t<\/div>\n\t\t\t\t<\/div>\n\t\t\t\t\t<\/div>\n\t\t<\/div>\n\t\t\t\t\t<\/div>\n\t\t<\/section>\n\t\t\t\t<section class=\"elementor-section elementor-top-section elementor-element elementor-element-d437fd4 elementor-section-full_width elementor-section-height-default elementor-section-height-default\" data-id=\"d437fd4\" data-element_type=\"section\" data-e-type=\"section\">\n\t\t\t\t\t\t<div class=\"elementor-container elementor-column-gap-default\">\n\t\t\t\t\t<div class=\"elementor-column elementor-col-100 elementor-top-column elementor-element elementor-element-e6e7dbe\" data-id=\"e6e7dbe\" data-element_type=\"column\" data-e-type=\"column\">\n\t\t\t<div class=\"elementor-widget-wrap elementor-element-populated\">\n\t\t\t\t\t\t<div class=\"elementor-element elementor-element-15afbe4 elementor-widget elementor-widget-spacer\" data-id=\"15afbe4\" data-element_type=\"widget\" data-e-type=\"widget\" data-widget_type=\"spacer.default\">\n\t\t\t\t<div class=\"elementor-widget-container\">\n\t\t\t\t\t\t\t<div class=\"elementor-spacer\">\n\t\t\t<div class=\"elementor-spacer-inner\"><\/div>\n\t\t<\/div>\n\t\t\t\t\t\t<\/div>\n\t\t\t\t<\/div>\n\t\t\t\t<div class=\"elementor-element elementor-element-6e9ef13 elementor-widget elementor-widget-text-editor\" data-id=\"6e9ef13\" data-element_type=\"widget\" data-e-type=\"widget\" data-widget_type=\"text-editor.default\">\n\t\t\t\t<div class=\"elementor-widget-container\">\n\t\t\t\t\t\t\t\t\t<p>Quantas vezes j\u00e1 ouviste algu\u00e9m dizer \u201cn\u00e3o sou bom a vender o meu trabalho\u201d ou ent\u00e3o \u201cfico nervoso(a) quando tenho que falar sobre mim e sobre as minhas qualidades\u201d? Provavelmente, muitas vezes!<\/p>\t\t\t\t\t\t\t\t<\/div>\n\t\t\t\t<\/div>\n\t\t\t\t<div class=\"elementor-element elementor-element-bfdb62b elementor-widget elementor-widget-text-editor\" data-id=\"bfdb62b\" data-element_type=\"widget\" data-e-type=\"widget\" data-widget_type=\"text-editor.default\">\n\t\t\t\t<div class=\"elementor-widget-container\">\n\t\t\t\t\t\t\t\t\t<p>Eu j\u00e1 ouvi estas frases muitas vezes &#8211; confesso que eu pr\u00f3pria j\u00e1 as proferi em algum momento da minha vida! Enquanto profissional formada em Marketing, posso garantir-te que n\u00e3o tive nenhuma disciplina que me munisse de ferramentas para \u201csaber vender o meu trabalho\u201d ou \u201cfalar de forma confiante sobre mim\u201d. Sinto que, em Portugal e nas escolas, ainda h\u00e1 um longo caminho a percorrer neste sentido. Mais do que dotar os alunos de conhecimentos sobre determinada disciplina (as chamadas <em>hard skills<\/em>) \u00e9 importante dot\u00e1-los de compet\u00eancias de comunica\u00e7\u00e3o, de resolu\u00e7\u00e3o de problemas, de lideran\u00e7a&#8230; as designadas <em>soft skills. <\/em><\/p>\t\t\t\t\t\t\t\t<\/div>\n\t\t\t\t<\/div>\n\t\t\t\t<div class=\"elementor-element elementor-element-4a93057 elementor-widget elementor-widget-text-editor\" data-id=\"4a93057\" data-element_type=\"widget\" data-e-type=\"widget\" data-widget_type=\"text-editor.default\">\n\t\t\t\t<div class=\"elementor-widget-container\">\n\t\t\t\t\t\t\t\t\t<ul><li>Quando um <strong>aluno<\/strong> termina os seus estudos e vai \u00e0 procura de emprego, qual o plano a seguir?<\/li><li>Quando um <strong>profissional<\/strong> quer mudar de emprego ou at\u00e9 mesmo de \u00e1rea, quais os passos que deve dar?<\/li><li>Quando um <strong>empreendedor<\/strong> quer lan\u00e7ar o seu pr\u00f3prio neg\u00f3cio, como se deve apresentar no mercado?<\/li><li>Quando um <strong>empres\u00e1rio<\/strong> quer aumentar as vendas da empresa, como pode trabalhar a imagem e ganhar a confian\u00e7a do seu p\u00fablico?<\/li><\/ul>\t\t\t\t\t\t\t\t<\/div>\n\t\t\t\t<\/div>\n\t\t\t\t<div class=\"elementor-element elementor-element-af37a8b elementor-widget elementor-widget-text-editor\" data-id=\"af37a8b\" data-element_type=\"widget\" data-e-type=\"widget\" data-widget_type=\"text-editor.default\">\n\t\t\t\t<div class=\"elementor-widget-container\">\n\t\t\t\t\t\t\t\t\t<p>Todos n\u00f3s, em algum momento da nossa vida, j\u00e1 nos deparamos com estas d\u00favidas, certo? A verdade \u00e9 que a resposta ser\u00e1 certamente diferente de pessoa para pessoa, mas uma coisa \u00e9 certa: todos precisam de uma marca forte para alcan\u00e7arem os seus objetivos. E n\u00e3o \u00e9 apenas uma necessidade, \u00e9 uma obriga\u00e7\u00e3o!<\/p>\t\t\t\t\t\t\t\t<\/div>\n\t\t\t\t<\/div>\n\t\t\t\t<div class=\"elementor-element elementor-element-84ef65d elementor-widget elementor-widget-text-editor\" data-id=\"84ef65d\" data-element_type=\"widget\" data-e-type=\"widget\" data-widget_type=\"text-editor.default\">\n\t\t\t\t<div class=\"elementor-widget-container\">\n\t\t\t\t\t\t\t\t\t<p>\u00c9 ineg\u00e1vel que as a\u00e7\u00f5es de marketing pessoal ou <em>personal branding<\/em>, como \u00e9 designado em ingl\u00eas, s\u00e3o extremamente importantes para todos os profissionais e para os seus objetivos.<\/p>\t\t\t\t\t\t\t\t<\/div>\n\t\t\t\t<\/div>\n\t\t\t\t\t<\/div>\n\t\t<\/div>\n\t\t\t\t\t<\/div>\n\t\t<\/section>\n\t\t\t\t<section class=\"elementor-section elementor-top-section elementor-element elementor-element-8f35525 elementor-section-boxed elementor-section-height-default elementor-section-height-default\" data-id=\"8f35525\" data-element_type=\"section\" data-e-type=\"section\">\n\t\t\t\t\t\t<div class=\"elementor-container elementor-column-gap-default\">\n\t\t\t\t\t<div class=\"elementor-column elementor-col-100 elementor-top-column elementor-element elementor-element-cba1627\" data-id=\"cba1627\" data-element_type=\"column\" data-e-type=\"column\">\n\t\t\t<div class=\"elementor-widget-wrap elementor-element-populated\">\n\t\t\t\t\t\t<div class=\"elementor-element elementor-element-42f39a5 elementor-widget elementor-widget-text-editor\" data-id=\"42f39a5\" data-element_type=\"widget\" data-e-type=\"widget\" data-widget_type=\"text-editor.default\">\n\t\t\t\t<div class=\"elementor-widget-container\">\n\t\t\t\t\t\t\t\t\t<p><strong><em>O Marketing Pessoal consiste num conjunto de estrat\u00e9gias <\/em><\/strong><\/p><p><strong><em>cujo objetivo \u00e9 criar uma perce\u00e7\u00e3o positiva <\/em><\/strong><\/p><p><strong><em>acerca de uma pessoa ou profissional.<\/em><\/strong><\/p>\t\t\t\t\t\t\t\t<\/div>\n\t\t\t\t<\/div>\n\t\t\t\t\t<\/div>\n\t\t<\/div>\n\t\t\t\t\t<\/div>\n\t\t<\/section>\n\t\t\t\t<section class=\"elementor-section elementor-top-section elementor-element elementor-element-539097f elementor-section-boxed elementor-section-height-default elementor-section-height-default\" data-id=\"539097f\" data-element_type=\"section\" data-e-type=\"section\">\n\t\t\t\t\t\t<div class=\"elementor-container elementor-column-gap-default\">\n\t\t\t\t\t<div class=\"elementor-column elementor-col-100 elementor-top-column elementor-element elementor-element-ab9bd8b\" data-id=\"ab9bd8b\" data-element_type=\"column\" data-e-type=\"column\">\n\t\t\t<div class=\"elementor-widget-wrap elementor-element-populated\">\n\t\t\t\t\t\t<div class=\"elementor-element elementor-element-43b5daa elementor-widget elementor-widget-text-editor\" data-id=\"43b5daa\" data-element_type=\"widget\" data-e-type=\"widget\" data-widget_type=\"text-editor.default\">\n\t\t\t\t<div class=\"elementor-widget-container\">\n\t\t\t\t\t\t\t\t\t<p>Esta ferramenta, quando bem utilizada, ajuda a transformar pessoas em refer\u00eancias ou autoridades, ou seja, pessoas que influenciam outras pessoas estrategicamente. Esta \u00e9 a base do sucesso dos <em>influencers <\/em>das redes sociais, mas sobre isso falamos <a href=\"https:\/\/boomer.pt\/marketing-de-influencia\/\" target=\"_blank\" rel=\"noopener\">neste artigo<\/a> d\u2019O Raio do Blog!<\/p>\t\t\t\t\t\t\t\t<\/div>\n\t\t\t\t<\/div>\n\t\t\t\t\t<\/div>\n\t\t<\/div>\n\t\t\t\t\t<\/div>\n\t\t<\/section>\n\t\t\t\t<section class=\"elementor-section elementor-top-section elementor-element elementor-element-00b93cf elementor-section-boxed elementor-section-height-default elementor-section-height-default\" data-id=\"00b93cf\" data-element_type=\"section\" data-e-type=\"section\">\n\t\t\t\t\t\t<div class=\"elementor-container elementor-column-gap-default\">\n\t\t\t\t\t<div class=\"elementor-column elementor-col-100 elementor-top-column elementor-element elementor-element-c9e97f1\" data-id=\"c9e97f1\" data-element_type=\"column\" data-e-type=\"column\">\n\t\t\t<div class=\"elementor-widget-wrap elementor-element-populated\">\n\t\t\t\t\t\t<div class=\"elementor-element elementor-element-0add603 elementor-widget elementor-widget-text-editor\" data-id=\"0add603\" data-element_type=\"widget\" data-e-type=\"widget\" data-widget_type=\"text-editor.default\">\n\t\t\t\t<div class=\"elementor-widget-container\">\n\t\t\t\t\t\t\t\t\t<p>Num mundo cada vez mais competitivo, no qual estamos constantemente expostos a in\u00fameras mensagens, atrav\u00e9s dos diferentes canais, \u00e9 fundamental ter uma estrat\u00e9gia para se destacar da multid\u00e3o. Com uma marca forte, \u00e9 mais f\u00e1cil alcan\u00e7ar os objetivos, construir rela\u00e7\u00f5es duradouras com clientes, colegas de trabalho ou at\u00e9 mesmo com uma comunidade de pessoas que partilham a mesma profiss\u00e3o ou <em>hobby<\/em> e afirmar-se como uma refer\u00eancia ou autoridade em determinada \u00e1rea.<\/p>\t\t\t\t\t\t\t\t<\/div>\n\t\t\t\t<\/div>\n\t\t\t\t\t<\/div>\n\t\t<\/div>\n\t\t\t\t\t<\/div>\n\t\t<\/section>\n\t\t\t\t<section class=\"elementor-section elementor-top-section elementor-element elementor-element-c1ba2ad elementor-section-boxed elementor-section-height-default elementor-section-height-default\" data-id=\"c1ba2ad\" data-element_type=\"section\" data-e-type=\"section\">\n\t\t\t\t\t\t<div class=\"elementor-container elementor-column-gap-default\">\n\t\t\t\t\t<div class=\"elementor-column elementor-col-100 elementor-top-column elementor-element elementor-element-a063f86\" data-id=\"a063f86\" data-element_type=\"column\" data-e-type=\"column\">\n\t\t\t<div class=\"elementor-widget-wrap elementor-element-populated\">\n\t\t\t\t\t\t<div class=\"elementor-element elementor-element-7900188 elementor-widget elementor-widget-text-editor\" data-id=\"7900188\" data-element_type=\"widget\" data-e-type=\"widget\" data-widget_type=\"text-editor.default\">\n\t\t\t\t<div class=\"elementor-widget-container\">\n\t\t\t\t\t\t\t\t\t<p><strong>Reunimos neste artigo os <u>5 principais Passos<\/u> para pores em pr\u00e1tica a tua estrat\u00e9gia de Marketing Pessoal:<\/strong><\/p>\t\t\t\t\t\t\t\t<\/div>\n\t\t\t\t<\/div>\n\t\t\t\t\t<\/div>\n\t\t<\/div>\n\t\t\t\t\t<\/div>\n\t\t<\/section>\n\t\t\t\t<section class=\"elementor-section elementor-top-section elementor-element elementor-element-b5bc371 elementor-section-full_width elementor-section-height-default elementor-section-height-default\" data-id=\"b5bc371\" data-element_type=\"section\" data-e-type=\"section\">\n\t\t\t\t\t\t<div class=\"elementor-container elementor-column-gap-default\">\n\t\t\t\t\t<div class=\"elementor-column elementor-col-100 elementor-top-column elementor-element elementor-element-53011e7\" data-id=\"53011e7\" data-element_type=\"column\" data-e-type=\"column\">\n\t\t\t<div class=\"elementor-widget-wrap elementor-element-populated\">\n\t\t\t\t\t\t<div class=\"elementor-element elementor-element-70025d2 elementor-widget elementor-widget-spacer\" data-id=\"70025d2\" data-element_type=\"widget\" data-e-type=\"widget\" data-widget_type=\"spacer.default\">\n\t\t\t\t<div class=\"elementor-widget-container\">\n\t\t\t\t\t\t\t<div class=\"elementor-spacer\">\n\t\t\t<div class=\"elementor-spacer-inner\"><\/div>\n\t\t<\/div>\n\t\t\t\t\t\t<\/div>\n\t\t\t\t<\/div>\n\t\t\t\t<div class=\"elementor-element elementor-element-d96445f elementor-widget elementor-widget-heading\" data-id=\"d96445f\" data-element_type=\"widget\" data-e-type=\"widget\" data-widget_type=\"heading.default\">\n\t\t\t\t<div class=\"elementor-widget-container\">\n\t\t\t\t\t<h2 class=\"elementor-heading-title elementor-size-default\">1. Cria a tua marca <\/h2>\t\t\t\t<\/div>\n\t\t\t\t<\/div>\n\t\t\t\t<div class=\"elementor-element elementor-element-5b80c3e elementor-widget-divider--view-line elementor-widget elementor-widget-divider\" data-id=\"5b80c3e\" data-element_type=\"widget\" data-e-type=\"widget\" data-widget_type=\"divider.default\">\n\t\t\t\t<div class=\"elementor-widget-container\">\n\t\t\t\t\t\t\t<div class=\"elementor-divider\">\n\t\t\t<span class=\"elementor-divider-separator\">\n\t\t\t\t\t\t<\/span>\n\t\t<\/div>\n\t\t\t\t\t\t<\/div>\n\t\t\t\t<\/div>\n\t\t\t\t<div class=\"elementor-element elementor-element-f4e19ae elementor-widget elementor-widget-text-editor\" data-id=\"f4e19ae\" data-element_type=\"widget\" data-e-type=\"widget\" data-widget_type=\"text-editor.default\">\n\t\t\t\t<div class=\"elementor-widget-container\">\n\t\t\t\t\t\t\t\t\t<p class=\"p1\">P\u00e1ra tudo! Antes de cliques, posts e candidaturas, faz perguntas essenciais:<\/p><ul><li><p class=\"p1\">Quem \u00e9s?<\/p><\/li><li><p class=\"p1\">O que \u00e9s \/ n\u00e3o \u00e9s capaz de fazer (e do que gostas \/ n\u00e3o gostas)?<\/p><\/li><li><p class=\"p1\">Com que valores te identificas?<\/p><\/li><li><p class=\"p1\">Onde te v\u00eas daqui a 5 anos?<\/p><\/li><\/ul><p class=\"p1\">Se ainda n\u00e3o tens experi\u00eancia real, isso n\u00e3o \u00e9 desculpa! \u00c9 importante saberes bem o que queres e, acima de tudo, quais s\u00e3o os teus inegoci\u00e1veis!\u00a0<\/p><p class=\"p1\">Escreve essas respostas. Define um plano. Escolhe uma imagem n\u00e3o s\u00f3 visual, como tamb\u00e9m comportamental que te represente. Escolhe a \u201cvoz\u201d com que vais comunicar. E mant\u00e9m isso. C-O-E-R-\u00ca-N-C-I-A\u00a0 \u00e9 chave!<\/p><p class=\"p1\">N\u00e3o te esque\u00e7as que uma marca forte se constr\u00f3i com base na autenticidade, na verdade e na consist\u00eancia.<\/p>\t\t\t\t\t\t\t\t<\/div>\n\t\t\t\t<\/div>\n\t\t\t\t\t<\/div>\n\t\t<\/div>\n\t\t\t\t\t<\/div>\n\t\t<\/section>\n\t\t\t\t<section class=\"elementor-section elementor-top-section elementor-element elementor-element-dfc8ad9 elementor-section-full_width elementor-section-height-default elementor-section-height-default\" data-id=\"dfc8ad9\" data-element_type=\"section\" data-e-type=\"section\">\n\t\t\t\t\t\t<div class=\"elementor-container elementor-column-gap-default\">\n\t\t\t\t\t<div class=\"elementor-column elementor-col-100 elementor-top-column elementor-element elementor-element-c661a2f\" data-id=\"c661a2f\" data-element_type=\"column\" data-e-type=\"column\">\n\t\t\t<div class=\"elementor-widget-wrap elementor-element-populated\">\n\t\t\t\t\t\t<div class=\"elementor-element elementor-element-98a12f0 elementor-widget elementor-widget-spacer\" data-id=\"98a12f0\" data-element_type=\"widget\" data-e-type=\"widget\" data-widget_type=\"spacer.default\">\n\t\t\t\t<div class=\"elementor-widget-container\">\n\t\t\t\t\t\t\t<div class=\"elementor-spacer\">\n\t\t\t<div class=\"elementor-spacer-inner\"><\/div>\n\t\t<\/div>\n\t\t\t\t\t\t<\/div>\n\t\t\t\t<\/div>\n\t\t\t\t<div class=\"elementor-element elementor-element-df503b0 elementor-widget elementor-widget-heading\" data-id=\"df503b0\" data-element_type=\"widget\" data-e-type=\"widget\" data-widget_type=\"heading.default\">\n\t\t\t\t<div class=\"elementor-widget-container\">\n\t\t\t\t\t<h2 class=\"elementor-heading-title elementor-size-default\">2. Define a tua presen\u00e7a online<\/h2>\t\t\t\t<\/div>\n\t\t\t\t<\/div>\n\t\t\t\t<div class=\"elementor-element elementor-element-40a1f60 elementor-widget-divider--view-line elementor-widget elementor-widget-divider\" data-id=\"40a1f60\" data-element_type=\"widget\" data-e-type=\"widget\" data-widget_type=\"divider.default\">\n\t\t\t\t<div class=\"elementor-widget-container\">\n\t\t\t\t\t\t\t<div class=\"elementor-divider\">\n\t\t\t<span class=\"elementor-divider-separator\">\n\t\t\t\t\t\t<\/span>\n\t\t<\/div>\n\t\t\t\t\t\t<\/div>\n\t\t\t\t<\/div>\n\t\t\t\t<div class=\"elementor-element elementor-element-18da9d0 elementor-widget elementor-widget-text-editor\" data-id=\"18da9d0\" data-element_type=\"widget\" data-e-type=\"widget\" data-widget_type=\"text-editor.default\">\n\t\t\t\t<div class=\"elementor-widget-container\">\n\t\t\t\t\t\t\t\t\t<p>Sabias que 70% dos empregadores visitam as redes sociais dos candidatos antes de contrat\u00e1-los? As redes sociais s\u00e3o canais de oportunidades acess\u00edveis a todos os profissionais. Para tirares vantagem delas, precisas de compreender como funcionam e fazer um bom trabalho de produ\u00e7\u00e3o de conte\u00fados. Porque, afinal, \u00e9 disso que se trata!<\/p><p class=\"p1\">Ter conta no LinkedIn (ou outra rede) n\u00e3o chega. Tens de criar conte\u00fados. Mostrar curiosidade, partilhar pequenos insights de estudo, falares sobre temas da tua \u00e1rea. Nem precisa de ser um artigo: pode ser um post sobre algo que assististe num webinar, sobre uma ferramenta que testaste&#8230; tudo o que possa mostrar quem \u00e9s e o que fazes (ou gostavas de fazer).<\/p><p class=\"p1\">Se quiseres escrever mais cria um blog, faz guest posts. Se tiveres \u00e0-vontade com a c\u00e2mera, faz v\u00eddeos curtos. O que interessa \u00e9 consist\u00eancia e relev\u00e2ncia para quem te pode contratar.<\/p>\t\t\t\t\t\t\t\t<\/div>\n\t\t\t\t<\/div>\n\t\t\t\t\t<\/div>\n\t\t<\/div>\n\t\t\t\t\t<\/div>\n\t\t<\/section>\n\t\t\t\t<section class=\"elementor-section elementor-top-section elementor-element elementor-element-a25d81d elementor-section-full_width elementor-section-height-default elementor-section-height-default\" data-id=\"a25d81d\" data-element_type=\"section\" data-e-type=\"section\">\n\t\t\t\t\t\t<div class=\"elementor-container elementor-column-gap-default\">\n\t\t\t\t\t<div class=\"elementor-column elementor-col-100 elementor-top-column elementor-element elementor-element-9cfb9b5\" data-id=\"9cfb9b5\" data-element_type=\"column\" data-e-type=\"column\">\n\t\t\t<div class=\"elementor-widget-wrap elementor-element-populated\">\n\t\t\t\t\t\t<div class=\"elementor-element elementor-element-7b2b868 elementor-widget elementor-widget-spacer\" data-id=\"7b2b868\" data-element_type=\"widget\" data-e-type=\"widget\" data-widget_type=\"spacer.default\">\n\t\t\t\t<div class=\"elementor-widget-container\">\n\t\t\t\t\t\t\t<div class=\"elementor-spacer\">\n\t\t\t<div class=\"elementor-spacer-inner\"><\/div>\n\t\t<\/div>\n\t\t\t\t\t\t<\/div>\n\t\t\t\t<\/div>\n\t\t\t\t<div class=\"elementor-element elementor-element-e154c00 elementor-widget elementor-widget-heading\" data-id=\"e154c00\" data-element_type=\"widget\" data-e-type=\"widget\" data-widget_type=\"heading.default\">\n\t\t\t\t<div class=\"elementor-widget-container\">\n\t\t\t\t\t<h2 class=\"elementor-heading-title elementor-size-default\">3. Faz networking <\/h2>\t\t\t\t<\/div>\n\t\t\t\t<\/div>\n\t\t\t\t<div class=\"elementor-element elementor-element-cb2f1ea elementor-widget-divider--view-line elementor-widget elementor-widget-divider\" data-id=\"cb2f1ea\" data-element_type=\"widget\" data-e-type=\"widget\" data-widget_type=\"divider.default\">\n\t\t\t\t<div class=\"elementor-widget-container\">\n\t\t\t\t\t\t\t<div class=\"elementor-divider\">\n\t\t\t<span class=\"elementor-divider-separator\">\n\t\t\t\t\t\t<\/span>\n\t\t<\/div>\n\t\t\t\t\t\t<\/div>\n\t\t\t\t<\/div>\n\t\t\t\t<div class=\"elementor-element elementor-element-8326bb5 elementor-widget elementor-widget-text-editor\" data-id=\"8326bb5\" data-element_type=\"widget\" data-e-type=\"widget\" data-widget_type=\"text-editor.default\">\n\t\t\t\t<div class=\"elementor-widget-container\">\n\t\t\t\t\t\t\t\t\t<p>As rela\u00e7\u00f5es pessoais e profissionais s\u00e3o os pilares fundamentais do marketing digital. Ter uma boa rede de contactos \u00e9 o ponto de partida para conseguires estabelecer contacto com um potencial empregador ou at\u00e9 mesmo para angariares clientes.<\/p><p class=\"p1\">O networking do \u201cir aos eventos para p\u00f4r no CV\u201d j\u00e1 era. Participar por participar n\u00e3o acrescenta.\u00a0<\/p><p class=\"p1\">Escreve diretamente a profissionais da \u00e1rea que admiras, comenta os seus posts no Linkedin. Acrescenta valor. Participa ativamente em grupos online. Comenta, partilha, cria conversa genu\u00edna.<\/p><p class=\"p1\">Fazer contato real constr\u00f3i reputa\u00e7\u00e3o. E reputa\u00e7\u00e3o vale mais do que ir a dezenas de eventos s\u00f3 para dizer \u201ceu fui\u201d.<\/p>\t\t\t\t\t\t\t\t<\/div>\n\t\t\t\t<\/div>\n\t\t\t\t\t<\/div>\n\t\t<\/div>\n\t\t\t\t\t<\/div>\n\t\t<\/section>\n\t\t\t\t<section class=\"elementor-section elementor-top-section elementor-element elementor-element-28aaab6 elementor-section-full_width elementor-section-height-default elementor-section-height-default\" data-id=\"28aaab6\" data-element_type=\"section\" data-e-type=\"section\">\n\t\t\t\t\t\t<div class=\"elementor-container elementor-column-gap-default\">\n\t\t\t\t\t<div class=\"elementor-column elementor-col-100 elementor-top-column elementor-element elementor-element-7b76adf\" data-id=\"7b76adf\" data-element_type=\"column\" data-e-type=\"column\">\n\t\t\t<div class=\"elementor-widget-wrap elementor-element-populated\">\n\t\t\t\t\t\t<div class=\"elementor-element elementor-element-85c5c7a elementor-widget elementor-widget-spacer\" data-id=\"85c5c7a\" data-element_type=\"widget\" data-e-type=\"widget\" data-widget_type=\"spacer.default\">\n\t\t\t\t<div class=\"elementor-widget-container\">\n\t\t\t\t\t\t\t<div class=\"elementor-spacer\">\n\t\t\t<div class=\"elementor-spacer-inner\"><\/div>\n\t\t<\/div>\n\t\t\t\t\t\t<\/div>\n\t\t\t\t<\/div>\n\t\t\t\t<div class=\"elementor-element elementor-element-96ee8ad elementor-widget elementor-widget-heading\" data-id=\"96ee8ad\" data-element_type=\"widget\" data-e-type=\"widget\" data-widget_type=\"heading.default\">\n\t\t\t\t<div class=\"elementor-widget-container\">\n\t\t\t\t\t<h2 class=\"elementor-heading-title elementor-size-default\">4. Promove o teu trabalho <\/h2>\t\t\t\t<\/div>\n\t\t\t\t<\/div>\n\t\t\t\t<div class=\"elementor-element elementor-element-d055118 elementor-widget-divider--view-line elementor-widget elementor-widget-divider\" data-id=\"d055118\" data-element_type=\"widget\" data-e-type=\"widget\" data-widget_type=\"divider.default\">\n\t\t\t\t<div class=\"elementor-widget-container\">\n\t\t\t\t\t\t\t<div class=\"elementor-divider\">\n\t\t\t<span class=\"elementor-divider-separator\">\n\t\t\t\t\t\t<\/span>\n\t\t<\/div>\n\t\t\t\t\t\t<\/div>\n\t\t\t\t<\/div>\n\t\t\t\t<div class=\"elementor-element elementor-element-eb34df5 elementor-widget elementor-widget-text-editor\" data-id=\"eb34df5\" data-element_type=\"widget\" data-e-type=\"widget\" data-widget_type=\"text-editor.default\">\n\t\t\t\t<div class=\"elementor-widget-container\">\n\t\t\t\t\t\t\t\t\t<p class=\"p1\">O teu portef\u00f3lio n\u00e3o precisa de ser criado em empresas. Cria projetos paralelos:<\/p><ul><li><p class=\"p1\">um site fict\u00edcio ou criado para uma IPSS;<\/p><\/li><li><p class=\"p1\">um estudo de mercado sobre algo que te interesse;<\/p><\/li><li><p class=\"p1\">um workshop que fizeste para amigos ou grupos online;<\/p><\/li><li><p class=\"p1\">um artigo com cr\u00edticas construtivas a uma marca ou ferramenta (sem falar nisso nem antes).<\/p><\/li><\/ul><p class=\"p1\">Humaniza. Fala das tuas dores, do que te bloqueou, do que aprendeste. Mostra-se vulner\u00e1vel ajuda a criar empatia. Quando chegares ao primeiro est\u00e1gio ou emprego, vais partir de um lugar de quem sabe aprender e crescer \u2014 e quem contrata isso sabe reconhecer.<\/p>\t\t\t\t\t\t\t\t<\/div>\n\t\t\t\t<\/div>\n\t\t\t\t\t<\/div>\n\t\t<\/div>\n\t\t\t\t\t<\/div>\n\t\t<\/section>\n\t\t\t\t<section class=\"elementor-section elementor-top-section elementor-element elementor-element-4549a13 elementor-section-full_width elementor-section-height-default elementor-section-height-default\" data-id=\"4549a13\" data-element_type=\"section\" data-e-type=\"section\">\n\t\t\t\t\t\t<div class=\"elementor-container elementor-column-gap-default\">\n\t\t\t\t\t<div class=\"elementor-column elementor-col-100 elementor-top-column elementor-element elementor-element-6a4759d\" data-id=\"6a4759d\" data-element_type=\"column\" data-e-type=\"column\">\n\t\t\t<div class=\"elementor-widget-wrap elementor-element-populated\">\n\t\t\t\t\t\t<div class=\"elementor-element elementor-element-89e5f51 elementor-widget elementor-widget-spacer\" data-id=\"89e5f51\" data-element_type=\"widget\" data-e-type=\"widget\" data-widget_type=\"spacer.default\">\n\t\t\t\t<div class=\"elementor-widget-container\">\n\t\t\t\t\t\t\t<div class=\"elementor-spacer\">\n\t\t\t<div class=\"elementor-spacer-inner\"><\/div>\n\t\t<\/div>\n\t\t\t\t\t\t<\/div>\n\t\t\t\t<\/div>\n\t\t\t\t<div class=\"elementor-element elementor-element-8f7accd elementor-widget elementor-widget-heading\" data-id=\"8f7accd\" data-element_type=\"widget\" data-e-type=\"widget\" data-widget_type=\"heading.default\">\n\t\t\t\t<div class=\"elementor-widget-container\">\n\t\t\t\t\t<h2 class=\"elementor-heading-title elementor-size-default\">5. Testa, monitoriza os resultados e ajusta<\/h2>\t\t\t\t<\/div>\n\t\t\t\t<\/div>\n\t\t\t\t<div class=\"elementor-element elementor-element-12ddbe2 elementor-widget-divider--view-line elementor-widget elementor-widget-divider\" data-id=\"12ddbe2\" data-element_type=\"widget\" data-e-type=\"widget\" data-widget_type=\"divider.default\">\n\t\t\t\t<div class=\"elementor-widget-container\">\n\t\t\t\t\t\t\t<div class=\"elementor-divider\">\n\t\t\t<span class=\"elementor-divider-separator\">\n\t\t\t\t\t\t<\/span>\n\t\t<\/div>\n\t\t\t\t\t\t<\/div>\n\t\t\t\t<\/div>\n\t\t\t\t<div class=\"elementor-element elementor-element-1de5170 elementor-widget elementor-widget-text-editor\" data-id=\"1de5170\" data-element_type=\"widget\" data-e-type=\"widget\" data-widget_type=\"text-editor.default\">\n\t\t\t\t<div class=\"elementor-widget-container\">\n\t\t\t\t\t\t\t\t\t<p>Por \u00faltimo, testa, mede os resultados e ajusta! Aprende com o que correu bem, mas tamb\u00e9m com o que correu menos bem. Identifica os conte\u00fados que geram mais intera\u00e7\u00e3o com o teu p\u00fablico ou a abordagem comercial que angariou mais neg\u00f3cio. Testar, testar, testar \u00e9 a palavra de ordem!<\/p>\t\t\t\t\t\t\t\t<\/div>\n\t\t\t\t<\/div>\n\t\t\t\t\t<\/div>\n\t\t<\/div>\n\t\t\t\t\t<\/div>\n\t\t<\/section>\n\t\t\t\t<section class=\"elementor-section elementor-top-section elementor-element elementor-element-0f7da70 elementor-section-boxed elementor-section-height-default elementor-section-height-default\" data-id=\"0f7da70\" data-element_type=\"section\" data-e-type=\"section\">\n\t\t\t\t\t\t<div class=\"elementor-container elementor-column-gap-default\">\n\t\t\t\t\t<div class=\"elementor-column elementor-col-100 elementor-top-column elementor-element elementor-element-b047adc\" data-id=\"b047adc\" data-element_type=\"column\" data-e-type=\"column\">\n\t\t\t<div class=\"elementor-widget-wrap elementor-element-populated\">\n\t\t\t\t\t\t<div class=\"elementor-element elementor-element-88fc6c6 elementor-widget elementor-widget-text-editor\" data-id=\"88fc6c6\" data-element_type=\"widget\" data-e-type=\"widget\" data-widget_type=\"text-editor.default\">\n\t\t\t\t<div class=\"elementor-widget-container\">\n\t\t\t\t\t\t\t\t\t<p><strong><em>Uma marca forte n\u00e3o se constr\u00f3i da noite para o dia. \u00c9 preciso ser resiliente e, sobretudo, aprender com os erros! Falhar \u00e9, na maioria das vezes, a melhor forma de a vida nos colocar no caminho certo e n\u00e3o uma prova de insucesso. Nunca te esque\u00e7as que \u201cn\u00e3o podes mudar o vento, mas podes sempre ajustar as velas\u201d!<\/em><\/strong><\/p>\t\t\t\t\t\t\t\t<\/div>\n\t\t\t\t<\/div>\n\t\t\t\t\t<\/div>\n\t\t<\/div>\n\t\t\t\t\t<\/div>\n\t\t<\/section>\n\t\t\t\t<section class=\"elementor-section elementor-top-section elementor-element elementor-element-598647e elementor-section-boxed elementor-section-height-default elementor-section-height-default\" data-id=\"598647e\" data-element_type=\"section\" data-e-type=\"section\">\n\t\t\t\t\t\t<div class=\"elementor-container elementor-column-gap-default\">\n\t\t\t\t\t<div class=\"elementor-column elementor-col-100 elementor-top-column elementor-element elementor-element-4f4ccd3\" data-id=\"4f4ccd3\" data-element_type=\"column\" data-e-type=\"column\">\n\t\t\t<div class=\"elementor-widget-wrap elementor-element-populated\">\n\t\t\t\t\t\t<div class=\"elementor-element elementor-element-0847563 elementor-widget elementor-widget-template\" data-id=\"0847563\" data-element_type=\"widget\" data-e-type=\"widget\" data-widget_type=\"template.default\">\n\t\t\t\t<div class=\"elementor-widget-container\">\n\t\t\t\t\t\t\t<div class=\"elementor-template\">\n\t\t\t\t\t<div data-elementor-type=\"section\" data-elementor-id=\"17459\" class=\"elementor elementor-17459\" data-elementor-post-type=\"elementor_library\">\n\t\t\t\t\t<section class=\"elementor-section elementor-top-section elementor-element elementor-element-a19dc2b elementor-section-full_width elementor-section-stretched elementor-section-height-default elementor-section-height-default\" data-id=\"a19dc2b\" data-element_type=\"section\" data-e-type=\"section\" data-settings=\"{&quot;background_background&quot;:&quot;classic&quot;,&quot;stretch_section&quot;:&quot;section-stretched&quot;}\">\n\t\t\t\t\t\t<div class=\"elementor-container elementor-column-gap-default\">\n\t\t\t\t\t<div class=\"elementor-column elementor-col-100 elementor-top-column elementor-element elementor-element-6fc81c1\" data-id=\"6fc81c1\" data-element_type=\"column\" data-e-type=\"column\">\n\t\t\t<div class=\"elementor-widget-wrap elementor-element-populated\">\n\t\t\t\t\t\t<div class=\"elementor-element elementor-element-29625fc elementor-widget elementor-widget-heading\" data-id=\"29625fc\" data-element_type=\"widget\" data-e-type=\"widget\" data-widget_type=\"heading.default\">\n\t\t\t\t<div class=\"elementor-widget-container\">\n\t\t\t\t\t<h4 class=\"elementor-heading-title elementor-size-default\">V\u00ea mais artigos deste Autor<\/h4>\t\t\t\t<\/div>\n\t\t\t\t<\/div>\n\t\t\t\t\t<\/div>\n\t\t<\/div>\n\t\t\t\t\t<\/div>\n\t\t<\/section>\n\t\t\t\t<section class=\"elementor-section elementor-top-section elementor-element elementor-element-e0f60f1 elementor-section-full_width elementor-section-stretched elementor-section-height-default elementor-section-height-default\" data-id=\"e0f60f1\" data-element_type=\"section\" data-e-type=\"section\" data-settings=\"{&quot;background_background&quot;:&quot;gradient&quot;,&quot;stretch_section&quot;:&quot;section-stretched&quot;}\">\n\t\t\t\t\t\t<div class=\"elementor-container elementor-column-gap-extended\">\n\t\t\t\t\t<div class=\"elementor-column elementor-col-100 elementor-top-column elementor-element elementor-element-f312511\" data-id=\"f312511\" data-element_type=\"column\" data-e-type=\"column\">\n\t\t\t<div class=\"elementor-widget-wrap elementor-element-populated\">\n\t\t\t\t\t\t<section class=\"elementor-section elementor-inner-section elementor-element elementor-element-347d879 elementor-section-boxed elementor-section-height-default elementor-section-height-default\" data-id=\"347d879\" data-element_type=\"section\" data-e-type=\"section\">\n\t\t\t\t\t\t<div class=\"elementor-container elementor-column-gap-default\">\n\t\t\t\t\t<div class=\"elementor-column elementor-col-50 elementor-inner-column elementor-element elementor-element-7489df5\" data-id=\"7489df5\" data-element_type=\"column\" data-e-type=\"column\">\n\t\t\t<div class=\"elementor-widget-wrap elementor-element-populated\">\n\t\t\t\t\t\t<div class=\"elementor-element elementor-element-0bfe494 elementor-widget elementor-widget-premium-addon-person\" data-id=\"0bfe494\" data-element_type=\"widget\" data-e-type=\"widget\" data-settings=\"{&quot;persons_per_row&quot;:&quot;100%&quot;,&quot;persons_per_row_tablet&quot;:&quot;100%&quot;,&quot;persons_per_row_mobile&quot;:&quot;100%&quot;}\" data-widget_type=\"premium-addon-person.default\">\n\t\t\t\t<div class=\"elementor-widget-container\">\n\t\t\t\t\t\t\t<div class=\"premium-persons-container premium-person-style1 multiple-persons\" data-persons-equal=\"\">\n\t\t\t\t\t\t\t\t<div class=\"premium-person-container premium-person-none-effect\">\n\t\t\t\t\t\t<div class=\"premium-person-image-container\">\n\t\t\t\t\t\t<img fetchpriority=\"high\" decoding=\"async\" width=\"500\" height=\"700\" src=\"https:\/\/boomer.pt\/raiodoblog\/wp-content\/uploads\/2023\/11\/fotos_equipa_0000_SL1_5122.jpg\" class=\"attachment-full size-full wp-image-19974\" alt=\"\" srcset=\"https:\/\/boomer.pt\/raiodoblog\/wp-content\/uploads\/2023\/11\/fotos_equipa_0000_SL1_5122.jpg 500w, https:\/\/boomer.pt\/raiodoblog\/wp-content\/uploads\/2023\/11\/fotos_equipa_0000_SL1_5122-214x300.jpg 214w\" sizes=\"(max-width: 500px) 100vw, 500px\" \/>\t\t\t\t\t\t\t\t\t\t\t\t\t<\/div>\n\t\t\t\t\t\t<div class=\"premium-person-info\">\n\t\t\t\t\t\t\t\t\t\t<div class=\"premium-person-info-container\">\n\t\t\t\t\t\t\t\t\t<h3 class=\"premium-person-name\">Marisa Coutinho<\/h3>\n\t\t\t\t\t\t\t\t\t\t\t<h5 class=\"premium-person-title\">\n\t\t\t\t\t\t\t<span>CEO<\/span>\n\t\t\t\t\t\t<\/h5>\n\t\t\t\t\t\t\t\t<\/div>\n\t\t\t\t\t\t\t\t\t<\/div>\n\t\t\t\t\t<\/div>\n\t\t\t\t\t\t\t<\/div>\n\t\t\t\t\t\t<\/div>\n\t\t\t\t<\/div>\n\t\t\t\t\t<\/div>\n\t\t<\/div>\n\t\t\t\t<div class=\"elementor-column elementor-col-50 elementor-inner-column elementor-element elementor-element-e032613\" data-id=\"e032613\" data-element_type=\"column\" data-e-type=\"column\">\n\t\t\t<div class=\"elementor-widget-wrap elementor-element-populated\">\n\t\t\t\t\t\t<div class=\"elementor-element elementor-element-25002f8 elementor-grid-3 elementor-grid-tablet-2 elementor-grid-mobile-1 elementor-posts--thumbnail-top elementor-card-shadow-yes elementor-posts__hover-gradient elementor-widget elementor-widget-posts\" data-id=\"25002f8\" data-element_type=\"widget\" data-e-type=\"widget\" data-settings=\"{&quot;cards_columns&quot;:&quot;3&quot;,&quot;cards_columns_tablet&quot;:&quot;2&quot;,&quot;cards_columns_mobile&quot;:&quot;1&quot;,&quot;cards_row_gap&quot;:{&quot;unit&quot;:&quot;px&quot;,&quot;size&quot;:35,&quot;sizes&quot;:[]},&quot;cards_row_gap_tablet&quot;:{&quot;unit&quot;:&quot;px&quot;,&quot;size&quot;:&quot;&quot;,&quot;sizes&quot;:[]},&quot;cards_row_gap_mobile&quot;:{&quot;unit&quot;:&quot;px&quot;,&quot;size&quot;:&quot;&quot;,&quot;sizes&quot;:[]}}\" data-widget_type=\"posts.cards\">\n\t\t\t\t<div class=\"elementor-widget-container\">\n\t\t\t\t\t\t\t<div class=\"elementor-posts-container elementor-posts elementor-posts--skin-cards elementor-grid\" role=\"list\">\n\t\t\t\t<article class=\"elementor-post elementor-grid-item post-25950 post type-post status-publish format-standard has-post-thumbnail hentry category-comunicacao category-criatividade category-marketing category-redes-sociais tag-ai tag-marketing\" role=\"listitem\">\n\t\t\t<div class=\"elementor-post__card\">\n\t\t\t\t<a class=\"elementor-post__thumbnail__link\" href=\"https:\/\/boomer.pt\/raiodoblog\/os-7-pecados-mortais-do-marketing-nas-pme\/\" tabindex=\"-1\" target=\"_blank\"><div class=\"elementor-post__thumbnail\"><img decoding=\"async\" width=\"2001\" height=\"1001\" data-src=\"https:\/\/boomer.pt\/raiodoblog\/wp-content\/uploads\/2026\/02\/bannerBlog-1.png\" class=\"attachment-full size-full wp-image-25975 lazyload\" alt=\"\" data-srcset=\"https:\/\/boomer.pt\/raiodoblog\/wp-content\/uploads\/2026\/02\/bannerBlog-1.png 2001w, https:\/\/boomer.pt\/raiodoblog\/wp-content\/uploads\/2026\/02\/bannerBlog-1-300x150.png 300w, https:\/\/boomer.pt\/raiodoblog\/wp-content\/uploads\/2026\/02\/bannerBlog-1-1024x512.png 1024w, https:\/\/boomer.pt\/raiodoblog\/wp-content\/uploads\/2026\/02\/bannerBlog-1-768x384.png 768w, https:\/\/boomer.pt\/raiodoblog\/wp-content\/uploads\/2026\/02\/bannerBlog-1-1536x768.png 1536w\" data-sizes=\"(max-width: 2001px) 100vw, 2001px\" src=\"data:image\/gif;base64,R0lGODlhAQABAAAAACH5BAEKAAEALAAAAAABAAEAAAICTAEAOw==\" style=\"--smush-placeholder-width: 2001px; --smush-placeholder-aspect-ratio: 2001\/1001;\" \/><\/div><\/a>\n\t\t\t\t<div class=\"elementor-post__text\">\n\t\t\t\t<h3 class=\"elementor-post__title\">\n\t\t\t<a href=\"https:\/\/boomer.pt\/raiodoblog\/os-7-pecados-mortais-do-marketing-nas-pme\/\" target=&quot;_blank&quot;>\n\t\t\t\tOs 7 pecados mortais do marketing nas PME\t\t\t<\/a>\n\t\t<\/h3>\n\t\t\t\t<div class=\"elementor-post__excerpt\">\n\t\t\t<p>Se tens uma PME, \u00e9 prov\u00e1vel que j\u00e1 tenhas sentido isto: o marketing \u201cdevia\u201d trazer resultados, mas na pr\u00e1tica vira um loop de urg\u00eancias, ideias soltas e decis\u00f5es em cima do joelho.  O outsourcing de marketing pode ser a diferen\u00e7a entre uma PME crescer com consist\u00eancia\u2026 ou andar em c\u00edrculos a apagar fogos.<\/p>\n\t\t<\/div>\n\t\t\t\t\t<div class=\"elementor-post__read-more-wrapper\">\n\t\t\n\t\t<a class=\"elementor-post__read-more\" href=\"https:\/\/boomer.pt\/raiodoblog\/os-7-pecados-mortais-do-marketing-nas-pme\/\" aria-label=\"Read more about Os 7 pecados mortais do marketing nas PME\" tabindex=\"-1\" target=\"_blank\">\n\t\t\tLER MAIS\t\t<\/a>\n\n\t\t\t\t\t<\/div>\n\t\t\t\t<\/div>\n\t\t\t\t<div class=\"elementor-post__meta-data\">\n\t\t\t\t\t<span class=\"elementor-post-date\">\n\t\t\t5 de February, 2026\t\t<\/span>\n\t\t\t\t<\/div>\n\t\t\t\t\t<\/div>\n\t\t<\/article>\n\t\t\t\t<article class=\"elementor-post elementor-grid-item post-25901 post type-post status-publish format-standard has-post-thumbnail hentry category-comunicacao category-criatividade category-marketing category-redes-sociais tag-ai tag-marketing\" role=\"listitem\">\n\t\t\t<div class=\"elementor-post__card\">\n\t\t\t\t<a class=\"elementor-post__thumbnail__link\" href=\"https:\/\/boomer.pt\/raiodoblog\/5-tendencias-de-marketing-digital-para-2026\/\" tabindex=\"-1\" target=\"_blank\"><div class=\"elementor-post__thumbnail\"><img decoding=\"async\" width=\"2001\" height=\"1001\" data-src=\"https:\/\/boomer.pt\/raiodoblog\/wp-content\/uploads\/2026\/01\/bannerBlog_1.png\" class=\"attachment-full size-full wp-image-25911 lazyload\" alt=\"\" data-srcset=\"https:\/\/boomer.pt\/raiodoblog\/wp-content\/uploads\/2026\/01\/bannerBlog_1.png 2001w, https:\/\/boomer.pt\/raiodoblog\/wp-content\/uploads\/2026\/01\/bannerBlog_1-300x150.png 300w, https:\/\/boomer.pt\/raiodoblog\/wp-content\/uploads\/2026\/01\/bannerBlog_1-1024x512.png 1024w, https:\/\/boomer.pt\/raiodoblog\/wp-content\/uploads\/2026\/01\/bannerBlog_1-768x384.png 768w, https:\/\/boomer.pt\/raiodoblog\/wp-content\/uploads\/2026\/01\/bannerBlog_1-1536x768.png 1536w\" data-sizes=\"(max-width: 2001px) 100vw, 2001px\" src=\"data:image\/gif;base64,R0lGODlhAQABAAAAACH5BAEKAAEALAAAAAABAAEAAAICTAEAOw==\" style=\"--smush-placeholder-width: 2001px; --smush-placeholder-aspect-ratio: 2001\/1001;\" \/><\/div><\/a>\n\t\t\t\t<div class=\"elementor-post__text\">\n\t\t\t\t<h3 class=\"elementor-post__title\">\n\t\t\t<a href=\"https:\/\/boomer.pt\/raiodoblog\/5-tendencias-de-marketing-digital-para-2026\/\" target=&quot;_blank&quot;>\n\t\t\t\t5 Tend\u00eancias de Marketing Digital para 2026\t\t\t<\/a>\n\t\t<\/h3>\n\t\t\t\t<div class=\"elementor-post__excerpt\">\n\t\t\t<p>Com o in\u00edcio de um novo ano, h\u00e1 uma pergunta que aparece em quase todas as conversas com empres\u00e1rios, CEOs e equipas de marketing: \u201conde \u00e9 que devemos investir?\u201d A tenta\u00e7\u00e3o \u00e9 correr atr\u00e1s da \u00faltima \u201ctrend\u201d, da mais recente ferramenta de IA, ou do \u201cGuru\u201d que supostamente te vai tornar rico em 90 dias. <\/p>\n\t\t<\/div>\n\t\t\t\t\t<div class=\"elementor-post__read-more-wrapper\">\n\t\t\n\t\t<a class=\"elementor-post__read-more\" href=\"https:\/\/boomer.pt\/raiodoblog\/5-tendencias-de-marketing-digital-para-2026\/\" aria-label=\"Read more about 5 Tend\u00eancias de Marketing Digital para 2026\" tabindex=\"-1\" target=\"_blank\">\n\t\t\tLER MAIS\t\t<\/a>\n\n\t\t\t\t\t<\/div>\n\t\t\t\t<\/div>\n\t\t\t\t<div class=\"elementor-post__meta-data\">\n\t\t\t\t\t<span class=\"elementor-post-date\">\n\t\t\t20 de January, 2026\t\t<\/span>\n\t\t\t\t<\/div>\n\t\t\t\t\t<\/div>\n\t\t<\/article>\n\t\t\t\t<article class=\"elementor-post elementor-grid-item post-25486 post type-post status-publish format-standard has-post-thumbnail hentry category-ai category-comunicacao category-criatividade category-marketing category-tecnologia tag-ai tag-marketing\" role=\"listitem\">\n\t\t\t<div class=\"elementor-post__card\">\n\t\t\t\t<a class=\"elementor-post__thumbnail__link\" href=\"https:\/\/boomer.pt\/raiodoblog\/o-novo-consumidor-como-a-inteligencia-artificial-esta-a-mudar-as-regras-do-jogo-para-as-marcas\/\" tabindex=\"-1\" target=\"_blank\"><div class=\"elementor-post__thumbnail\"><img decoding=\"async\" width=\"2001\" height=\"1001\" data-src=\"https:\/\/boomer.pt\/raiodoblog\/wp-content\/uploads\/2025\/08\/banner-blog-2.png\" class=\"attachment-full size-full wp-image-25483 lazyload\" alt=\"\" data-srcset=\"https:\/\/boomer.pt\/raiodoblog\/wp-content\/uploads\/2025\/08\/banner-blog-2.png 2001w, https:\/\/boomer.pt\/raiodoblog\/wp-content\/uploads\/2025\/08\/banner-blog-2-300x150.png 300w, https:\/\/boomer.pt\/raiodoblog\/wp-content\/uploads\/2025\/08\/banner-blog-2-1024x512.png 1024w, https:\/\/boomer.pt\/raiodoblog\/wp-content\/uploads\/2025\/08\/banner-blog-2-768x384.png 768w, https:\/\/boomer.pt\/raiodoblog\/wp-content\/uploads\/2025\/08\/banner-blog-2-1536x768.png 1536w\" data-sizes=\"(max-width: 2001px) 100vw, 2001px\" src=\"data:image\/gif;base64,R0lGODlhAQABAAAAACH5BAEKAAEALAAAAAABAAEAAAICTAEAOw==\" style=\"--smush-placeholder-width: 2001px; --smush-placeholder-aspect-ratio: 2001\/1001;\" \/><\/div><\/a>\n\t\t\t\t<div class=\"elementor-post__text\">\n\t\t\t\t<h3 class=\"elementor-post__title\">\n\t\t\t<a href=\"https:\/\/boomer.pt\/raiodoblog\/o-novo-consumidor-como-a-inteligencia-artificial-esta-a-mudar-as-regras-do-jogo-para-as-marcas\/\" target=&quot;_blank&quot;>\n\t\t\t\tO Novo Consumidor: como a Intelig\u00eancia Artificial est\u00e1 a mudar as regras do jogo para as marcas\t\t\t<\/a>\n\t\t<\/h3>\n\t\t\t\t<div class=\"elementor-post__excerpt\">\n\t\t\t<p>A Intelig\u00eancia Artificial est\u00e1 a mudar as regras do jogo: consumidores exigem relev\u00e2ncia, autenticidade e experi\u00eancias personalizadas, obrigando as marcas a repensarem o marketing.<\/p>\n\t\t<\/div>\n\t\t\t\t\t<div class=\"elementor-post__read-more-wrapper\">\n\t\t\n\t\t<a class=\"elementor-post__read-more\" href=\"https:\/\/boomer.pt\/raiodoblog\/o-novo-consumidor-como-a-inteligencia-artificial-esta-a-mudar-as-regras-do-jogo-para-as-marcas\/\" aria-label=\"Read more about O Novo Consumidor: como a Intelig\u00eancia Artificial est\u00e1 a mudar as regras do jogo para as marcas\" tabindex=\"-1\" target=\"_blank\">\n\t\t\tLER MAIS\t\t<\/a>\n\n\t\t\t\t\t<\/div>\n\t\t\t\t<\/div>\n\t\t\t\t<div class=\"elementor-post__meta-data\">\n\t\t\t\t\t<span class=\"elementor-post-date\">\n\t\t\t16 de January, 2026\t\t<\/span>\n\t\t\t\t<\/div>\n\t\t\t\t\t<\/div>\n\t\t<\/article>\n\t\t\t\t<\/div>\n\t\t\n\t\t\t\t\t\t<\/div>\n\t\t\t\t<\/div>\n\t\t\t\t\t<\/div>\n\t\t<\/div>\n\t\t\t\t\t<\/div>\n\t\t<\/section>\n\t\t\t\t\t<\/div>\n\t\t<\/div>\n\t\t\t\t\t<\/div>\n\t\t<\/section>\n\t\t\t\t<\/div>\n\t\t\t\t<\/div>\n\t\t\t\t\t\t<\/div>\n\t\t\t\t<\/div>\n\t\t\t\t\t<\/div>\n\t\t<\/div>\n\t\t\t\t\t<\/div>\n\t\t<\/section>\n\t\t\t\t<\/div>\n\t\t","protected":false},"excerpt":{"rendered":"<p>\u00c9 ineg\u00e1vel que as a\u00e7\u00f5es de marketing pessoal ou personal branding, como \u00e9 designado em ingl\u00eas, s\u00e3o extremamente importantes para todos os profissionais e para os seus objetivos.<br \/>\nReunimos neste artigo os 5 principais Passos para pores em pr\u00e1tica a tua estrat\u00e9gia de Marketing Pessoal. <\/p>\n","protected":false},"author":3,"featured_media":24950,"comment_status":"open","ping_status":"open","sticky":false,"template":"elementor_theme","format":"standard","meta":{"footnotes":""},"categories":[127,463,99,129,125],"tags":[197,140,154,139,199,200],"class_list":["post-16720","post","type-post","status-publish","format-standard","has-post-thumbnail","hentry","category-comunicacao","category-inteligencia-emocional","category-marketing","category-produtividade","category-redes-sociais","tag-boomer","tag-branding","tag-design","tag-marca","tag-marketing","tag-marketing-pessoal"],"yoast_head":"<!-- This site is optimized with the Yoast SEO plugin v24.7 - https:\/\/yoast.com\/wordpress\/plugins\/seo\/ -->\n<title>Marketing Pessoal: Como constru\u00edres a tua marca em 5 passos - BOOMER<\/title>\n<meta name=\"description\" content=\"O Marketing Pessoal consiste num conjunto de estrat\u00e9gias cujo objetivo \u00e9 criar uma perce\u00e7\u00e3o positiva acerca de uma pessoa ou profissional...\" \/>\n<meta name=\"robots\" content=\"index, follow, max-snippet:-1, max-image-preview:large, max-video-preview:-1\" \/>\n<link rel=\"canonical\" href=\"https:\/\/boomer.pt\/raiodoblog\/marketing-pessoal-como-construires-a-tua-marca-em-5-passos\/\" \/>\n<meta property=\"og:locale\" content=\"en_US\" \/>\n<meta property=\"og:type\" content=\"article\" \/>\n<meta property=\"og:title\" content=\"Marketing Pessoal: Como constru\u00edres a tua marca em 5 passos - BOOMER\" \/>\n<meta property=\"og:description\" content=\"O Marketing Pessoal consiste num conjunto de estrat\u00e9gias cujo objetivo \u00e9 criar uma perce\u00e7\u00e3o positiva acerca de uma pessoa ou profissional...\" \/>\n<meta property=\"og:url\" content=\"https:\/\/boomer.pt\/raiodoblog\/marketing-pessoal-como-construires-a-tua-marca-em-5-passos\/\" \/>\n<meta property=\"og:site_name\" content=\"BOOMER\" \/>\n<meta property=\"article:publisher\" content=\"https:\/\/www.facebook.com\/boomer.pt\" \/>\n<meta property=\"article:published_time\" content=\"2022-11-18T11:08:49+00:00\" \/>\n<meta property=\"og:image\" content=\"https:\/\/boomer.pt\/raiodoblog\/wp-content\/uploads\/2023\/07\/banner-blog.png\" \/>\n\t<meta property=\"og:image:width\" content=\"2001\" \/>\n\t<meta property=\"og:image:height\" content=\"1001\" \/>\n\t<meta property=\"og:image:type\" content=\"image\/png\" \/>\n<meta name=\"author\" content=\"Marisa Coutinho\" \/>\n<meta name=\"twitter:card\" content=\"summary_large_image\" \/>\n<meta name=\"twitter:label1\" content=\"Written by\" \/>\n\t<meta name=\"twitter:data1\" content=\"Marisa Coutinho\" \/>\n\t<meta name=\"twitter:label2\" content=\"Est. reading time\" \/>\n\t<meta name=\"twitter:data2\" content=\"7 minutes\" \/>\n<script type=\"application\/ld+json\" class=\"yoast-schema-graph\">{\"@context\":\"https:\/\/schema.org\",\"@graph\":[{\"@type\":\"Article\",\"@id\":\"https:\/\/boomer.pt\/raiodoblog\/marketing-pessoal-como-construires-a-tua-marca-em-5-passos\/#article\",\"isPartOf\":{\"@id\":\"https:\/\/boomer.pt\/raiodoblog\/marketing-pessoal-como-construires-a-tua-marca-em-5-passos\/\"},\"author\":{\"name\":\"Marisa Coutinho\",\"@id\":\"https:\/\/boomer.pt\/raiodoblog\/#\/schema\/person\/7efcf9ae8dfff8ebc59d1d12760c44a4\"},\"headline\":\"Marketing Pessoal: Como constru\u00edres a tua marca em 5 passos\",\"datePublished\":\"2022-11-18T11:08:49+00:00\",\"mainEntityOfPage\":{\"@id\":\"https:\/\/boomer.pt\/raiodoblog\/marketing-pessoal-como-construires-a-tua-marca-em-5-passos\/\"},\"wordCount\":1099,\"commentCount\":0,\"publisher\":{\"@id\":\"https:\/\/boomer.pt\/raiodoblog\/#organization\"},\"image\":{\"@id\":\"https:\/\/boomer.pt\/raiodoblog\/marketing-pessoal-como-construires-a-tua-marca-em-5-passos\/#primaryimage\"},\"thumbnailUrl\":\"https:\/\/boomer.pt\/raiodoblog\/wp-content\/uploads\/2023\/07\/banner-blog.png\",\"keywords\":[\"Boomer\",\"branding\",\"design\",\"marca\",\"Marketing\",\"Marketing Pessoal\"],\"articleSection\":[\"Comunica\u00e7\u00e3o\",\"Intelig\u00eancia Emocional\",\"Marketing Digital\",\"Produtividade\",\"Redes Sociais\"],\"inLanguage\":\"en-US\",\"potentialAction\":[{\"@type\":\"CommentAction\",\"name\":\"Comment\",\"target\":[\"https:\/\/boomer.pt\/raiodoblog\/marketing-pessoal-como-construires-a-tua-marca-em-5-passos\/#respond\"]}]},{\"@type\":\"WebPage\",\"@id\":\"https:\/\/boomer.pt\/raiodoblog\/marketing-pessoal-como-construires-a-tua-marca-em-5-passos\/\",\"url\":\"https:\/\/boomer.pt\/raiodoblog\/marketing-pessoal-como-construires-a-tua-marca-em-5-passos\/\",\"name\":\"Marketing Pessoal: Como constru\u00edres a tua marca em 5 passos - BOOMER\",\"isPartOf\":{\"@id\":\"https:\/\/boomer.pt\/raiodoblog\/#website\"},\"primaryImageOfPage\":{\"@id\":\"https:\/\/boomer.pt\/raiodoblog\/marketing-pessoal-como-construires-a-tua-marca-em-5-passos\/#primaryimage\"},\"image\":{\"@id\":\"https:\/\/boomer.pt\/raiodoblog\/marketing-pessoal-como-construires-a-tua-marca-em-5-passos\/#primaryimage\"},\"thumbnailUrl\":\"https:\/\/boomer.pt\/raiodoblog\/wp-content\/uploads\/2023\/07\/banner-blog.png\",\"datePublished\":\"2022-11-18T11:08:49+00:00\",\"description\":\"O Marketing Pessoal consiste num conjunto de estrat\u00e9gias cujo objetivo \u00e9 criar uma perce\u00e7\u00e3o positiva acerca de uma pessoa ou profissional...\",\"breadcrumb\":{\"@id\":\"https:\/\/boomer.pt\/raiodoblog\/marketing-pessoal-como-construires-a-tua-marca-em-5-passos\/#breadcrumb\"},\"inLanguage\":\"en-US\",\"potentialAction\":[{\"@type\":\"ReadAction\",\"target\":[\"https:\/\/boomer.pt\/raiodoblog\/marketing-pessoal-como-construires-a-tua-marca-em-5-passos\/\"]}]},{\"@type\":\"ImageObject\",\"inLanguage\":\"en-US\",\"@id\":\"https:\/\/boomer.pt\/raiodoblog\/marketing-pessoal-como-construires-a-tua-marca-em-5-passos\/#primaryimage\",\"url\":\"https:\/\/boomer.pt\/raiodoblog\/wp-content\/uploads\/2023\/07\/banner-blog.png\",\"contentUrl\":\"https:\/\/boomer.pt\/raiodoblog\/wp-content\/uploads\/2023\/07\/banner-blog.png\",\"width\":2001,\"height\":1001,\"caption\":\"Marketing Pessoal\"},{\"@type\":\"BreadcrumbList\",\"@id\":\"https:\/\/boomer.pt\/raiodoblog\/marketing-pessoal-como-construires-a-tua-marca-em-5-passos\/#breadcrumb\",\"itemListElement\":[{\"@type\":\"ListItem\",\"position\":1,\"name\":\"In\u00edcio\",\"item\":\"https:\/\/boomer.pt\/raiodoblog\/\"},{\"@type\":\"ListItem\",\"position\":2,\"name\":\"Marketing Pessoal: Como constru\u00edres a tua marca em 5 passos\"}]},{\"@type\":\"WebSite\",\"@id\":\"https:\/\/boomer.pt\/raiodoblog\/#website\",\"url\":\"https:\/\/boomer.pt\/raiodoblog\/\",\"name\":\"BOOMER\",\"description\":\"Brand &amp; Digital Agency\",\"publisher\":{\"@id\":\"https:\/\/boomer.pt\/raiodoblog\/#organization\"},\"potentialAction\":[{\"@type\":\"SearchAction\",\"target\":{\"@type\":\"EntryPoint\",\"urlTemplate\":\"https:\/\/boomer.pt\/raiodoblog\/?s={search_term_string}\"},\"query-input\":{\"@type\":\"PropertyValueSpecification\",\"valueRequired\":true,\"valueName\":\"search_term_string\"}}],\"inLanguage\":\"en-US\"},{\"@type\":\"Organization\",\"@id\":\"https:\/\/boomer.pt\/raiodoblog\/#organization\",\"name\":\"BOOMER\",\"url\":\"https:\/\/boomer.pt\/raiodoblog\/\",\"logo\":{\"@type\":\"ImageObject\",\"inLanguage\":\"en-US\",\"@id\":\"https:\/\/boomer.pt\/raiodoblog\/#\/schema\/logo\/image\/\",\"url\":\"https:\/\/boomer.pt\/raiodoblog\/wp-content\/uploads\/2022\/10\/BoomerLogo-2.svg\",\"contentUrl\":\"https:\/\/boomer.pt\/raiodoblog\/wp-content\/uploads\/2022\/10\/BoomerLogo-2.svg\",\"width\":154,\"height\":40,\"caption\":\"BOOMER\"},\"image\":{\"@id\":\"https:\/\/boomer.pt\/raiodoblog\/#\/schema\/logo\/image\/\"},\"sameAs\":[\"https:\/\/www.facebook.com\/boomer.pt\",\"https:\/\/www.instagram.com\/boomerpt\/\",\"https:\/\/www.linkedin.com\/company\/2641069\/admin\/\",\"https:\/\/www.youtube.com\/channel\/UCJ4-FswWDdO5i1UVdIUqtGw\/feed\",\"https:\/\/www.behance.net\/boomer_pt\"]},{\"@type\":\"Person\",\"@id\":\"https:\/\/boomer.pt\/raiodoblog\/#\/schema\/person\/7efcf9ae8dfff8ebc59d1d12760c44a4\",\"name\":\"Marisa Coutinho\",\"image\":{\"@type\":\"ImageObject\",\"inLanguage\":\"en-US\",\"@id\":\"https:\/\/boomer.pt\/raiodoblog\/#\/schema\/person\/image\/\",\"url\":\"https:\/\/secure.gravatar.com\/avatar\/949b4c60ecbf3a073e06b82488b1706bb8a003dca80cb9a6c464bf41e2b5c4a5?s=96&d=mm&r=g\",\"contentUrl\":\"https:\/\/secure.gravatar.com\/avatar\/949b4c60ecbf3a073e06b82488b1706bb8a003dca80cb9a6c464bf41e2b5c4a5?s=96&d=mm&r=g\",\"caption\":\"Marisa Coutinho\"},\"description\":\"CEO\",\"url\":\"https:\/\/boomer.pt\/raiodoblog\/author\/marisa-coutinho\/\"}]}<\/script>\n<!-- \/ Yoast SEO plugin. -->","yoast_head_json":{"title":"Marketing Pessoal: Como constru\u00edres a tua marca em 5 passos - BOOMER","description":"O Marketing Pessoal consiste num conjunto de estrat\u00e9gias cujo objetivo \u00e9 criar uma perce\u00e7\u00e3o positiva acerca de uma pessoa ou profissional...","robots":{"index":"index","follow":"follow","max-snippet":"max-snippet:-1","max-image-preview":"max-image-preview:large","max-video-preview":"max-video-preview:-1"},"canonical":"https:\/\/boomer.pt\/raiodoblog\/marketing-pessoal-como-construires-a-tua-marca-em-5-passos\/","og_locale":"en_US","og_type":"article","og_title":"Marketing Pessoal: Como constru\u00edres a tua marca em 5 passos - BOOMER","og_description":"O Marketing Pessoal consiste num conjunto de estrat\u00e9gias cujo objetivo \u00e9 criar uma perce\u00e7\u00e3o positiva acerca de uma pessoa ou profissional...","og_url":"https:\/\/boomer.pt\/raiodoblog\/marketing-pessoal-como-construires-a-tua-marca-em-5-passos\/","og_site_name":"BOOMER","article_publisher":"https:\/\/www.facebook.com\/boomer.pt","article_published_time":"2022-11-18T11:08:49+00:00","og_image":[{"width":2001,"height":1001,"url":"https:\/\/boomer.pt\/raiodoblog\/wp-content\/uploads\/2023\/07\/banner-blog.png","type":"image\/png"}],"author":"Marisa Coutinho","twitter_card":"summary_large_image","twitter_misc":{"Written by":"Marisa Coutinho","Est. reading time":"7 minutes"},"schema":{"@context":"https:\/\/schema.org","@graph":[{"@type":"Article","@id":"https:\/\/boomer.pt\/raiodoblog\/marketing-pessoal-como-construires-a-tua-marca-em-5-passos\/#article","isPartOf":{"@id":"https:\/\/boomer.pt\/raiodoblog\/marketing-pessoal-como-construires-a-tua-marca-em-5-passos\/"},"author":{"name":"Marisa Coutinho","@id":"https:\/\/boomer.pt\/raiodoblog\/#\/schema\/person\/7efcf9ae8dfff8ebc59d1d12760c44a4"},"headline":"Marketing Pessoal: Como constru\u00edres a tua marca em 5 passos","datePublished":"2022-11-18T11:08:49+00:00","mainEntityOfPage":{"@id":"https:\/\/boomer.pt\/raiodoblog\/marketing-pessoal-como-construires-a-tua-marca-em-5-passos\/"},"wordCount":1099,"commentCount":0,"publisher":{"@id":"https:\/\/boomer.pt\/raiodoblog\/#organization"},"image":{"@id":"https:\/\/boomer.pt\/raiodoblog\/marketing-pessoal-como-construires-a-tua-marca-em-5-passos\/#primaryimage"},"thumbnailUrl":"https:\/\/boomer.pt\/raiodoblog\/wp-content\/uploads\/2023\/07\/banner-blog.png","keywords":["Boomer","branding","design","marca","Marketing","Marketing Pessoal"],"articleSection":["Comunica\u00e7\u00e3o","Intelig\u00eancia Emocional","Marketing Digital","Produtividade","Redes Sociais"],"inLanguage":"en-US","potentialAction":[{"@type":"CommentAction","name":"Comment","target":["https:\/\/boomer.pt\/raiodoblog\/marketing-pessoal-como-construires-a-tua-marca-em-5-passos\/#respond"]}]},{"@type":"WebPage","@id":"https:\/\/boomer.pt\/raiodoblog\/marketing-pessoal-como-construires-a-tua-marca-em-5-passos\/","url":"https:\/\/boomer.pt\/raiodoblog\/marketing-pessoal-como-construires-a-tua-marca-em-5-passos\/","name":"Marketing Pessoal: Como constru\u00edres a tua marca em 5 passos - BOOMER","isPartOf":{"@id":"https:\/\/boomer.pt\/raiodoblog\/#website"},"primaryImageOfPage":{"@id":"https:\/\/boomer.pt\/raiodoblog\/marketing-pessoal-como-construires-a-tua-marca-em-5-passos\/#primaryimage"},"image":{"@id":"https:\/\/boomer.pt\/raiodoblog\/marketing-pessoal-como-construires-a-tua-marca-em-5-passos\/#primaryimage"},"thumbnailUrl":"https:\/\/boomer.pt\/raiodoblog\/wp-content\/uploads\/2023\/07\/banner-blog.png","datePublished":"2022-11-18T11:08:49+00:00","description":"O Marketing Pessoal consiste num conjunto de estrat\u00e9gias cujo objetivo \u00e9 criar uma perce\u00e7\u00e3o positiva acerca de uma pessoa ou profissional...","breadcrumb":{"@id":"https:\/\/boomer.pt\/raiodoblog\/marketing-pessoal-como-construires-a-tua-marca-em-5-passos\/#breadcrumb"},"inLanguage":"en-US","potentialAction":[{"@type":"ReadAction","target":["https:\/\/boomer.pt\/raiodoblog\/marketing-pessoal-como-construires-a-tua-marca-em-5-passos\/"]}]},{"@type":"ImageObject","inLanguage":"en-US","@id":"https:\/\/boomer.pt\/raiodoblog\/marketing-pessoal-como-construires-a-tua-marca-em-5-passos\/#primaryimage","url":"https:\/\/boomer.pt\/raiodoblog\/wp-content\/uploads\/2023\/07\/banner-blog.png","contentUrl":"https:\/\/boomer.pt\/raiodoblog\/wp-content\/uploads\/2023\/07\/banner-blog.png","width":2001,"height":1001,"caption":"Marketing Pessoal"},{"@type":"BreadcrumbList","@id":"https:\/\/boomer.pt\/raiodoblog\/marketing-pessoal-como-construires-a-tua-marca-em-5-passos\/#breadcrumb","itemListElement":[{"@type":"ListItem","position":1,"name":"In\u00edcio","item":"https:\/\/boomer.pt\/raiodoblog\/"},{"@type":"ListItem","position":2,"name":"Marketing Pessoal: Como constru\u00edres a tua marca em 5 passos"}]},{"@type":"WebSite","@id":"https:\/\/boomer.pt\/raiodoblog\/#website","url":"https:\/\/boomer.pt\/raiodoblog\/","name":"BOOMER","description":"Brand &amp; Digital Agency","publisher":{"@id":"https:\/\/boomer.pt\/raiodoblog\/#organization"},"potentialAction":[{"@type":"SearchAction","target":{"@type":"EntryPoint","urlTemplate":"https:\/\/boomer.pt\/raiodoblog\/?s={search_term_string}"},"query-input":{"@type":"PropertyValueSpecification","valueRequired":true,"valueName":"search_term_string"}}],"inLanguage":"en-US"},{"@type":"Organization","@id":"https:\/\/boomer.pt\/raiodoblog\/#organization","name":"BOOMER","url":"https:\/\/boomer.pt\/raiodoblog\/","logo":{"@type":"ImageObject","inLanguage":"en-US","@id":"https:\/\/boomer.pt\/raiodoblog\/#\/schema\/logo\/image\/","url":"https:\/\/boomer.pt\/raiodoblog\/wp-content\/uploads\/2022\/10\/BoomerLogo-2.svg","contentUrl":"https:\/\/boomer.pt\/raiodoblog\/wp-content\/uploads\/2022\/10\/BoomerLogo-2.svg","width":154,"height":40,"caption":"BOOMER"},"image":{"@id":"https:\/\/boomer.pt\/raiodoblog\/#\/schema\/logo\/image\/"},"sameAs":["https:\/\/www.facebook.com\/boomer.pt","https:\/\/www.instagram.com\/boomerpt\/","https:\/\/www.linkedin.com\/company\/2641069\/admin\/","https:\/\/www.youtube.com\/channel\/UCJ4-FswWDdO5i1UVdIUqtGw\/feed","https:\/\/www.behance.net\/boomer_pt"]},{"@type":"Person","@id":"https:\/\/boomer.pt\/raiodoblog\/#\/schema\/person\/7efcf9ae8dfff8ebc59d1d12760c44a4","name":"Marisa Coutinho","image":{"@type":"ImageObject","inLanguage":"en-US","@id":"https:\/\/boomer.pt\/raiodoblog\/#\/schema\/person\/image\/","url":"https:\/\/secure.gravatar.com\/avatar\/949b4c60ecbf3a073e06b82488b1706bb8a003dca80cb9a6c464bf41e2b5c4a5?s=96&d=mm&r=g","contentUrl":"https:\/\/secure.gravatar.com\/avatar\/949b4c60ecbf3a073e06b82488b1706bb8a003dca80cb9a6c464bf41e2b5c4a5?s=96&d=mm&r=g","caption":"Marisa Coutinho"},"description":"CEO","url":"https:\/\/boomer.pt\/raiodoblog\/author\/marisa-coutinho\/"}]}},"_links":{"self":[{"href":"https:\/\/boomer.pt\/raiodoblog\/wp-json\/wp\/v2\/posts\/16720","targetHints":{"allow":["GET"]}}],"collection":[{"href":"https:\/\/boomer.pt\/raiodoblog\/wp-json\/wp\/v2\/posts"}],"about":[{"href":"https:\/\/boomer.pt\/raiodoblog\/wp-json\/wp\/v2\/types\/post"}],"author":[{"embeddable":true,"href":"https:\/\/boomer.pt\/raiodoblog\/wp-json\/wp\/v2\/users\/3"}],"replies":[{"embeddable":true,"href":"https:\/\/boomer.pt\/raiodoblog\/wp-json\/wp\/v2\/comments?post=16720"}],"version-history":[{"count":9,"href":"https:\/\/boomer.pt\/raiodoblog\/wp-json\/wp\/v2\/posts\/16720\/revisions"}],"predecessor-version":[{"id":24960,"href":"https:\/\/boomer.pt\/raiodoblog\/wp-json\/wp\/v2\/posts\/16720\/revisions\/24960"}],"wp:featuredmedia":[{"embeddable":true,"href":"https:\/\/boomer.pt\/raiodoblog\/wp-json\/wp\/v2\/media\/24950"}],"wp:attachment":[{"href":"https:\/\/boomer.pt\/raiodoblog\/wp-json\/wp\/v2\/media?parent=16720"}],"wp:term":[{"taxonomy":"category","embeddable":true,"href":"https:\/\/boomer.pt\/raiodoblog\/wp-json\/wp\/v2\/categories?post=16720"},{"taxonomy":"post_tag","embeddable":true,"href":"https:\/\/boomer.pt\/raiodoblog\/wp-json\/wp\/v2\/tags?post=16720"}],"curies":[{"name":"wp","href":"https:\/\/api.w.org\/{rel}","templated":true}]}}